{"id":9979,"date":"2025-06-13T06:53:34","date_gmt":"2025-06-13T04:53:34","guid":{"rendered":"https:\/\/nuestrocarisma.org\/?p=9979"},"modified":"2025-06-13T07:37:16","modified_gmt":"2025-06-13T05:37:16","slug":"textos-propios-para-la-misa-de-san-eliseo-profeta","status":"publish","type":"post","link":"https:\/\/nuestrocarisma.org\/index.php\/2025\/06\/13\/textos-propios-para-la-misa-de-san-eliseo-profeta\/","title":{"rendered":"Textos propios para la misa de San Eliseo, profeta"},"content":{"rendered":"\t\t<div data-elementor-type=\"wp-post\" data-elementor-id=\"9979\" class=\"elementor elementor-9979\" data-elementor-post-type=\"post\">\n\t\t\t\t\t\t<section class=\"elementor-section elementor-top-section elementor-element elementor-element-26ae95b elementor-section-boxed elementor-section-height-default elementor-section-height-default\" data-id=\"26ae95b\" data-element_type=\"section\" data-e-type=\"section\">\n\t\t\t\t\t\t<div class=\"elementor-container elementor-column-gap-default\">\n\t\t\t\t\t<div class=\"elementor-column elementor-col-100 elementor-top-column elementor-element elementor-element-53e2729\" data-id=\"53e2729\" data-element_type=\"column\" data-e-type=\"column\">\n\t\t\t<div class=\"elementor-widget-wrap elementor-element-populated\">\n\t\t\t\t\t\t<div class=\"elementor-element elementor-element-028daee elementor-align-center elementor-widget elementor-widget-button\" data-id=\"028daee\" data-element_type=\"widget\" data-e-type=\"widget\" data-widget_type=\"button.default\">\n\t\t\t\t<div class=\"elementor-widget-container\">\n\t\t\t\t\t\t\t\t\t<div class=\"elementor-button-wrapper\">\n\t\t\t\t\t<a class=\"elementor-button elementor-button-link elementor-size-sm\" href=\"https:\/\/nuestrocarisma.org\/wp-content\/uploads\/2025\/06\/JUNE-13-LITURGIA-Textos-propios-para-la-misa-de-San-Eliseo-.pdf\" target=\"_blank\">\n\t\t\t\t\t\t<span class=\"elementor-button-content-wrapper\">\n\t\t\t\t\t\t\t\t\t<span class=\"elementor-button-text\">Download PDF<\/span>\n\t\t\t\t\t<\/span>\n\t\t\t\t\t<\/a>\n\t\t\t\t<\/div>\n\t\t\t\t\t\t\t\t<\/div>\n\t\t\t\t<\/div>\n\t\t\t\t\t<\/div>\n\t\t<\/div>\n\t\t\t\t\t<\/div>\n\t\t<\/section>\n\t\t\t\t<section class=\"elementor-section elementor-top-section elementor-element elementor-element-729f7c7 elementor-section-boxed elementor-section-height-default elementor-section-height-default\" data-id=\"729f7c7\" data-element_type=\"section\" data-e-type=\"section\">\n\t\t\t\t\t\t<div class=\"elementor-container elementor-column-gap-default\">\n\t\t\t\t\t<div class=\"elementor-column elementor-col-100 elementor-top-column elementor-element elementor-element-a515d52\" data-id=\"a515d52\" data-element_type=\"column\" data-e-type=\"column\">\n\t\t\t<div class=\"elementor-widget-wrap elementor-element-populated\">\n\t\t\t\t\t\t<div class=\"elementor-element elementor-element-cbe3243 elementor-widget elementor-widget-text-editor\" data-id=\"cbe3243\" data-element_type=\"widget\" data-e-type=\"widget\" data-widget_type=\"text-editor.default\">\n\t\t\t\t<div class=\"elementor-widget-container\">\n\t\t\t\t\t\t\t\t\t<h4 style=\"text-align: center;\"><strong>Santo Patrono del IVE <\/strong><\/h4><h4>\u00a0<\/h4><h3 style=\"text-align: center;\"><strong>Textos propios para la Misa de<\/strong><\/h3><h3 style=\"text-align: center;\"><strong>San Eliseo, profeta<\/strong><\/h3><p style=\"text-align: center;\"><em>14 de junio<\/em><\/p><h5><strong>Ritos Iniciales<\/strong><\/h5><p>Canto de entrada<\/p><p><span style=\"color: #ff0000;\">1. Reunido el pueblo, el sacerdote se dirige al altar, con los ministros, mientras se entona<\/span><br \/><span style=\"color: #ff0000;\">el canto de entrada.<\/span><\/p><p><span style=\"color: #ff0000;\">Ant\u00edfona de entrada<\/span><br \/>Dijo Eliseo a El\u00edas<br \/>El esp\u00edritu de El\u00edas se ha posado sobre Eliseo. (<em><span style=\"color: #ff0000;\">T.P<\/span>. <\/em>Aleluya). <span style=\"color: #ff0000;\">2 Re 2, 9b.15<\/span><\/p><p>Oraci\u00f3n colecta<br \/><span style=\"color: #ff0000;\">9. Acabado el himno, el sacerdote, con las manos juntas, dice:<\/span><\/p><p>Oremos.<br \/><span style=\"color: #ff0000;\">Y todos, junto con el sacerdote, oran en silencio durante un breve espacio de tiempo.<\/span><br \/><span style=\"color: #ff0000;\">Entonces el sacerdote, con las manos extendidas, dice la oraci\u00f3n colecta.<\/span><\/p><p>Oh Dios misericordioso,<br \/>que hiciste descender sobre el profeta Eliseo<br \/>el esp\u00edritu de El\u00edas,<br \/>conc\u00e9denos, por el don de tu Esp\u00edritu,<br \/>la fuerza que nos lleve a la santidad.<br \/>Por nuestro Se\u00f1or Jesucristo, tu Hijo,<br \/>que vive y reina contigo<br \/>en la unidad del Esp\u00edritu Santo y es Dios<br \/>por los siglos de los siglos.<\/p><p><span style=\"color: #ff0000;\">Al final de la cual, el pueblo aclama:<\/span><br \/><strong>Am\u00e9n.<\/strong><\/p><h5><strong>Liturgia de la Palabra<\/strong><\/h5><p><span style=\"color: #ff0000;\"><strong>Primera lectura<\/strong><\/span><br \/>Lectura del segundo Libro de los Reyes \u00a0\u00a0\u00a0\u00a0\u00a0\u00a0\u00a0\u00a0\u00a0\u00a0\u00a0\u00a0\u00a0\u00a0\u00a0\u00a0\u00a0\u00a0\u00a0\u00a0\u00a0\u00a0\u00a0\u00a0\u00a0\u00a0\u00a0\u00a0\u00a0\u00a0 <span style=\"color: #ff0000;\">2 Re 5, 7a.8-15a.17b<\/span><br \/><span style=\"color: #ff0000;\"><em>Dijo Eliseo: que venga a m\u00ed y sabr\u00e1 que hay un profeta en Israel<\/em><\/span><\/p><p>Cuando el rey de Israel ley\u00f3 la carta, rasg\u00f3 sus vestiduras, diciendo: \u00ab\u00bfSoy yo Dios para repartir vida y muerte? Pues me encarga nada menos que curar a un hombre de su lepra. Eliseo, el hombre de Dios, oy\u00f3 que el rey de Israel hab\u00eda rasgado sus vestiduras y mand\u00f3 a que le dijeran: \u00ab\u00bfPor qu\u00e9 has rasgado tus vestiduras? Que venga a m\u00ed y sabr\u00e1 que hay un profeta en Israel\u00bb.<\/p><p>Lleg\u00f3 Naam\u00e1n con sus carros y caballos y se detuvo a la entrada de la casa de Eliseo. Envi\u00f3 este un mensajero a decirle: \u00abVe y l\u00e1vate siete veces en el Jord\u00e1n. Tu carne renacer\u00e1 y quedar\u00e1s limpio\u00bb. Naam\u00e1n se puso furioso y se march\u00f3 diciendo: \u00abYo me hab\u00eda dicho: \u201cSaldr\u00e1 seguramente a mi encuentro, se detendr\u00e1, invocar\u00e1 el nombre de su Dios, frotar\u00e1 con su mano mi parte enferma y sanar\u00e9 de la lepra\u201d. El Aban\u00e1 y el Farfar, los r\u00edos de Damasco, \u00bfno son mejores que todas las aguas de Israel? Podr\u00eda ba\u00f1arme en ellos y quedar limpio\u00bb. D\u00e1ndose la vuelta, se march\u00f3 furioso. Sus servidores se le acercaron para decirle: \u00abPadre m\u00edo, si el profeta te hubiese mandado una cosa dif\u00edcil, \u00bfno lo habr\u00edas hecho? \u00a1Cu\u00e1nto m\u00e1s si te ha dicho: \u201cL\u00e1vate y quedar\u00e1s limpio\u201d!\u00bb.<\/p><p>Baj\u00f3, pues, y se ba\u00f1\u00f3 en el Jord\u00e1n siete veces, conforme a la palabra del hombre de Dios. Y su carne volvi\u00f3 a ser como la de un ni\u00f1o peque\u00f1o: qued\u00f3 limpio. Naam\u00e1n y toda su comitiva regresaron al lugar donde se encontraba el hombre de Dios. Al llegar, se detuvo ante \u00e9l exclamando: \u00abAhora conozco que no hay en toda la tierra otro Dios que el de Israel. Recibe, pues, un presente de tu siervo\u00bb. Pero Eliseo respondi\u00f3: \u00abVive el Se\u00f1or ante quien sirvo, que no he de aceptar nada\u00bb. Y le insisti\u00f3 en que aceptase, pero \u00e9l rehus\u00f3. Naam\u00e1n dijo entonces: \u00abQue al menos le den a tu siervo tierra del pa\u00eds, la carga de un par de mulos, porque tu servidor no ofrecer\u00e1 ya holocausto ni sacrificio a otros dioses m\u00e1s que al Se\u00f1or.<br \/>Palabra de Dios.<\/p><p><span style=\"color: #ff0000;\">O bien:<\/span><\/p><p>Lectura del segundo Libro de los Reyes \u00a0\u00a0\u00a0\u00a0\u00a0\u00a0\u00a0\u00a0\u00a0\u00a0\u00a0\u00a0\u00a0\u00a0\u00a0\u00a0\u00a0\u00a0\u00a0 <span style=\"color: #ff0000;\">2 Re 2, 11-15b<\/span><br \/><span style=\"color: #ff0000;\"><em>El esp\u00edritu de El\u00edas se ha posado sobre Eliseo<\/em><\/span><\/p><p>Mientras ellos iban conversando por el camino, de pronto, un carro de fuego con caballos de fuego los separ\u00f3 a uno del otro. Subi\u00f3 El\u00edas al cielo en la tempestad. Eliseo lo ve\u00eda y clamaba: \u00ab\u00a1Padre m\u00edo, padre m\u00edo! \u00a1Carros y caballer\u00eda de Israel!\u00bb. Al dejar de verlo, agarr\u00f3 sus vestidos y los desgarr\u00f3 en dos. Recogi\u00f3 el manto que hab\u00eda ca\u00eddo de los hombros de El\u00edas, volvi\u00f3 al Jord\u00e1n y se detuvo a la orilla. Tom\u00f3 el manto que hab\u00eda ca\u00eddo de los hombros de El\u00edas y golpe\u00f3 con \u00e9l las aguas, pero no se separaron. Dijo entonces: \u00ab\u00bfD\u00f3nde est\u00e1 el Se\u00f1or, el Dios de El\u00edas?\u00bb. Golpe\u00f3 otra vez las aguas, que se separaron a un lado y a otro, y pas\u00f3 Eliseo sobre terreno seco. Cuando la comunidad de los profetas lo vio venir hacia ellos, dijeron: \u00abEl esp\u00edritu de El\u00edas se ha posado sobre Eliseo\u00bb. Y fueron a su encuentro y se postraron en tierra ante \u00e9l.<\/p><p>Palabra de Dios.<\/p><p><strong><span style=\"color: #ff0000;\">Salmo responsorial<\/span> \u00a0\u00a0\u00a0\u00a0\u00a0\u00a0\u00a0\u00a0\u00a0\u00a0\u00a0\u00a0\u00a0\u00a0\u00a0\u00a0\u00a0\u00a0\u00a0\u00a0\u00a0\u00a0\u00a0\u00a0\u00a0\u00a0\u00a0\u00a0\u00a0\u00a0\u00a0\u00a0\u00a0\u00a0\u00a0 <\/strong><span style=\"color: #ff0000;\">Sal (104) 103, 1.24.27-30 (R\/. 30)<\/span><br \/><span style=\"color: #ff0000;\">R\/.<\/span>Env\u00eda tu esp\u00edritu, Se\u00f1or, y renueva la faz de la Tierra.<\/p><p>Bendice, alma m\u00eda, al Se\u00f1or:<br \/>\u00a1Dios m\u00edo, qu\u00e9 grande eres!<br \/>Cu\u00e1ntas son tus obras, Se\u00f1or, y todas las hiciste con sabidur\u00eda;<br \/>la tierra est\u00e1 llena de tus criaturas. <span style=\"color: #ff0000;\">R\/.<\/span><\/p><p>Todos ellos aguardan<br \/>a que les eches comida a su tiempo:<br \/>se la echas, y la atrapan;<br \/>abres tu mano, y se sacian de bienes. <span style=\"color: #ff0000;\">R\/.<\/span><\/p><p>Escondes tu rostro, y se espantan;<br \/>les retiras el aliento, y expiran y vuelven a ser polvo;<br \/>env\u00edas tu esp\u00edritu, y los creas,<br \/>y repueblas la faz de la tierra. <span style=\"color: #ff0000;\">R\/.<\/span><\/p><p><span style=\"color: #ff0000;\"><strong>Aleluya<\/strong><\/span><strong> \u00a0\u00a0\u00a0\u00a0\u00a0\u00a0\u00a0\u00a0\u00a0\u00a0\u00a0\u00a0\u00a0\u00a0\u00a0\u00a0\u00a0\u00a0\u00a0\u00a0\u00a0\u00a0\u00a0\u00a0\u00a0\u00a0\u00a0\u00a0\u00a0\u00a0\u00a0\u00a0\u00a0\u00a0\u00a0\u00a0\u00a0\u00a0\u00a0\u00a0\u00a0\u00a0\u00a0 <\/strong><span style=\"color: #ff0000;\">2 Re 2, 22<\/span><br \/>Aleluya, aleluya, aleluya.<br \/>Qued\u00f3 saneada el agua hasta el d\u00eda de hoy,<br \/>conforme a la palabra que hab\u00eda pronunciado Eliseo.<br \/>Aleluya, aleluya, aleluya.<\/p><p><span style=\"color: #ff0000;\"><strong>Evangelio<\/strong><\/span><br \/>*Lectura del santo Evangelio seg\u00fan san Lucas \u00a0\u00a0\u00a0\u00a0\u00a0\u00a0\u00a0\u00a0\u00a0\u00a0\u00a0\u00a0\u00a0\u00a0\u00a0\u00a0\u00a0\u00a0\u00a0 <span style=\"color: #ff0000;\">Lc 4, 24-27<\/span><br \/><span style=\"color: #ff0000;\"><em>Muchos leprosos hab\u00eda en Israel en tiempos del profeta Eliseo<\/em><\/span><\/p><p>Jes\u00fas fue a Nazaret y dijo al pueblo reunido en la sinagoga: \u00abEn verdad os digo que ning\u00fan profeta es aceptado en su pueblo. Puedo aseguraros que en Israel hab\u00eda muchas viudas en los d\u00edas de El\u00edas, cuando estuvo cerrado el cielo tres a\u00f1os y seis meses y hubo una gran hambre en todo el pa\u00eds; sin embargo, a ninguna de ellas fue enviado El\u00edas sino a una viuda de Sarepta, en el territorio de Sid\u00f3n. Y muchos leprosos hab\u00eda en Israel en tiempos del profeta Eliseo, sin embargo, ninguno de ellos fue curado sino Naam\u00e1n, el sirio\u00bb.<\/p><p>Palabra del Se\u00f1or.<\/p><h5><strong>Plegaria Eucar\u00edstica<\/strong><\/h5><p><strong>\u00a0<\/strong><\/p><p><span style=\"color: #ff0000;\">31. Entonces, el sacerdote empieza la plegaria eucar\u00edstica .<\/span><br \/><span style=\"color: #ff0000;\">Extendiendo las manos, dice:<\/span><br \/>El Se\u00f1or est\u00e9 con vosotros.<br \/><span style=\"color: #ff0000;\">El pueblo responde:<\/span><br \/><strong>Y con tu esp\u00edritu.<\/strong><br \/><span style=\"color: #ff0000;\">El sacerdote, elevando las manos, prosigue:<\/span><br \/>Levantemos el coraz\u00f3n.<br \/><span style=\"color: #ff0000;\">El pueblo:<\/span><br \/><strong>Lo tenemos levantado hacia el Se\u00f1or.<\/strong><br \/><span style=\"color: #ff0000;\">El sacerdote, con las manos extendidas, a\u00f1ade:<\/span><br \/>Demos gracias al Se\u00f1or, nuestro Dios.<br \/><span style=\"color: #ff0000;\">El pueblo:<\/span><br \/><strong>Es justo y necesario.<\/strong><br \/><span style=\"color: #ff0000;\">El sacerdote prosigue el prefacio, con las manos extendidas.<\/span><\/p><h5><span style=\"color: #ff0000;\"><strong>Prefacio I de los Santos<\/strong><\/span><\/h5><p><span style=\"color: #ff0000;\"><em>La gloria de los santos<\/em><\/span><br \/>En verdad es justo y necesario,<br \/>es nuestro deber y salvaci\u00f3n<br \/>darte gracias siempre y en todo lugar,<br \/>Se\u00f1or, Padre santo, Dios todopoderoso y eterno.<br \/>Porque eres glorificado<br \/>en la asamblea de los santos,<br \/>y, al coronar sus m\u00e9ritos,<br \/>coronas tus propios dones.<br \/>T\u00fa nos ofreces el ejemplo de su vida,<br \/>la ayuda de su intercesi\u00f3n<br \/>y la participaci\u00f3n en su destino;<br \/>para que, animados por tan abundantes testigos,<br \/>cubramos sin desfallecer la carrera que nos corresponde<br \/>y alcancemos, con ellos,<br \/>la corona de gloria que no se marchita,<br \/>por Cristo, Se\u00f1or nuestro.<br \/>Por eso,<br \/>con los \u00e1ngeles y los arc\u00e1ngeles<br \/>y con la variada asamblea de los santos,<br \/>te cantamos el himno de alabanza diciendo sin cesar:<\/p><p><span style=\"color: #ff0000;\">Al final del prefacio junta las manos y, en uni\u00f3n con el pueblo, concluye el mismo prefacio,<\/span><\/p><p><span style=\"color: #ff0000;\">cantando o diciendo con voz alta:<\/span><br \/><strong>Santo, Santo, Santo es el Se\u00f1or, Dios del universo.<\/strong><br \/><strong>Llenos est\u00e1n el cielo y la tierra de tu gloria.<\/strong><br \/><strong>Hosanna en el cielo.<\/strong><br \/><strong>Bendito el que viene en nombre del Se\u00f1or.<\/strong><br \/><strong>Hosanna en el cielo.<\/strong><\/p><h5><strong>Rito de la Comuni\u00f3n<\/strong><\/h5><p><span style=\"color: #ff0000;\">Ant\u00edfona de communion<\/span><\/p><p>Entonces el cad\u00e1ver entr\u00f3 en contacto con los huesos de Eliseo,<br \/>cobr\u00f3 vida y se puso en pie. (<em><span style=\"color: #ff0000;\">T. P<\/span>. <\/em>Aleluya). <span style=\"color: #ff0000;\">2 Re 13, 21<\/span><\/p><p>Oraci\u00f3n despu\u00e9s de la comuni\u00f3n<br \/><span style=\"color: #ff0000;\">160. Luego, de pie en el altar o en la sede, el sacerdote, vuelto hacia el pueblo, con las<\/span><br \/><span style=\"color: #ff0000;\">manos juntas, dice:<\/span><br \/>Oremos.<br \/><span style=\"color: #ff0000;\">Y todos, junto con el sacerdote, oran en silencio durante unos momentos, a no ser que este<\/span><br \/><span style=\"color: #ff0000;\">silencio ya se haya hecho antes.<\/span><br \/><span style=\"color: #ff0000;\">Despu\u00e9s el sacerdote, con las manos extendidas, dice la oraci\u00f3n despu\u00e9s de la comuni\u00f3n.<\/span><\/p><p>Que el sacramento que hemos recibido<br \/>nos purifique y santifique, oh Se\u00f1or,<br \/>y por intercesi\u00f3n de su tanto profeta Eliseo<br \/>nos contemos entre los hombres<br \/>que son signo de la obra creadora del Esp\u00edritu.<br \/>Por Jesucristo nuestro Se\u00f1or.<br \/><span style=\"color: #ff0000;\">Al final de la cual, el pueblo aclama:<\/span><br \/><strong>Am\u00e9n.<\/strong><\/p><h5><strong>Rito de Conclusi\u00f3n<\/strong><\/h5><p><span style=\"color: #ff0000;\">161. Siguen, si es necesario, breves avisos para el pueblo.<\/span><br \/><span style=\"color: #ff0000;\">162. Despu\u00e9s tiene lugar la despedida. El sacerdote, vuelto hacia el pueblo, extiendiendo<\/span><br \/><span style=\"color: #ff0000;\">las manos, dice:<\/span><\/p><p>El Se\u00f1or est\u00e9 con vosotros.<br \/><span style=\"color: #ff0000;\">El pueblo responde:<\/span><br \/><strong>Y con tu esp\u00edritu.<\/strong><br \/><span style=\"color: #ff0000;\">El sacerdote bendice al pueblo, diciendo:<\/span><br \/>La bendici\u00f3n de Dios todopoderoso,<br \/>Padre, Hijo \u2720 y Esp\u00edritu Santo,<br \/>descienda sobre vosotros.<br \/><span style=\"color: #ff0000;\">El pueblo responde:<\/span><br \/><strong>Am\u00e9n.<\/strong><\/p><p><span style=\"color: #ff0000;\">163. En algunos d\u00edas u ocasiones, a esta f\u00f3rmula de bendici\u00f3n precede, seg\u00fan las r\u00fabricas,<\/span><br \/><span style=\"color: #ff0000;\">otra f\u00f3rmula de bendici\u00f3n m\u00e1s solemne o una oraci\u00f3n sobre el pueblo.<\/span><\/p>\t\t\t\t\t\t\t\t<\/div>\n\t\t\t\t<\/div>\n\t\t\t\t\t<\/div>\n\t\t<\/div>\n\t\t\t\t\t<\/div>\n\t\t<\/section>\n\t\t\t\t<\/div>\n\t\t","protected":false},"excerpt":{"rendered":"<p>Download PDF Santo Patrono del IVE \u00a0 Textos propios para la Misa de San Eliseo, profeta 14 de junio Ritos Iniciales Canto de entrada 1. Reunido el pueblo, el sacerdote se dirige al altar, con los ministros, mientras se entonael canto de entrada. Ant\u00edfona de entradaDijo Eliseo a El\u00edasEl esp\u00edritu de El\u00edas se ha posado [&hellip;]<\/p>\n","protected":false},"author":1,"featured_media":9991,"comment_status":"closed","ping_status":"closed","sticky":false,"template":"","format":"standard","meta":{"site-sidebar-layout":"default","site-content-layout":"default","ast-site-content-layout":"default","site-content-style":"default","site-sidebar-style":"default","ast-global-header-display":"","ast-banner-title-visibility":"","ast-main-header-display":"","ast-hfb-above-header-display":"","ast-hfb-below-header-display":"","ast-hfb-mobile-header-display":"","site-post-title":"","ast-breadcrumbs-content":"","ast-featured-img":"","footer-sml-layout":"","theme-transparent-header-meta":"default","adv-header-id-meta":"","stick-header-meta":"","header-above-stick-meta":"","header-main-stick-meta":"","header-below-stick-meta":"","astra-migrate-meta-layouts":"set","ast-page-background-enabled":"default","ast-page-background-meta":{"desktop":{"background-color":"","background-image":"","background-repeat":"repeat","background-position":"center center","background-size":"auto","background-attachment":"scroll","background-type":"","background-media":"","overlay-type":"","overlay-color":"","overlay-opacity":"","overlay-gradient":""},"tablet":{"background-color":"","background-image":"","background-repeat":"repeat","background-position":"center center","background-size":"auto","background-attachment":"scroll","background-type":"","background-media":"","overlay-type":"","overlay-color":"","overlay-opacity":"","overlay-gradient":""},"mobile":{"background-color":"","background-image":"","background-repeat":"repeat","background-position":"center center","background-size":"auto","background-attachment":"scroll","background-type":"","background-media":"","overlay-type":"","overlay-color":"","overlay-opacity":"","overlay-gradient":""}},"ast-content-background-meta":{"desktop":{"background-color":"var(--ast-global-color-5)","background-image":"","background-repeat":"repeat","background-position":"center center","background-size":"auto","background-attachment":"scroll","background-type":"","background-media":"","overlay-type":"","overlay-color":"","overlay-opacity":"","overlay-gradient":""},"tablet":{"background-color":"var(--ast-global-color-5)","background-image":"","background-repeat":"repeat","background-position":"center center","background-size":"auto","background-attachment":"scroll","background-type":"","background-media":"","overlay-type":"","overlay-color":"","overlay-opacity":"","overlay-gradient":""},"mobile":{"background-color":"var(--ast-global-color-5)","background-image":"","background-repeat":"repeat","background-position":"center center","background-size":"auto","background-attachment":"scroll","background-type":"","background-media":"","overlay-type":"","overlay-color":"","overlay-opacity":"","overlay-gradient":""}},"footnotes":""},"categories":[40],"tags":[],"class_list":["post-9979","post","type-post","status-publish","format-standard","has-post-thumbnail","hentry","category-liturgia"],"_links":{"self":[{"href":"https:\/\/nuestrocarisma.org\/index.php\/wp-json\/wp\/v2\/posts\/9979","targetHints":{"allow":["GET"]}}],"collection":[{"href":"https:\/\/nuestrocarisma.org\/index.php\/wp-json\/wp\/v2\/posts"}],"about":[{"href":"https:\/\/nuestrocarisma.org\/index.php\/wp-json\/wp\/v2\/types\/post"}],"author":[{"embeddable":true,"href":"https:\/\/nuestrocarisma.org\/index.php\/wp-json\/wp\/v2\/users\/1"}],"replies":[{"embeddable":true,"href":"https:\/\/nuestrocarisma.org\/index.php\/wp-json\/wp\/v2\/comments?post=9979"}],"version-history":[{"count":7,"href":"https:\/\/nuestrocarisma.org\/index.php\/wp-json\/wp\/v2\/posts\/9979\/revisions"}],"predecessor-version":[{"id":9989,"href":"https:\/\/nuestrocarisma.org\/index.php\/wp-json\/wp\/v2\/posts\/9979\/revisions\/9989"}],"wp:featuredmedia":[{"embeddable":true,"href":"https:\/\/nuestrocarisma.org\/index.php\/wp-json\/wp\/v2\/media\/9991"}],"wp:attachment":[{"href":"https:\/\/nuestrocarisma.org\/index.php\/wp-json\/wp\/v2\/media?parent=9979"}],"wp:term":[{"taxonomy":"category","embeddable":true,"href":"https:\/\/nuestrocarisma.org\/index.php\/wp-json\/wp\/v2\/categories?post=9979"},{"taxonomy":"post_tag","embeddable":true,"href":"https:\/\/nuestrocarisma.org\/index.php\/wp-json\/wp\/v2\/tags?post=9979"}],"curies":[{"name":"wp","href":"https:\/\/api.w.org\/{rel}","templated":true}]}}