{"id":9374,"date":"2025-03-07T09:01:31","date_gmt":"2025-03-07T07:01:31","guid":{"rendered":"https:\/\/nuestrocarisma.org\/?p=9374"},"modified":"2025-03-07T09:13:08","modified_gmt":"2025-03-07T07:13:08","slug":"textos-propios-para-la-misa-de-santa-antonia-de-paz-y-figueroa","status":"publish","type":"post","link":"https:\/\/nuestrocarisma.org\/index.php\/2025\/03\/07\/textos-propios-para-la-misa-de-santa-antonia-de-paz-y-figueroa\/","title":{"rendered":"Textos propios para la Misa de Santa Antonia de Paz y Figueroa"},"content":{"rendered":"\t\t<div data-elementor-type=\"wp-post\" data-elementor-id=\"9374\" class=\"elementor elementor-9374\" data-elementor-post-type=\"post\">\n\t\t\t\t\t\t<section class=\"elementor-section elementor-top-section elementor-element elementor-element-8720a2f elementor-section-boxed elementor-section-height-default elementor-section-height-default\" data-id=\"8720a2f\" data-element_type=\"section\" data-e-type=\"section\">\n\t\t\t\t\t\t<div class=\"elementor-container elementor-column-gap-default\">\n\t\t\t\t\t<div class=\"elementor-column elementor-col-100 elementor-top-column elementor-element elementor-element-0e23597\" data-id=\"0e23597\" data-element_type=\"column\" data-e-type=\"column\">\n\t\t\t<div class=\"elementor-widget-wrap elementor-element-populated\">\n\t\t\t\t\t\t<div class=\"elementor-element elementor-element-e55be2d elementor-widget elementor-widget-text-editor\" data-id=\"e55be2d\" data-element_type=\"widget\" data-e-type=\"widget\" data-widget_type=\"text-editor.default\">\n\t\t\t\t<div class=\"elementor-widget-container\">\n\t\t\t\t\t\t\t\t\t<p style=\"text-align: center;\">(Santiago del Estero 1730 + Buenos Aires 1799. Argentina)<\/p><p style=\"text-align: center;\"><span style=\"color: #ff0000;\">Memoria<\/span><\/p><p><span style=\"color: #ff0000;\"><strong>Del com\u00fan de los santos: para una santa<\/strong><\/span><\/p><p><span style=\"color: #ff0000;\"><strong>Ant\u00edfona de entrada<\/strong><\/span><\/p><p>Se\u00f1or, el justo se regocija por tu fuerza,<br \/>y cu\u00e1nto se alegra por tu victoria.<br \/>T\u00fa has colmado los deseos de su coraz\u00f3n.<\/p><p><span style=\"color: #ff0000;\"><strong>Oraci\u00f3n colecta<\/strong><\/span><br \/>Dios omnipotente y misericordioso,<br \/>que en santa Mar\u00eda Antonia de San Jos\u00e9,<br \/>incansable peregrina de los ejercicios espirituales,<br \/>diste a tu Iglesia un modelo de entrega para anunciar el Evangelio;<br \/>conc\u00e9denos, por su intercesi\u00f3n, meditar constantemente el misterio de tu Hijo,<br \/>para salir al encuentro de los pobres y desamparados.<br \/>Por nuestro Se\u00f1or Jesucristo, tu Hijo,<br \/>que vive y reina contigo en la unidad del Esp\u00edritu Santo, y es Dios,<br \/>por los siglos de los siglos.<\/p><p><span style=\"color: #ff0000;\"><strong>Oraci\u00f3n sobre las ofrendas<\/strong><\/span><br \/>Dios nuestro, te pedimos humildemente que el sacrificio que ofrecemos,<br \/>en la memoria de santa Mar\u00eda Antonia de San Jos\u00e9,<br \/>sea eficaz para nuestra salvaci\u00f3n y agradable a tu misericordia.<br \/>Por Jesucristo, nuestro Se\u00f1or.<\/p><p><span style=\"color: #ff0000;\"><strong>Ant\u00edfona de comuni\u00f3n <\/strong>\u00a0\u00a0\u00a0\u00a0Cf. Mt 16, 24<\/span><\/p><p>Dice el Se\u00f1or: El que quiera seguirme,<br \/>que renuncie a s\u00ed mismo, tome su cruz y me siga.<\/p><p><span style=\"color: #ff0000;\"><strong>Oraci\u00f3n despu\u00e9s de la comuni\u00f3n<\/strong><\/span><br \/>Dios misericordioso, te suplicamos<br \/>que la eficacia divina de este sacramento,<br \/>celebrado en memoria de santa Mar\u00eda Antonia de San Jos\u00e9,<br \/>nos ilumine siempre, para que experimentemos el deseo de la santidad<br \/>y respondamos fielmente con buenas obras.<br \/>Por Jesucristo, nuestro Se\u00f1or.<\/p><p><span style=\"color: #ff0000;\"><strong>Lecturas<\/strong><\/span><\/p><p style=\"text-align: right;\"><span style=\"color: #ff0000;\"><em>A los que justific\u00f3, tambi\u00e9n los glorific\u00f3<\/em><\/span><strong>\u00a0<\/strong><\/p><p><strong>Lectura de la carta del Ap\u00f3stol san Pablo a los cristianos de Roma<\/strong>\u00a0\u00a0\u00a0 \u00a0\u00a0\u00a0\u00a0\u00a0\u00a0\u00a0\u00a0\u00a0\u00a0\u00a0\u00a0\u00a0\u00a0<span style=\"color: #ff0000;\">\u00a08, 26-30<\/span><strong>\u00a0<\/strong><\/p><p>Hermanos:<br \/>El Esp\u00edritu viene en ayuda de nuestra debilidad porque no sabemos orar como es debido; pero el Esp\u00edritu intercede con gemidos inefables. Y el que sondea los corazones conoce el deseo del Esp\u00edritu y sabe que su intercesi\u00f3n en favor de los santos est\u00e1 de acuerdo con la voluntad divina. Sabemos, adem\u00e1s, que Dios dispone todas las cosas para el bien de los que lo aman, de aqu\u00e9llos que \u00c9l llam\u00f3 seg\u00fan su designio. En efecto, a los que Dios conoci\u00f3 de antemano, los predestin\u00f3 a reproducir la imagen de su Hijo, para que \u00c9l fuera el Primog\u00e9nito entre muchos hermanos; y a los que predestin\u00f3, tambi\u00e9n los llam\u00f3; y a los que llam\u00f3, tambi\u00e9n los justific\u00f3; y a los que justific\u00f3, tambi\u00e9n los glorific\u00f3.<\/p><p><strong>Palabra de Dios<\/strong><\/p><p><span style=\"color: #ff0000;\">O bien<\/span><\/p><p><span style=\"color: #ff0000;\"><em>Pongan al servicio de los dem\u00e1s los dones que han recibido<\/em><\/span><\/p><p><strong>Lectura de la primera\u00a0carta del Ap\u00f3stol san Pedro \u00a0\u00a0\u00a0\u00a0\u00a0\u00a0\u00a0\u00a0\u00a0\u00a0\u00a0\u00a0\u00a0\u00a0\u00a0\u00a0\u00a0\u00a0\u00a0\u00a0\u00a0\u00a0\u00a0\u00a0\u00a0\u00a0\u00a0\u00a0\u00a0\u00a0\u00a0\u00a0\u00a0\u00a0\u00a0\u00a0\u00a0\u00a0\u00a0\u00a0\u00a0\u00a0\u00a0\u00a0\u00a0<\/strong><span style=\"color: #ff0000;\">4, 7b-11<\/span><\/p><p>Queridos hermanos:<br \/>Tengan la\u00a0moderaci\u00f3n y la\u00a0sobriedad necesarias para\u00a0poder orar. Sobre\u00a0todo, \u00e1mense intensamente los unos a los otros, porque \u201cel amor cubre todos los pecados\u201d. Practiquen la hospitalidad, sin quejarse. Pongan al servicio de los dem\u00e1s los dones que han recibido, como buenos administradores de la multiforme gracia de Dios. El que ha recibido el don de la Palabra, que la ense\u00f1e como Palabra de Dios. El que ejerce un ministerio, que lo haga como quien recibe de Dios ese poder, para que\u00a0Dios sea\u00a0glorificado en todas las cosas, por Jesucristo. \u00a1A\u00a0\u00c9l\u00a0sea\u00a0la\u00a0gloria\u00a0y el\u00a0poder, por los siglos de los siglos! Am\u00e9n.<\/p><p><strong>Palabra de Dios<\/strong><\/p><p><strong>Salmo Responsorial<\/strong> \u00a0\u00a0\u00a0\u00a0\u00a0\u00a0\u00a0\u00a0\u00a0\u00a0\u00a0\u00a0\u00a0\u00a0\u00a0\u00a0\u00a0\u00a0\u00a0\u00a0\u00a0\u00a0\u00a0\u00a0\u00a0\u00a0\u00a0\u00a0\u00a0\u00a0\u00a0\u00a0\u00a0\u00a0\u00a0\u00a0\u00a0\u00a0\u00a0\u00a0\u00a0\u00a0\u00a0\u00a0\u00a0\u00a0\u00a0\u00a0\u00a0\u00a0\u00a0\u00a0\u00a0\u00a0\u00a0\u00a0\u00a0\u00a0\u00a0\u00a0\u00a0\u00a0\u00a0\u00a0\u00a0\u00a0\u00a0\u00a0\u00a0\u00a0\u00a0\u00a0\u00a0\u00a0\u00a0\u00a0\u00a0\u00a0\u00a0\u00a0\u00a0\u00a0\u00a0\u00a0\u00a0 <span style=\"color: #ff0000;\">15, 1-2a. 5. 7-8. 11<\/span><\/p><p><span style=\"color: #ff0000;\">R.<\/span> \u00a1T\u00fa eres, Se\u00f1or, mi \u00fanico bien!<br \/>Prot\u00e9geme, Dios m\u00edo, porque me refugio en ti.<br \/>Yo digo al Se\u00f1or: \u00abSe\u00f1or, T\u00fa eres mi bien\u00bb.<br \/>El Se\u00f1or es la parte de mi herencia y mi c\u00e1liz,<br \/>\u00a1T\u00fa decides mi suerte! <span style=\"color: #ff0000;\">R.<\/span><\/p><p>Bendecir\u00e9 al Se\u00f1or que me aconseja,<br \/>\u00a1hasta de noche me instruye mi conciencia!<br \/>Tengo siempre presente al Se\u00f1or<br \/>:\u00c9l est\u00e1 a mi lado, nunca vacilar\u00e9. <span style=\"color: #ff0000;\">R.<\/span><\/p><p>Me har\u00e1s conocer el camino de la vida,<br \/>saci\u00e1ndome de gozo en tu presencia,<br \/>de felicidad eterna a tu derecha.<br \/>\u00a1T\u00fa eres la parte de mi herencia, Se\u00f1or! <span style=\"color: #ff0000;\">R.<\/span><\/p><p><strong>Alelluia <\/strong><br \/><span style=\"color: #ff0000;\">\u00abPermanezcan en mi amor;<\/span><br \/><span style=\"color: #ff0000;\">el\u00a0que\u00a0permanece en m\u00ed,\u00a0y Yo en \u00e9l,\u00a0da\u00a0mucho fruto\u00bb,<\/span><br \/><span style=\"color: #ff0000;\">dice el Se\u00f1or.<\/span><\/p><p><strong>Evangelio<\/strong><strong style=\"font-size: 16px;\">\u00a0<\/strong><\/p><p style=\"text-align: right;\"><span style=\"color: #ff0000;\"><em>Ya no los llamo servidores; Yo los llamo amigos si hacen lo que Yo les mando<\/em><\/span><\/p><p><span style=\"color: #ff0000;\"><strong>*<\/strong><\/span><strong> Evangelio de nuestro Se\u00f1or Jesucristo seg\u00fan san Juan \u00a0\u00a0\u00a0\u00a0\u00a0\u00a0\u00a0\u00a0\u00a0\u00a0\u00a0\u00a0\u00a0\u00a0\u00a0\u00a0\u00a0\u00a0\u00a0\u00a0\u00a0\u00a0\u00a0\u00a0\u00a0\u00a0\u00a0\u00a0\u00a0\u00a0\u00a0\u00a0\u00a0\u00a0\u00a0 <\/strong><span style=\"color: #ff0000;\">15,9-17<\/span><\/p><p>A la Hora de pasar de este mundo al Padre, Jes\u00fas dijo a sus disc\u00edpulos:<br \/>Como el Padre me am\u00f3,<br \/>tambi\u00e9n Yo los he amado a ustedes.<br \/>Permanezcan en mi amor.<br \/>Si cumplen mis mandamientos, permanecer\u00e1n en mi amor,<br \/>como Yo cumpl\u00ed los mandamientos de mi Padre y permanezco en su amor.<br \/>Les he dicho estopara que mi gozo sea el de ustedes,<br \/>y ese gozo sea perfecto.<br \/>\u00c9ste es mi mandamiento:<br \/>\u00e1mense los unos a los otros,<br \/>como Yo los he amado.<br \/>No hay amor m\u00e1s grande<br \/>que dar la vida por los amigos.<br \/>Ustedes son mis amigos si hacen lo que Yo les mando.<br \/>Ya no los llamo servidores,<br \/>porque el servidor ignora lo que hace su se\u00f1or;<br \/>Yo los llamo amigos, porque les he dado a conocer todo lo que o\u00ed de mi Padre.<br \/>No son ustedes los que me eligieron a m\u00ed, sino Yo el que los eleg\u00ed a ustedes,<br \/>y los destin\u00e9 para que vayan y den fruto,<br \/>y ese fruto sea duradero.<br \/>As\u00ed todo lo que pidan al Padre en mi Nombre,<br \/>\u00c9l se lo conceder\u00e1.<br \/>Lo que Yo les mando es que se amen los unos a los otros.<\/p><p><strong>Palabra del Se\u00f1or<\/strong><strong>\u00a0<\/strong><\/p><p><span style=\"color: #ff0000;\">O bien<\/span><\/p><p><strong>Alelluia <\/strong><br \/><span style=\"color: #ff0000;\">\u00abEl que me ama guardar\u00e1 mi palabra,<\/span><br \/><span style=\"color: #ff0000;\">y mi Padre lo amar\u00e1, y vendremos a \u00e9l\u00bb,<\/span><br \/><span style=\"color: #ff0000;\">dice el Se\u00f1or.<\/span><\/p><p style=\"text-align: right;\"><span style=\"color: #ff0000;\"><em>Marta lo recibi\u00f3 en su casa. Mar\u00eda ha escogido la parte mejor<\/em><em>\u00a0<\/em><\/span><\/p><p><span style=\"color: #ff0000;\"><strong>*<\/strong> <\/span><strong>Lectura del santo evangelio seg\u00fan san Lucas<\/strong> \u00a0\u00a0\u00a0\u00a0\u00a0\u00a0\u00a0\u00a0\u00a0\u00a0\u00a0\u00a0\u00a0\u00a0\u00a0\u00a0\u00a0\u00a0\u00a0\u00a0\u00a0\u00a0\u00a0\u00a0\u00a0\u00a0\u00a0\u00a0\u00a0\u00a0\u00a0\u00a0\u00a0\u00a0\u00a0\u00a0\u00a0\u00a0\u00a0\u00a0\u00a0\u00a0\u00a0\u00a0\u00a0\u00a0\u00a0\u00a0\u00a0\u00a0 <span style=\"color: #ff0000;\">10, 38-42<\/span><\/p><p>Mientras iban caminando, Jes\u00fas entr\u00f3 en un pueblo, y una mujer que se llamaba Marta lo recibi\u00f3 en su casa. Ten\u00eda una hermana llamada Mar\u00eda, que sentada a los pies del Se\u00f1or, escuchaba su Palabra. Marta, que muy estaba muy ocupada con los quehaceres de la casa, dijo a Jes\u00fas: \u00abSe\u00f1or, \u00bfno te importa que mi hermana me deje sola con todo el trabajo? Dile que me ayude\u00bb. Pero el Se\u00f1or le respondi\u00f3: \u00abMarta, Marta, te inquietas y te agitas por muchas cosas, y sin embargo, pocas cosas, o m\u00e1s bien, una sola es necesaria, Mar\u00eda eligi\u00f3 la mejor parte, que no le ser\u00e1 quitada\u00bb.<\/p><p><strong>Palabra del Se\u00f1or<\/strong><\/p><p>\u00a0<\/p>\t\t\t\t\t\t\t\t<\/div>\n\t\t\t\t<\/div>\n\t\t\t\t\t<\/div>\n\t\t<\/div>\n\t\t\t\t\t<\/div>\n\t\t<\/section>\n\t\t\t\t<\/div>\n\t\t","protected":false},"excerpt":{"rendered":"<p>(Santiago del Estero 1730 + Buenos Aires 1799. Argentina) Memoria Del com\u00fan de los santos: para una santa Ant\u00edfona de entrada Se\u00f1or, el justo se regocija por tu fuerza,y cu\u00e1nto se alegra por tu victoria.T\u00fa has colmado los deseos de su coraz\u00f3n. Oraci\u00f3n colectaDios omnipotente y misericordioso,que en santa Mar\u00eda Antonia de San Jos\u00e9,incansable peregrina [&hellip;]<\/p>\n","protected":false},"author":1,"featured_media":9375,"comment_status":"closed","ping_status":"closed","sticky":false,"template":"","format":"standard","meta":{"site-sidebar-layout":"default","site-content-layout":"default","ast-site-content-layout":"default","site-content-style":"default","site-sidebar-style":"default","ast-global-header-display":"","ast-banner-title-visibility":"","ast-main-header-display":"","ast-hfb-above-header-display":"","ast-hfb-below-header-display":"","ast-hfb-mobile-header-display":"","site-post-title":"","ast-breadcrumbs-content":"","ast-featured-img":"","footer-sml-layout":"","theme-transparent-header-meta":"default","adv-header-id-meta":"","stick-header-meta":"","header-above-stick-meta":"","header-main-stick-meta":"","header-below-stick-meta":"","astra-migrate-meta-layouts":"set","ast-page-background-enabled":"default","ast-page-background-meta":{"desktop":{"background-color":"","background-image":"","background-repeat":"repeat","background-position":"center center","background-size":"auto","background-attachment":"scroll","background-type":"","background-media":"","overlay-type":"","overlay-color":"","overlay-opacity":"","overlay-gradient":""},"tablet":{"background-color":"","background-image":"","background-repeat":"repeat","background-position":"center center","background-size":"auto","background-attachment":"scroll","background-type":"","background-media":"","overlay-type":"","overlay-color":"","overlay-opacity":"","overlay-gradient":""},"mobile":{"background-color":"","background-image":"","background-repeat":"repeat","background-position":"center center","background-size":"auto","background-attachment":"scroll","background-type":"","background-media":"","overlay-type":"","overlay-color":"","overlay-opacity":"","overlay-gradient":""}},"ast-content-background-meta":{"desktop":{"background-color":"var(--ast-global-color-5)","background-image":"","background-repeat":"repeat","background-position":"center center","background-size":"auto","background-attachment":"scroll","background-type":"","background-media":"","overlay-type":"","overlay-color":"","overlay-opacity":"","overlay-gradient":""},"tablet":{"background-color":"var(--ast-global-color-5)","background-image":"","background-repeat":"repeat","background-position":"center center","background-size":"auto","background-attachment":"scroll","background-type":"","background-media":"","overlay-type":"","overlay-color":"","overlay-opacity":"","overlay-gradient":""},"mobile":{"background-color":"var(--ast-global-color-5)","background-image":"","background-repeat":"repeat","background-position":"center center","background-size":"auto","background-attachment":"scroll","background-type":"","background-media":"","overlay-type":"","overlay-color":"","overlay-opacity":"","overlay-gradient":""}},"footnotes":""},"categories":[40],"tags":[],"class_list":["post-9374","post","type-post","status-publish","format-standard","has-post-thumbnail","hentry","category-liturgia"],"_links":{"self":[{"href":"https:\/\/nuestrocarisma.org\/index.php\/wp-json\/wp\/v2\/posts\/9374","targetHints":{"allow":["GET"]}}],"collection":[{"href":"https:\/\/nuestrocarisma.org\/index.php\/wp-json\/wp\/v2\/posts"}],"about":[{"href":"https:\/\/nuestrocarisma.org\/index.php\/wp-json\/wp\/v2\/types\/post"}],"author":[{"embeddable":true,"href":"https:\/\/nuestrocarisma.org\/index.php\/wp-json\/wp\/v2\/users\/1"}],"replies":[{"embeddable":true,"href":"https:\/\/nuestrocarisma.org\/index.php\/wp-json\/wp\/v2\/comments?post=9374"}],"version-history":[{"count":4,"href":"https:\/\/nuestrocarisma.org\/index.php\/wp-json\/wp\/v2\/posts\/9374\/revisions"}],"predecessor-version":[{"id":9379,"href":"https:\/\/nuestrocarisma.org\/index.php\/wp-json\/wp\/v2\/posts\/9374\/revisions\/9379"}],"wp:featuredmedia":[{"embeddable":true,"href":"https:\/\/nuestrocarisma.org\/index.php\/wp-json\/wp\/v2\/media\/9375"}],"wp:attachment":[{"href":"https:\/\/nuestrocarisma.org\/index.php\/wp-json\/wp\/v2\/media?parent=9374"}],"wp:term":[{"taxonomy":"category","embeddable":true,"href":"https:\/\/nuestrocarisma.org\/index.php\/wp-json\/wp\/v2\/categories?post=9374"},{"taxonomy":"post_tag","embeddable":true,"href":"https:\/\/nuestrocarisma.org\/index.php\/wp-json\/wp\/v2\/tags?post=9374"}],"curies":[{"name":"wp","href":"https:\/\/api.w.org\/{rel}","templated":true}]}}