{"id":8246,"date":"2024-03-29T07:42:34","date_gmt":"2024-03-29T05:42:34","guid":{"rendered":"https:\/\/nuestrocarisma.org\/?p=8246"},"modified":"2025-05-01T08:53:52","modified_gmt":"2025-05-01T06:53:52","slug":"rito-de-bendicion-e-imposicion-del-escapulario-de-la-virgen-de-lujan","status":"publish","type":"post","link":"https:\/\/nuestrocarisma.org\/index.php\/2024\/03\/29\/rito-de-bendicion-e-imposicion-del-escapulario-de-la-virgen-de-lujan\/","title":{"rendered":"Rito de bendici\u00f3n e imposici\u00f3n del Escapulario de la Virgen de Luj\u00e1n"},"content":{"rendered":"\t\t<div data-elementor-type=\"wp-post\" data-elementor-id=\"8246\" class=\"elementor elementor-8246\" data-elementor-post-type=\"post\">\n\t\t\t\t\t\t<section class=\"elementor-section elementor-top-section elementor-element elementor-element-e3e8887 elementor-section-boxed elementor-section-height-default elementor-section-height-default\" data-id=\"e3e8887\" data-element_type=\"section\" data-e-type=\"section\">\n\t\t\t\t\t\t<div class=\"elementor-container elementor-column-gap-default\">\n\t\t\t\t\t<div class=\"elementor-column elementor-col-100 elementor-top-column elementor-element elementor-element-444f5dd\" data-id=\"444f5dd\" data-element_type=\"column\" data-e-type=\"column\">\n\t\t\t<div class=\"elementor-widget-wrap elementor-element-populated\">\n\t\t\t\t\t\t<div class=\"elementor-element elementor-element-91e47c6 elementor-align-center elementor-widget elementor-widget-button\" data-id=\"91e47c6\" data-element_type=\"widget\" data-e-type=\"widget\" data-widget_type=\"button.default\">\n\t\t\t\t<div class=\"elementor-widget-container\">\n\t\t\t\t\t\t\t\t\t<div class=\"elementor-button-wrapper\">\n\t\t\t\t\t<a class=\"elementor-button elementor-button-link elementor-size-sm\" href=\"https:\/\/nuestrocarisma.org\/wp-content\/uploads\/2024\/03\/Rito-del-Escapulario-corregido-por-DP_Pilar-A3.pdf\" target=\"_blank\">\n\t\t\t\t\t\t<span class=\"elementor-button-content-wrapper\">\n\t\t\t\t\t\t\t\t\t<span class=\"elementor-button-text\">Download PDF<\/span>\n\t\t\t\t\t<\/span>\n\t\t\t\t\t<\/a>\n\t\t\t\t<\/div>\n\t\t\t\t\t\t\t\t<\/div>\n\t\t\t\t<\/div>\n\t\t\t\t\t<\/div>\n\t\t<\/div>\n\t\t\t\t\t<\/div>\n\t\t<\/section>\n\t\t\t\t<section class=\"elementor-section elementor-top-section elementor-element elementor-element-8720a2f elementor-section-boxed elementor-section-height-default elementor-section-height-default\" data-id=\"8720a2f\" data-element_type=\"section\" data-e-type=\"section\">\n\t\t\t\t\t\t<div class=\"elementor-container elementor-column-gap-default\">\n\t\t\t\t\t<div class=\"elementor-column elementor-col-100 elementor-top-column elementor-element elementor-element-0e23597\" data-id=\"0e23597\" data-element_type=\"column\" data-e-type=\"column\">\n\t\t\t<div class=\"elementor-widget-wrap elementor-element-populated\">\n\t\t\t\t\t\t<div class=\"elementor-element elementor-element-e55be2d elementor-widget elementor-widget-text-editor\" data-id=\"e55be2d\" data-element_type=\"widget\" data-e-type=\"widget\" data-widget_type=\"text-editor.default\">\n\t\t\t\t<div class=\"elementor-widget-container\">\n\t\t\t\t\t\t\t\t\t<h3 style=\"text-align: center;\"><strong>RITO DE BENDICI\u00d3N E IMPOSICI\u00d3N DEL<\/strong><\/h3><h3 style=\"text-align: center;\"><strong>ESCAPULARIO de<\/strong><\/h3><h3 style=\"text-align: center;\"><strong>LA PUR\u00cdSIMA CONCEPCI\u00d3N DE <\/strong><strong>LUJ\u00c1N\u00a0<\/strong><\/h3><p style=\"text-align: center;\">Instituto del Verbo Encarnado<\/p><h3 style=\"text-align: center;\"><strong>San Juan Pablo II<\/strong><\/h3><p style=\"text-align: center;\"><em>El Papa de Luj\u00e1n<\/em><br \/>entrega la \u201cRosa de Oro\u201d a Nuestra Se\u00f1ora de Luj\u00e1n en su santuario<\/p><p style=\"text-align: center;\">11 de junio de 1982<\/p><h3><strong>Introducci\u00f3n Catequ\u00e9tica<\/strong><a href=\"#_ftn1\" name=\"_ftnref1\">[1]<\/a><\/h3><p>\u00a0<\/p><p>San Juan Pablo II ense\u00f1aba que el que lleva el escapulario \u201cexperimenta la presencia dulce y materna de Mar\u00eda, en el compromiso cotidiano de revestirse interiormente de Jesucristo y de manifestarlo vivo en s\u00ed para el bien de la Iglesia y de toda la humanidad\u201d<a href=\"#_ftn2\" name=\"_ftnref2\">[2]<\/a>. En este sentido, el Escapulario de la Virgen de Luj\u00e1n evoca dos verdades: \u201cpor una parte, la protecci\u00f3n continua de la Virgen Sant\u00edsima, no s\u00f3lo a lo largo del camino de la vida, sino tambi\u00e9n en el momento del tr\u00e1nsito hacia la plenitud de la gloria eterna; por otra, la conciencia de que la devoci\u00f3n hacia Ella no puede limitarse a oraciones y obsequios en su honor en algunas circunstancias, sino que debe constituir un \u2018<em>h\u00e1bito<\/em>\u2019, es decir una actitud permanente de la propia conducta cristiana, entretejida de oraci\u00f3n y de vida interior, mediante la frecuente pr\u00e1ctica de los Sacramentos y el concreto ejercicio de las obras de misericordia espiritual y corporal\u201d<a href=\"#_ftn3\" name=\"_ftnref3\">[3]<\/a>.<\/p><p>El origen del escapulario est\u00e1 ligado al h\u00e1bito de una determinada Orden religiosa. Llevar el escapulario significaba, de alguna manera, revestirse con el h\u00e1bito de una orden religiosa, como signo de adhesi\u00f3n y participaci\u00f3n en el esp\u00edritu de esa orden, lo cual implicaba el beneficio de particulares indulgencias y privilegios espirituales.<\/p><p>Son numerosas las \u00f3rdenes religiosas que crearon su propio escapulario. El m\u00e1s famoso y difundido es el escapulario de la Orden de Nuestra Se\u00f1ora del Monte Carmelo, cuyo origen se considera ligado a la visi\u00f3n de San Sim\u00f3n Stock, con el privilegio de la gracia de la perseverancia final y del llamado privilegio sabatino, por el cual, a quienes exp\u00edan sus culpas en el purgatorio, \u201cYo, su Madre de Gracia, bajar\u00e9 el s\u00e1bado despu\u00e9s de su muerte y a cuantos &#8211; religiosos, terciarios y cofrades &#8211; hallar\u00e9 en el Purgatorio los liberar\u00e9 y los llevar\u00e9 al monte santo de vida eterna\u201d.<\/p><p>Tambi\u00e9n las \u00f3rdenes de los trinitarios, de los mercedarios, de los dominicos, de los pasionistas, y otras, tienen su propio escapulario.<\/p><p>El Papa San P\u00edo X autoriz\u00f3 que el escapulario, que hasta ese momento deb\u00eda ser obligatoriamente de lana, fuese sustituido por una medalla que llevase de un lado la imagen del Sagrado Coraz\u00f3n de Jes\u00fas, y del otro, la de la Virgen Mar\u00eda.<\/p><p>Hall\u00e1ndose la Virgen de Luj\u00e1n en el g\u00e9nesis de la Familia Religiosa del Verbo Encarnado y habiendo sido proclamada Reina y principal Intercesora de todos sus miembros, hemos pensado en tener, como Familia Religiosa, un propio escapulario, y que la imagen de la Sant\u00edsima Virgen Mar\u00eda que debe llevar sea aquella en su advocaci\u00f3n de la Limpia y Pura Concepci\u00f3n de Luj\u00e1n. Siguiendo, de esta manera, la augusta tradici\u00f3n de la Iglesia y la sapiencial indicaci\u00f3n de sus santos, queremos expresar nuestra m\u00e1s genuina devoci\u00f3n y consagraci\u00f3n a la Virgen Sant\u00edsima, a trav\u00e9s del humilde signo de un Escapulario propio. Dicho Escapulario consiste en una medalla con la imagen de la Limpia y Pura Concepci\u00f3n de Luj\u00e1n en el anverso donde se lee la inscripci\u00f3n <em>ad Iesum per Mariam<\/em> y en el reverso la imagen del Sagrado Coraz\u00f3n con la frase <em>et Verbum caro factum est<\/em> , lo cual constituye una s\u00edntesis eficaz de nuestra espiritualidad mariana que quiere \u201cser la del \u2018Ave Mar\u00eda\u2019, la del \u2018\u00c1ngelus\u2019\u201d<a href=\"#_ftn4\" name=\"_ftnref4\">[4]<\/a> y por la cual nos comprometemos a \u201ctrabajar en suma docilidad al Esp\u00edritu Santo y dentro de la impronta de Mar\u00eda, a fin de ense\u00f1orear para Jesucristo todo lo aut\u00e9nticamente humano\u201d<a href=\"#_ftn5\" name=\"_ftnref5\">[5]<\/a> en especial, al amplio mundo de la cultura<a href=\"#_ftn6\" name=\"_ftnref6\">[6]<\/a>.<\/p><p>De este modo, quienes llevan el Escapulario de la Virgen de Luj\u00e1n \u2212religiosos o laicos\u2212 adem\u00e1s de la indulgencia que la Iglesia concede a quienes usan este objeto de piedad, manifiestan su pertenencia irrevocable a la Sant\u00edsima Virgen Mar\u00eda bajo el t\u00edtulo de la Pura y Limpia Concepci\u00f3n de Luj\u00e1n y el deseo de un compromiso siempre m\u00e1s absoluto y radical con la misi\u00f3n de la Familia Religiosa del Verbo Encarnado, que no es otra que \u201cllevar a la plenitud las consecuencias de la Encarnaci\u00f3n del Verbo\u201d<a href=\"#_ftn7\" name=\"_ftnref7\">[7]<\/a> y para lo cual es imprescindible la ayuda de la Madre de Dios<a href=\"#_ftn8\" name=\"_ftnref8\">[8]<\/a>.<\/p><p>As\u00ed entendido sea el Escapulario de la Familia Religiosa del Verbo Encarnado, en honor de la Sant\u00edsima Virgen Mar\u00eda bajo el t\u00edtulo de la Pura y Limpia Concepci\u00f3n de Luj\u00e1n, un signo de \u201calianza\u201d y de comuni\u00f3n rec\u00edproca entre Mar\u00eda y sus hijos espirituales a fin de que nosotros por nuestras docilidad a tan Bondadosa Madre y Ella, por su solicitud maternal y ayuda generosa, seamos configurados con Cristo e irradiemos al mundo el \u201ctestimonio de que el mundo no puede ser transformado ni ofrecido a Dios sin el esp\u00edritu de las bienaventuranzas\u201d<a href=\"#_ftn9\" name=\"_ftnref9\">[9]<\/a>.<\/p><p>Que bajo la tutela amorosa de Mar\u00eda de Luj\u00e1n, la gran evangelizadora de la cultura, se formen \u201cgrandes santos\u201d<a href=\"#_ftn10\" name=\"_ftnref10\">[10]<\/a>.<\/p><h3><strong>Lineamientos Generales<\/strong><\/h3><p>\u00a0<\/p><ol><li>La bendici\u00f3n e imposici\u00f3n del Escapulario de la Limpia y Pura Concepci\u00f3n de Luj\u00e1n se har\u00e1 preferentemente durante una celebraci\u00f3n comunitaria.<\/li><\/ol><ol start=\"2\"><li>Tienen facultad de bendecir el Escapulario los sacerdotes y di\u00e1conos del Instituto del Verbo Encarnado.<\/li><\/ol><ol start=\"3\"><li>Para la bendici\u00f3n e imposici\u00f3n debe usarse la medalla Escapulario de la Virgen de Luj\u00e1n.<\/li><\/ol><ol start=\"4\"><li>La bendici\u00f3n e imposici\u00f3n del Escapulario se realiza seg\u00fan los ritos y las oraciones que siguen. La celebraci\u00f3n comprende los ritos iniciales, la lectura de la Palabra de Dios y las preces, la oraci\u00f3n de bendici\u00f3n e imposici\u00f3n del Escapulario y los ritos conclusivos. As\u00ed se expresa de manera completa el sentido que tiene el Escapulario en la vida de los fieles que lo reciben.<\/li><\/ol><ol start=\"5\"><li>Es necesario que en la celebraci\u00f3n quede bien expresado el sentido espiritual de las gracias unidas al Escapulario en honor de la Virgen de Luj\u00e1n y los compromisos asumidos con este signo de devoci\u00f3n a la Sant\u00edsima Virgen.<\/li><\/ol><h4 style=\"text-align: center;\">1<br \/><strong>RITO DE LA BENDICI\u00d3N E IMPOSICI\u00d3N <\/strong><br \/><strong>DEL ESCAPULARIO FUERA DE LA MISA<\/strong><\/h4><p><strong>Ritos iniciales<a href=\"#_ftn11\" name=\"_ftnref11\">[11]<\/a><\/strong><\/p><p><strong>1397<\/strong><em>. Reunido el pueblo, o por lo menos los miembros de la cofrad\u00eda, el celebrante se dirige hacia ellos, mientras se canta oportunamente alg\u00fan himno relacionado con la celebraci\u00f3n. Terminado el canto, el celebrante dice<\/em>:<\/p><p>En el nombre del Padre, y del Hijo, y del Esp\u00edritu Santo.<\/p><p><em>Todos se santiguan y responden:<\/em><\/p><p>Am\u00e9n.<\/p><p><strong>1398<\/strong>. <em>Luego el celebrante saluda a los presentes, diciendo:<\/em><\/p><p>La gracia y la paz de Dios, nuestro Padre, de Quien, por el Hijo nacido de la Virgen, procede todo bien, est\u00e9n con todos vosotros.<\/p><p><em>U otras palabras adecuadas, tomadas preferentemente de la Sagrada Escritura.<\/em><em>\u00a0<\/em><\/p><p><em>Todos responden:<\/em><em>\u00a0<\/em><\/p><p>Y con tu esp\u00edritu.<\/p><p><em>O bien:<\/em><\/p><p>La gracia de nuestro Se\u00f1or Jesucristo, nacido de la Virgen Mar\u00eda, el amor del Padre y la comuni\u00f3n del Esp\u00edritu Santo est\u00e9n con todos vosotros.<\/p><p><em>Todos responden:<\/em><em>\u00a0<\/em><\/p><p>Y con tu esp\u00edritu.<\/p><p><strong>1399<\/strong>. <em>El celebrante dispone a los presentes para la celebraci\u00f3n del rito, con estas palabras u otras semejantes:<\/em><em>\u00a0<\/em><\/p><p>El Verbo Encarnado que <em>todo lo hizo bien<\/em><a href=\"#_ftn12\" name=\"_ftnref12\">[12]<\/a> hall\u00f3 complacencia en la fe de aquellos que tocaban aunque s\u00f3lo fuesen los flecos de su manto, y los dejaba curados. Alabamos a nuestro Se\u00f1or porque en su Iglesia contin\u00faa usando de los medios m\u00e1s humildes para mostrarnos su infinita misericordia. As\u00ed pues, hoy tambi\u00e9n nosotros queremos servirnos de ellos para glorificar a Dios, y hacer manifiesta nuestra voluntad pronta y disponible de hacer seg\u00fan la maternal indicaci\u00f3n de Mar\u00eda lo que \u00c9l nos diga<a href=\"#_ftn13\" name=\"_ftnref13\">[13]<\/a> conforme al compromiso de fidelidad contra\u00eddo en nuestra consagraci\u00f3n bautismal.<\/p><p>El Escapulario en honor de la Virgen de Luj\u00e1n \u2212s\u00edntesis eficaz de nuestra espiritualidad mariana que quiere \u201cser la del \u2018Ave Mar\u00eda\u2019, la del \u2018\u00c1ngelus\u2019\u201d<a href=\"#_ftn14\" name=\"_ftnref14\"><sup>[14]<\/sup><\/a>\u2212 nos compromete a \u201ctrabajar en suma docilidad al Esp\u00edritu Santo y dentro de la impronta de Mar\u00eda, a fin de ense\u00f1orear para Jesucristo todo lo aut\u00e9nticamente humano\u201d<a href=\"#_ftn15\" name=\"_ftnref15\"><sup>[15]<\/sup><\/a> en especial, al amplio mundo de la cultura<a href=\"#_ftn16\" name=\"_ftnref16\"><sup>[16]<\/sup><\/a>, seg\u00fan el esp\u00edritu del Instituto del Verbo Encarnado.<\/p><p>De este modo, quienes llevan el Escapulario de la Virgen de Luj\u00e1n \u2212religiosos o laicos\u2212, adem\u00e1s de la indulgencia que la Iglesia concede a quienes usan este objeto de piedad, manifiestan su pertenencia irrevocable a la Sant\u00edsima Virgen Mar\u00eda bajo el t\u00edtulo de la Pura y Limpia Concepci\u00f3n de Luj\u00e1n y el deseo de un compromiso siempre m\u00e1s absoluto y radical con la misi\u00f3n de la Familia Religiosa del Verbo Encarnado, que no es otra que \u201cllevar a la plenitud las consecuencias de la Encarnaci\u00f3n del Verbo\u201d<a href=\"#_ftn17\" name=\"_ftnref17\"><sup>[17]<\/sup><\/a> y para lo cual es imprescindible la ayuda de la Madre de Dios<a href=\"#_ftn18\" name=\"_ftnref18\"><sup>[18]<\/sup><\/a>. Asimismo, se conf\u00edan y abandonan completamente al amoroso cuidado e intercesi\u00f3n de esta Madre, a la que pertenecen totalmente, aqu\u00ed en esta vida temporal y para la eternidad.<\/p><p>Llevando el escapulario en honor de la Virgen no s\u00f3lo manifestamos nuestro amor a Ella y veneramos en Ella lo que tiene de Dios, sino que, adem\u00e1s, la causa final de nuestra devoci\u00f3n es Dios que <em>hizo en Ella maravillas<\/em><a href=\"#_ftn19\" name=\"_ftnref19\">[19]<\/a><em>.<\/em><\/p><p>Confiamos que portando a la Virgen cerca del coraz\u00f3n esto les permitir\u00e1 a sus hijos el tener memoria continua del \u201c<em>fiat<\/em>\u201d de la Madre y encontrar en ello un entusiasmo siempre nuevo para reproducir en sus vidas los rasgos espirituales del Hijo primog\u00e9nito, hasta que, vestidos con el traje de bodas, seamos introducidos en la patria celestial.<\/p><p>Que la primera Misionera despu\u00e9s de su Hijo Jesucristo<a href=\"#_ftn20\" name=\"_ftnref20\">[20]<\/a> proteja en la vida y especialmente en la hora de la muerte a todos sus hijos que hoy con gran fe se ponen bajo el estandarte de esta Reina y Madre que es la Virgen de Luj\u00e1n, y sea para ellos la Puerta del Para\u00edso.<\/p><p><em>O bien:<\/em><\/p><p>Se pueden repetir aqu\u00ed las palabras de la Instrucci\u00f3n Catequ\u00e9tica que se encuentra en la p\u00e1gina 3.<\/p><p><strong>Lectura de la Palabra de Dios<\/strong><strong>\u00a0<\/strong><\/p><p><strong>1400.<\/strong><em>Luego, el lector, uno de los presentes o el mismo celebrante, lee un texto de la Sagrada Escritura, seleccionado principalmente entre los que en el Leccionario tratan de la Sant\u00edsima Trinidad, de los Misterios del Se\u00f1or o de Santa Mar\u00eda Virgen. Puede escogerse alg\u00fan texto que tenga relaci\u00f3n con el esp\u00edritu del Instituto religioso al que est\u00e1 adherida la cofrad\u00eda.<\/em><\/p><p style=\"text-align: right;\"><em>Lc 1, 26-38<\/em><\/p><p style=\"text-align: center;\"><em>\u00a0<\/em>X<\/p><p>En aquel tiempo, el \u00e1ngel Gabriel fue enviado por Dios a una ciudad de Galilea, llamada Nazaret, a una virgen desposada con un var\u00f3n de la estirpe de David, llamado Jos\u00e9. La virgen se llamaba Mar\u00eda.<\/p><p>Entr\u00f3 el \u00e1ngel a donde ella estaba y le dijo: \u201cAl\u00e9grate, llena de gracia, el Se\u00f1or est\u00e1 contigo\u201d. Al o\u00edr estas palabras, ella se preocup\u00f3 mucho y se preguntaba qu\u00e9 querr\u00eda decir semejante saludo.<\/p><p>El \u00e1ngel le dijo: \u201cNo temas, Mar\u00eda, porque has hallado gracia ante Dios. Vas a concebir y a dar a luz un hijo y le pondr\u00e1s por nombre Jes\u00fas. \u00c9l ser\u00e1 grande y ser\u00e1 llamado Hijo del Alt\u00edsimo; el Se\u00f1or Dios le dar\u00e1 el trono de David, su padre, y \u00e9l reinar\u00e1 sobre la casa de Jacob por los siglos y su reinado no tendr\u00e1 fin\u201d.<\/p><p>Mar\u00eda le dijo entonces al \u00e1ngel: \u201c\u00bfC\u00f3mo podr\u00e1 ser esto, puesto que yo permanezco virgen?\u201d El \u00e1ngel le contest\u00f3: \u201cEl Esp\u00edritu Santo descender\u00e1 sobre ti y el poder del Alt\u00edsimo te cubrir\u00e1 con su sombra. Por eso, el Santo, que va a nacer de ti, ser\u00e1 llamado Hijo de Dios. Ah\u00ed tienes a tu parienta Isabel, que a pesar de su vejez, ha concebido un hijo y ya va en el sexto mes la que llamaban est\u00e9ril, porque no hay nada imposible para Dios\u201d. Mar\u00eda contest\u00f3: \u201cYo soy la esclava del Se\u00f1or; c\u00famplase en m\u00ed lo que me has dicho\u201d. Y el \u00e1ngel se retir\u00f3 de su presencia.<\/p><p><strong>V.<\/strong> Palabra de Dios.<\/p><p><strong>R.<\/strong><em> Gloria a Ti, Se\u00f1or Jes\u00fas<\/em>.<em>\u00a0<\/em><\/p><p><em>O bien:<\/em><em style=\"font-size: 16px;\">\u00a0<\/em><\/p><p style=\"text-align: right;\"><em>Jn 19, 25-27<\/em><\/p><p style=\"text-align: center;\"><em>\u00a0<\/em>X<\/p><p>Junto a la cruz de Jes\u00fas, estaba su madre y la hermana de su madre, Mar\u00eda, mujer de Cleof\u00e1s, y Mar\u00eda Magdalena. Al ver a la madre y cerca de ella al disc\u00edpulo a quien \u00e9l amaba, Jes\u00fas le dijo: \u201cMujer, aqu\u00ed tienes a tu hijo\u201d. Luego dijo al disc\u00edpulo: \u201cAqu\u00ed tienes a tu madre\u201d.\u00a0 Y desde aquel momento, el disc\u00edpulo la recibi\u00f3 en su casa.<\/p><p><strong>V.<\/strong> Palabra de Dios.<\/p><p><strong>R.<\/strong><em> Gloria a Ti, Se\u00f1or Jes\u00fas.<\/em><\/p><p><strong>1402<\/strong>. <em>El celebrante hace la homil\u00eda, en la cual explica a los presentes el significado de la celebraci\u00f3n.<\/em><strong>\u00a0<\/strong><\/p><p><strong>Preces<\/strong><strong style=\"font-size: 16px;\">\u00a0<\/strong><\/p><p><strong>1403<\/strong><em>. Sigue la plegaria com\u00fan. Entre las intercesiones que aqu\u00ed se proponen, el celebrante puede seleccionar las que le parezcan m\u00e1s adecuadas o a\u00f1adir otras m\u00e1s directamente relacionadas con las peculiaridades de los fieles o las circunstancias del momento.<\/em><em>\u00a0<\/em><\/p><p>Apoyados en la intercesi\u00f3n de la \u201cSant\u00edsima Virgen Mar\u00eda, que dio el s\u00ed para que de su carne y sangre el Verbo se hiciera carne\u201d<a href=\"#_ftn21\" name=\"_ftnref21\">[21]<\/a> por obra del Esp\u00edritu Santo, a fin de que nosotros pudi\u00e9ramos participar de la gracia del que es nuestro Hermano primog\u00e9nito y vivir la alabanza de Dios, invoquemos al Padre, diciendo:<\/p><p><strong>R.<\/strong><em> Por intercesi\u00f3n de la<\/em> <em>Pura y Limpia Concepci\u00f3n de Luj\u00e1n, esc\u00fachanos Se\u00f1or.<\/em><\/p><p>T\u00fa que dispusiste que tu Hijo amado se vistiera de nuestra carne, para que, por medio de \u00e9l, los hombres participaran en Cristo de tu vida,<\/p><p>\u2014haz que nos llamemos y seamos siempre hijos tuyos. <strong>R<\/strong><\/p><p>T\u00fa que quisiste que el Verbo Encarnado fuera en todo como nosotros, menos en el pecado, para que, sigui\u00e9ndolo, seamos imagen de tu Hijo,<\/p><p>\u2014conc\u00e9denos imitar de tal manera a Cristo que te agrademos en todo. <strong>R.<\/strong><\/p><p>T\u00fa que llamas a los hombres al banquete de la gracia, cubiertos con la vestidura nupcial de tu reino, con el fin de revelarles tu gloria,<\/p><p>\u2014ens\u00e9\u00f1anos a servirte con fidelidad. <strong>R.<\/strong><\/p><p>T\u00fa que por boca del Ap\u00f3stol nos exhortas a ser en el mundo la fragancia de Cristo,<\/p><p>\u2014haz que reconozcamos en los hermanos el signo de la presencia de Cristo. <strong>R.<\/strong><\/p><p>T\u00fa que nos embelleces con la vestidura de la santidad y la justicia, para que vivamos para ti en el Esp\u00edritu Santo, mostrando as\u00ed la santidad de la Iglesia,<\/p><p>\u2014haz que nuestra santidad vaya siempre en aumento, para que cooperemos generosamente en la salvaci\u00f3n de nuestros hermanos. <strong>R.<\/strong><\/p><p>T\u00fa que te complaciste en el s\u00ed de la Sant\u00edsima Virgen Mar\u00eda,<\/p><p>\u2014conc\u00e9denos que a trav\u00e9s de la santidad de una existencia transfigurada, testimoniemos el rostro transfigurado de Cristo. <strong>R.<\/strong><\/p><p>T\u00fa que asociaste a la Virgen Mar\u00eda a tu sacrificio redentor,<\/p><p>\u2014conc\u00e9denos la fe, la esperanza y la caridad que animaron su coraz\u00f3n, la fuerza que sostuvo su adhesi\u00f3n a tu sant\u00edsima voluntad y el vigor que la sostuvo durante su \u2018compasi\u00f3n\u2019 a los pies de la cruz. <strong>R.<\/strong><\/p><p>T\u00fa que en la persona de Cristo no dejas de bendecirnos con toda clase de bienes espirituales, hasta el momento en que, vestidos con el ropaje nupcial, salgamos a su encuentro,<\/p><p>\u2014haz que, por la intercesi\u00f3n de la Virgen Mar\u00eda, pasemos felizmente de la muerte a la vida. <strong>R.<\/strong><\/p><p><strong>Oraci\u00f3n de bendici\u00f3n<\/strong><strong>\u00a0<\/strong><\/p><p><strong>1404<\/strong>. <em>El celebrante, con las manos extendidas, a\u00f1ade:<\/em><em>\u00a0<\/em><\/p><p>Oh, Dios, origen \u00a0primero y fin supremo de toda santidad, T\u00fa que llamas a la plenitud de la vida cristiana y a la perfecci\u00f3n de la caridad a los que han renacido del agua y del Esp\u00edritu Santo, mira con bondad a estos servidores tuyos, que reciben con devoci\u00f3n este Escapulario para alabanza de la Sant\u00edsima Trinidad \u2212principio activo de la Encarnaci\u00f3n<a href=\"#_ftn22\" name=\"_ftnref22\">[22]<\/a>\u2212 y gloria perpetua del alt\u00edsimo misterio del Verbo hecho carne, y conc\u00e9deles la gracia de configurarse con Cristo abandon\u00e1ndose en el sublime molde de su Virgen Madre, a fin de que, terminado felizmente su paso por esta vida, con la ayuda omnipotente de la Virgen de Luj\u00e1n, sean admitidos al gozo de tu Reino. Por Jesucristo, nuestro Se\u00f1or.<\/p><p><strong>R.<\/strong><em> Am\u00e9n<\/em>.<\/p><p><strong>Imposici\u00f3n del Escapulario<\/strong><strong>\u00a0<\/strong><\/p><p><strong>1405.<\/strong><em>Luego, el celebrante impone el escapulario a los candidatos, diciendo las siguientes palabras u otras semejantes del Ritual propio:<\/em><em>\u00a0<\/em><\/p><p>Recibe esta medalla, signo de la alianza y comuni\u00f3n rec\u00edproca entre t\u00fa y Mar\u00eda Sant\u00edsima, la Pura y Limpia Concepci\u00f3n de Luj\u00e1n, y comp\u00f3rtate de tal manera que, con la ayuda maternal de la Madre de Dios, para gloria de la Sant\u00edsima Trinidad y para bien de la Iglesia y de los hombres, te esfuerces cada d\u00eda m\u00e1s en vestirte de Cristo y hacer que tu vida sea memoria viviente del modo de existir y de actuar de Jes\u00fas, <em>el Verbo hecho carne<\/em><a href=\"#_ftn23\" name=\"_ftnref23\">[23]<\/a>.<\/p><p><strong>R.<\/strong> Am\u00e9n.<\/p><p><strong>1406.<\/strong><em>Seg\u00fan las circunstancias, el celebrante pronuncia en voz alta la f\u00f3rmula de imposici\u00f3n una sola vez para todos.<\/em><em>\u00a0<\/em><\/p><p><em>Todos a la vez responden: <\/em>Am\u00e9n<em>, y se acercan al celebrante para recibir el escapulario<\/em>.<\/p><p><strong>1407.<\/strong><em>El celebrante los roc\u00eda a todos con agua bendita, sin decir nada.<\/em><strong>\u00a0<\/strong><\/p><p><strong>Conclusi\u00f3n del rito<\/strong><strong>\u00a0<\/strong><\/p><p><strong>1408<\/strong><em>.El celebrante concluye el rito, diciendo:<\/em><em>\u00a0<\/em><\/p><p>El Dios todopoderoso os bendiga con su misericordia y os llene de la sabidur\u00eda eterna.<\/p><p><strong>R.<\/strong> Am\u00e9n.<\/p><p>\u00c9l aumente en vosotros la fe y os d\u00e9 la perseverancia en el bien obrar.<\/p><p><strong>R.<\/strong> Am\u00e9n.<\/p><p>Atraiga hacia s\u00ed vuestros pasos y os muestre el camino del amor y de la paz.<\/p><p><strong>R.<\/strong> Am\u00e9n.<\/p><p>Y la bendici\u00f3n de Dios todopoderoso,<\/p><p>Padre, Hijo \u2720 y Esp\u00edritu Santo, descienda sobre vosotros.<\/p><p><strong>R.<\/strong> Am\u00e9n.<\/p><p><em>U otra f\u00f3rmula de bendici\u00f3n, relacionada con el t\u00edtulo del escapulario.<\/em><em>\u00a0<\/em><\/p><p><strong>1409<\/strong>. <em>Es aconsejable terminar el rito con un canto adecuado.<\/em><em>\u00a0<\/em><\/p><h3 style=\"text-align: center;\"><strong>ORACI\u00d3N A LA VIRGEN DE LUJ\u00c1N<\/strong><\/h3><p style=\"text-align: center;\"><em>Despu\u00e9s de la ceremonia de imposici\u00f3n del escapulario, los nuevos c\u00f3frades, de pie o de rodillas delante de la imagen de Nuestra Se\u00f1ora de Luj\u00e1n recitar\u00e1n la siguiente oraci\u00f3n: <\/em><\/p><p><em>\u00a0<\/em><\/p><p style=\"text-align: center;\"><strong><em>\u00a1Madre Amada!<\/em><\/strong><\/p><p style=\"text-align: center;\">Sant\u00edsima Virgen Mar\u00eda de Luj\u00e1n, Hija de Dios Padre, Madre de Dios Hijo y Esposa de Dios Esp\u00edritu Santo, \u00a1Coraz\u00f3n de la Trinidad!<\/p><p style=\"text-align: center;\">Al comienzo de los tiempos, Dios junt\u00f3 todas las aguas y las llam\u00f3: mar; al llegar la plenitud de los tiempos junt\u00f3 todas las gracias y las llam\u00f3: Mar\u00eda\u00b9,<\/p><p style=\"text-align: center;\">\u00a1Llena de gracia!\u00a0 De tal modo, que un suspiro tuyo por un alma tiene m\u00e1s poder que todas las oraciones de los dem\u00e1s santos juntos\u00b2,<\/p><p style=\"text-align: center;\">\u00a1Omnipotencia suplicante!\u00a0 All\u00ed mismo Dios cre\u00f3 una enemistad irreconciliable que durar\u00e1 siempre entre Ti, Virgen Inmaculada, y Satan\u00e1s: \u00ab\u2026pongo hostilidad entre ti y la mujer, entre tu descendencia y su descendencia\u2026\u00bb (Gn 3, 14-15).\u00a0 \u00a1Eres terrible como ej\u00e9rcito en orden de batalla!\u00a0 \u00a1Siempre execras el mal!<\/p><p style=\"text-align: center;\">T\u00fa eres la Virgen por antonomasia, t\u00fa eres la Virgen se\u00f1era que introdujiste la virginidad perfecta sin ejemplo anterior y que produjiste por la fuerza virginizante en los que te aman y sirven, pl\u00e9yade de v\u00edrgenes varones y mujeres en veinte siglos, con una fuerza indoblegable como una placa tect\u00f3nica, contra todo avance del pansexualismo, permaneciendo \u00aben todo caso m\u00edsticamente eficaz\u00bb\u00b3 a\u00fan en medio del erotismo devastador\u2074.<\/p><p style=\"text-align: center;\">\u00a1Huerto cerrado!, \u00a1Fuente sellada!, \u00a1\u00abMilagro de los milagros\u00bb \u2075!<\/p><p style=\"text-align: center;\">Eres la Mujer de m\u00e1s verdadera fama de toda la humanidad: \u00ab\u00a1Bendita t\u00fa entre las mujeres!\u00bb (Lc 1, 42), \u00abDesde ahora me felicitar\u00e1n todas las generaciones, porque el Poderoso ha hecho obras grandes en m\u00ed\u00bb (Lc 1, 48-49) \u2076.<\/p><p style=\"text-align: center;\">En la plenitud de los tiempos no s\u00f3lo uniste a ti al Hijo de Dios al darle carne y sangre como Cabeza del Cuerpo m\u00edstico, sino, adem\u00e1s a todos nosotros los miembros de esa Cabeza, \u00a1Madre de Dios!, \u00a1Madre de la Iglesia! \u00a1Cuello que une la Cabeza a los miembros y viceversa!<\/p><p style=\"text-align: center;\">Durante tu vida en este mundo mucho te toc\u00f3 sufrir, \u00a1Panoplia de 7 espadas!<\/p><p style=\"text-align: center;\">Al pie de la cruz, estando t\u00fa de pie, p\u00fablicamente se manifest\u00f3 lo que hab\u00eda ocurrido en la Encarnaci\u00f3n cuando el Hijo te encomend\u00f3 a todos los hombres y mujeres del mundo, en la persona de San Juan: \u00abMujer, he ah\u00ed a tu hijo\u00bb (Jn 19, 26),<br \/>\u00a1Genoma de toda la humanidad redimida!<\/p><p style=\"text-align: center;\">Ser tu devoto Mar\u00eda es \u00abCharta libertatis\u00bb \u2077.<\/p><p style=\"text-align: center;\">\u00a1Llama de fuego y viento! \u00a1Asunta: un cuerpo de mujer est\u00e1 en el Cielo! \u00a1Reina! Formadora de los santos de los \u00faltimos tiempos, \u00a1Tsunami de gracias! Ser\u00e1 cuando ser\u00e1s m\u00e1s conocida que nunca\u2078.<\/p><p style=\"text-align: center;\">\u00a1Am\u00e9n de amenes! \u2079.<\/p><p style=\"text-align: center;\">Sabes qui\u00e9nes somos y que te necesitamos.\u00a0 Somos tus esclavos en materna esclavitud de amor, que queremos hacer todo \u00abpor Mar\u00eda, con Mar\u00eda, en Mar\u00eda y para Mar\u00eda\u00bb.<\/p><p style=\"text-align: center;\">T\u00fa que te quedaste junto al r\u00edo de Luj\u00e1n, qu\u00e9date hoy y siempre muy dentro de nuestro coraz\u00f3n\u00b9\u2070.<\/p><p style=\"text-align: center;\">Am\u00e9n.<\/p><h3><strong>HIMNO A LA VIRGEN DE LUJ\u00c1N<\/strong><\/h3><p>Estrellas que, tocadas de alg\u00fan divino arcano,<br \/>luc\u00eds a torno suyo los brillos que se os dan;<br \/>si nuestra voz durmiese, del mundo en el arrullo,<br \/>rogadle nos despierte la Virgen de Luj\u00e1n.<\/p><p>Estribillo<br \/><em>Y si se cierra el cielo del pecho nuestro y tuyo,<\/em><br \/><em>aquel que te ofrecimos por siempre ante al altar,<\/em><br \/><em>\u00a1Vos, Due\u00f1a del Calvario, Reina del Instituto,<\/em><br \/><em>\u00e1brelo con tu mano y no dejes de reinar!<\/em><em>\u00a0<\/em><\/p><p>Apoyo de sus plantas, la luna m\u00e1s selecta,<br \/>a quienes le entregamos en m\u00e9rito el af\u00e1n,<br \/>a los que de su llanto coronas esperamos,<br \/>rogadle nos sostenga la Virgen de Luj\u00e1n.<\/p><p>Estribillo<br \/><em>Y si se cierra el cielo&#8230;<\/em><\/p><p>Rayos del sol, fulgentes, y brazos de una cruz,<br \/>la luz de donde vienen y el cielo a donde van,<br \/>rogadle que en la noche, tan solos, tan inermes,<br \/>nos doble la esperanza la Virgen de Luj\u00e1n.<\/p><p>Estribillo<br \/><em>Y si se cierra el cielo&#8230;<\/em><em>\u00a0<\/em><\/p><p>Azul manto de cielo, que engalanada vistes,<br \/>a la que es Madre y Virgen, por el divino plan,<br \/>testigo eres del beso filial con que la honramos,<br \/>rogadle nos ampare la Virgen de Luj\u00e1n.<\/p><p>Estribillo<br \/><em>Y si se cierra el cielo&#8230;<\/em><\/p><p>Terr\u00f3n de tierra y agua de que es su pecho y vientre,<br \/>somos barro adoptado, entre espadas, como Juan,<br \/>y porque hemos nacido a la orla de su manto,<br \/>rogadle no nos deje la Virgen de Luj\u00e1n.<\/p><p>Estribillo<br \/><em>Y si se cierra el cielo&#8230;<\/em><em>\u00a0<\/em><\/p><p>Aceite de su l\u00e1mpara, el alma de Manuel,<br \/>var\u00f3n fiel y probado que siglos cantar\u00e1n,<br \/>al coraz\u00f3n que heriste, de amores hechizado,<br \/>rogadle obtenga el premio la Virgen de Luj\u00e1n.<\/p><p>Estribillo<br \/><em>Y si se cierra el cielo&#8230;<\/em><em>\u00a0<\/em><\/p><p>Corona que distingues a quien pertenecemos<br \/>todas las vocaciones y aquellas que vendr\u00e1n;<br \/>rogadle, como un d\u00eda lo hiciera nuestro padre,<br \/>conceda santos hijos, la Virgen de Luj\u00e1n.<\/p><p>Estribillo<br \/><em>Y si se cierra el cielo&#8230;<\/em><\/p><p>Rosa de oro ofrecida, de manos del Gran Papa,<br \/>que es de nuestra Familia, Patrono y Guardi\u00e1n;<br \/>rogadle, por las suyas, a su Hijo, acrisoladas,<br \/>presente nuestras obras la Virgen de Luj\u00e1n.<\/p><p>Estribillo<br \/><em>Y si se cierra el cielo&#8230;<\/em><\/p><p>\u00a0<\/p><h4 style=\"text-align: center;\">II<br \/><strong>RITO DE LA BENDICI\u00d3N E IMPOSICI\u00d3N DEL ESCAPULARIO <\/strong><br \/><strong>DURANTE LA SANTA MISA<\/strong><\/h4><p><strong>Luego de la Liturgia de la Palabra:<\/strong><strong>\u00a0<\/strong><\/p><p><strong>1399<\/strong>. <em>El celebrante dispone a los presentes para la celebraci\u00f3n del rito, con estas palabras u otras semejantes:<\/em><\/p><p>El Verbo Encarnado que <em>todo lo hizo bien<\/em><a href=\"#_ftn24\" name=\"_ftnref24\">[24]<\/a> hall\u00f3 complacencia en la fe de aquellos que tocaban aunque s\u00f3lo fuesen los flecos de su manto, y los dejaba curados. Alabamos a nuestro Se\u00f1or porque en su Iglesia contin\u00faa usando de los medios m\u00e1s humildes para mostrarnos su infinita misericordia. As\u00ed pues, hoy tambi\u00e9n nosotros queremos servirnos de ellos para glorificar a Dios, y hacer manifiesta nuestra voluntad pronta y disponible de hacer seg\u00fan la maternal indicaci\u00f3n de Mar\u00eda lo que \u00c9l nos diga<a href=\"#_ftn25\" name=\"_ftnref25\">[25]<\/a> conforme al compromiso de fidelidad contra\u00eddo en nuestra consagraci\u00f3n bautismal.<\/p><p>El Escapulario de la Virgen de Luj\u00e1n \u2212s\u00edntesis eficaz de nuestra espiritualidad mariana que quiere \u201cser la del \u2018Ave Mar\u00eda\u2019, la del \u2018\u00c1ngelus\u2019\u201d<a href=\"#_ftn26\" name=\"_ftnref26\"><sup>[26]<\/sup><\/a>\u2212 nos compromete a \u201ctrabajar en suma docilidad al Esp\u00edritu Santo y dentro de la impronta de Mar\u00eda, a fin de ense\u00f1orear para Jesucristo todo lo aut\u00e9nticamente humano\u201d<a href=\"#_ftn27\" name=\"_ftnref27\"><sup>[27]<\/sup><\/a> en especial, al amplio mundo de la cultura<a href=\"#_ftn28\" name=\"_ftnref28\"><sup>[28]<\/sup><\/a>, seg\u00fan el esp\u00edritu del Instituto del Verbo Encarnado.<\/p><p>De este modo, quienes llevan el escapulario de la Virgen de Luj\u00e1n \u2212religiosos o laicos\u2212, adem\u00e1s de la indulgencia que la Iglesia concede a quienes usan este objeto de piedad, manifiestan su pertenencia irrevocable a la Sant\u00edsima Virgen Mar\u00eda bajo el t\u00edtulo de la Pura y Limpia Concepci\u00f3n de Luj\u00e1n y el deseo de un compromiso siempre m\u00e1s absoluto y radical con la misi\u00f3n de la Familia Religiosa del Verbo Encarnado, que no es otra que \u201cllevar a la plenitud las consecuencias de la Encarnaci\u00f3n del Verbo\u201d<a href=\"#_ftn29\" name=\"_ftnref29\"><sup>[29]<\/sup><\/a> y para lo cual es imprescindible la ayuda de la Madre de Dios<a href=\"#_ftn30\" name=\"_ftnref30\"><sup>[30]<\/sup><\/a>.<\/p><p>Llevando el Escapulario en honor de Santa Mar\u00eda Virgen no s\u00f3lo manifestamos nuestro amor a Ella y veneramos en Ella lo que tiene de Dios, sino que, adem\u00e1s, la causa final de nuestra devoci\u00f3n es Dios que <em>hizo en Ella maravillas<\/em><a href=\"#_ftn31\" name=\"_ftnref31\">[31]<\/a><em>.<\/em><\/p><p>Confiamos que portando a la Virgen Sant\u00edsima cerca del coraz\u00f3n esto les permitir\u00e1 a sus hijos el tener memoria continua del \u201c<em>fiat<\/em>\u201d de la Madre y encontrar en ello un entusiasmo siempre nuevo para reproducir en sus vidas los rasgos espirituales del Hijo primog\u00e9nito, hasta que, vestidos con el traje de bodas, seamos introducidos en la patria celestial.<\/p><p>Que la primera Misionera despu\u00e9s de su Hijo Jesucristo<a href=\"#_ftn32\" name=\"_ftnref32\">[32]<\/a> proteja en la vida y especialmente en la hora de la muerte a todos sus hijos que hoy con gran fe se ponen bajo el estandarte de esta Reina y Madre que es la Virgen de Luj\u00e1n.<\/p><p><em>O bien:<\/em><\/p><p>Se pueden repetir aqu\u00ed las palabras de la Instrucci\u00f3n Catequ\u00e9tica que se encuentra en la p\u00e1gina 3.<\/p><p><strong>1402.<\/strong> <em>El celebrante hace la homil\u00eda, en la cual explica a los presentes el significado de la celebraci\u00f3n.<\/em><em style=\"font-size: 16px;\">\u00a0<\/em><\/p><p><strong>Preces<\/strong><strong style=\"font-size: 16px;\">\u00a0<\/strong><\/p><p><strong>1403<\/strong><em>. Sigue la plegaria com\u00fan. Entre las intercesiones que aqu\u00ed se proponen, el celebrante puede seleccionar las que le parezcan m\u00e1s adecuadas o a\u00f1adir otras m\u00e1s directamente relacionadas con las peculiaridades de los fieles o las circunstancias del momento.<\/em><em>\u00a0<\/em><\/p><p>Apoyados en la intercesi\u00f3n de la \u201cSant\u00edsima Virgen Mar\u00eda, que dio el s\u00ed para que de su carne y sangre el Verbo se hiciera carne\u201d<a href=\"#_ftn33\" name=\"_ftnref33\">[33]<\/a> por obra del Esp\u00edritu Santo, a fin de que nosotros pudi\u00e9ramos participar de la gracia del que es nuestro Hermano primog\u00e9nito y vivir la alabanza de Dios, invoquemos al Padre, diciendo:<\/p><p><strong>R. <\/strong><em>Por intercesi\u00f3n de la<\/em> <em>Pura y Limpia Concepci\u00f3n de Luj\u00e1n, esc\u00fachanos Se\u00f1or.<\/em><\/p><p>T\u00fa que dispusiste que tu Hijo amado se vistiera de nuestra carne, para que, por medio de \u00e9l, los hombres participaran en Cristo de tu vida,<\/p><p>\u2014haz que nos llamemos y seamos siempre hijos tuyos. <strong>R<\/strong><\/p><p>T\u00fa que quisiste que el Verbo Encarnado fuera en todo como nosotros, menos en el pecado, para que, sigui\u00e9ndolo, seamos imagen de tu Hijo,<\/p><p>\u2014conc\u00e9denos imitar de tal manera a Cristo que te agrademos en todo. <strong>R.<\/strong><\/p><p>T\u00fa que llamas a los hombres al banquete de la gracia, cubiertos con la vestidura nupcial de tu reino, con el fin de revelarles tu gloria,<\/p><p>\u2014ens\u00e9\u00f1anos a servirte con fidelidad. <strong>R.<\/strong><\/p><p>T\u00fa que por boca del Ap\u00f3stol nos exhortas a ser en el mundo la fragancia de Cristo,<\/p><p>\u2014haz que reconozcamos en los hermanos el signo de la presencia de Cristo. <strong>R.<\/strong><\/p><p>T\u00fa que nos embelleces con la vestidura de la santidad y la justicia, para que vivamos para ti en el Esp\u00edritu Santo, mostrando as\u00ed la santidad de la Iglesia,<\/p><p>\u2014haz que nuestra santidad vaya siempre en aumento, para que cooperemos generosamente en la salvaci\u00f3n de nuestros hermanos. <strong>R.<\/strong><\/p><p>T\u00fa que te complaciste en el s\u00ed de la Sant\u00edsima Virgen Mar\u00eda,<\/p><p>\u2014conc\u00e9denos que a trav\u00e9s de la santidad de una existencia transfigurada, testimoniemos el rostro transfigurado de Cristo. <strong>R.<\/strong><\/p><p>T\u00fa que asociaste a la Virgen Mar\u00eda a tu sacrificio redentor,<\/p><p>\u2014conc\u00e9denos la fe, la esperanza y la caridad que animaron su coraz\u00f3n, la fuerza que sostuvo su adhesi\u00f3n a tu sant\u00edsima voluntad y el vigor que la sostuvo durante su \u2018compasi\u00f3n\u2019 a los pies de la cruz. <strong>R.<\/strong><\/p><p>T\u00fa que en la persona de Cristo no dejas de bendecirnos con toda clase de bienes espirituales, hasta el momento en que, vestidos con el ropaje nupcial, salgamos a su encuentro,<\/p><p>\u2014haz que, por la intercesi\u00f3n de la Virgen Mar\u00eda, pasemos felizmente de la muerte a la vida. <strong>R.<\/strong><\/p><p><strong>Despu\u00e9s de la Santa Comuni\u00f3n<\/strong><strong style=\"font-size: 16px;\">\u00a0<\/strong><\/p><p><strong>Oraci\u00f3n de bendici\u00f3n<\/strong><strong>\u00a0<\/strong><\/p><p><strong>1404<\/strong>. <em>El celebrante, con las manos extendidas, a\u00f1ade:<\/em><em>\u00a0<\/em><\/p><p>Oh, Dios, origen\u00a0 primero y fin supremo de toda santidad, T\u00fa que llamas a la plenitud de la vida cristiana y a la perfecci\u00f3n de la caridad a los que han renacido del agua y del Esp\u00edritu Santo, mira con bondad a estos servidores tuyos, que reciben con devoci\u00f3n este escapulario para alabanza de la Sant\u00edsima Trinidad \u2212principio activo de la Encarnaci\u00f3n<a href=\"#_ftn34\" name=\"_ftnref34\">[34]<\/a>\u2212 y gloria perpetua del alt\u00edsimo misterio del Verbo hecho carne, y conc\u00e9deles la gracia de configurarse con Cristo abandon\u00e1ndose en el sublime molde de su Virgen Madre, a fin de que, terminado felizmente su paso por esta vida, con la ayuda omnipotente de la Virgen de Luj\u00e1n, sean admitidos al gozo de tu Reino. Por Jesucristo, nuestro Se\u00f1or.<\/p><p><strong>R.<\/strong><em> Am\u00e9n<\/em>.<\/p><p><strong>Imposici\u00f3n del Escapulario<\/strong><strong>\u00a0<\/strong><\/p><p><strong>1405.<\/strong><em>Luego, el celebrante impone el escapulario a los candidatos, diciendo las siguientes palabras u otras semejantes del Ritual propio:<\/em><em>\u00a0<\/em><\/p><p>Recibe esta medalla, signo de la alianza y comuni\u00f3n rec\u00edproca entre t\u00fa y Mar\u00eda Sant\u00edsima, la Pura y Limpia Concepci\u00f3n de Luj\u00e1n, y comp\u00f3rtate de tal manera que, con la ayuda maternal de la Madre de Dios, para gloria de la Sant\u00edsima Trinidad y para bien de la Iglesia y de los hombres, te esfuerces cada d\u00eda m\u00e1s en vestirte de Cristo y hacer que tu vida sea memoria viviente del modo de existir y de actuar de Jes\u00fas, <em>el Verbo hecho carne<\/em><a href=\"#_ftn35\" name=\"_ftnref35\">[35]<\/a>.<\/p><p><strong>R.<\/strong> Am\u00e9n.<\/p><p><em><strong>1406.<\/strong>Seg\u00fan las circunstancias, el celebrante pronuncia en voz alta la f\u00f3rmula de imposici\u00f3n una sola vez para todos.<\/em><em>\u00a0<\/em><\/p><p><em>Todos a la vez responden: <\/em>Am\u00e9n<em>, y se acercan al celebrante para recibir el escapulario<\/em>.<\/p><p><strong>1407.<\/strong><em>El celebrante los roc\u00eda a todos con agua bendita, sin decir nada.<\/em><em>\u00a0<\/em><\/p><p><strong>Antes de la bendici\u00f3n final<\/strong><strong style=\"font-size: 16px;\">\u00a0<\/strong><\/p><p><em>Antes de acabada la Misa los nuevos cofrades recitar\u00e1n la oraci\u00f3n a la Virgen de Luj\u00e1n de pie o de rodillas delante de su imagen (p\u00e1gs. 16-18).<\/em><\/p><p><strong>Canto final de la Santa Misa<\/strong><strong style=\"font-size: 16px;\">\u00a0<\/strong><\/p><p><em>De ser posible se aconseja cantar el himno a la Virgen de Luj\u00e1n (p\u00e1gs. 19-20) u otro canto tradicional mariano.<\/em><\/p><h4 style=\"text-align: center;\"><strong>AP\u00c9NDICE<\/strong><\/h4><p><strong>Efectos<\/strong><\/p><p>Los escapularios, bendecidos por el sacerdote y llevados con aut\u00e9ntica devoci\u00f3n, al igual que todo sacramental, producen en el alma muy ben\u00e9ficos efectos:<\/p><p>1\u00ba Nos obtienen muchas gracias actuales. Al respecto ense\u00f1a el Concilio Vaticano II que por los sacramentales \u00ablos hombres se disponen a recibir el efecto principal de los sacramentos y se santifican las diversas circunstancias de la vida\u00bb<a href=\"#_ftn36\" name=\"_ftnref36\">[36]<\/a>;<\/p><p>2\u00ba Perdonan los pecados veniales, en cuanto existan en el hombre sentimientos de contrici\u00f3n y actos de caridad;<\/p><p>3\u00ba Perdonan toda o parte de la pena temporal debida por los pecados pasados ya perdonados, en virtud de las indulgencias (cf. m\u00e1s abajo);<\/p><p>4\u00ba Nos obtienen muchas gracias temporales si son convenientes para nuestra alma, por ejemplo, la salud corporal, protecci\u00f3n contra los ardides del demonio, etc.<\/p><p style=\"text-align: center;\">X<\/p><p><strong>Indulgencias<\/strong><\/p><p>Todo pecado encierra una doble deuda: la deuda de la culpa u ofensa a Dios y la deuda de la pena o castigo merecido. La pena del pecado mortal es eterna; la del venial es temporal. La deuda de la culpa de los pecados mortales s\u00f3lo se perdona por el sacramento de la Confesi\u00f3n o el por el acto de contrici\u00f3n perfecta que implica el deseo de confesarse cuanto antes. La pena eterna la perdona Dios al perdonar la culpa, pero no siempre perdona toda la pena temporal merecida por los pecados ya perdonados; con frecuencia queda alguna pena que pagar en esta vida o en el purgatorio.<\/p><p>\u00bfC\u00f3mo podemos, en esta vida, pagar las penas temporales? Se perdonan por todo g\u00e9nero de obras buenas hechas en gracia de Dios.<\/p><p>La Iglesia, usando del poder que le dio Jesucristo: <em>cu\u00e1nto desatares en la tierra, en el cielo ser\u00e1 desatado <\/em>(Mt 16, 19) y con el fin de incitar a sus hijos a realizar obras buenas \u00abindulgencia\u00bb alguna de ellas.<\/p><p>Indulgencia es el perd\u00f3n de la pena temporal de los pecados ya perdonados en cuanto a la culpa. Puede ser indulgencia plenaria, si es total, o indulgencia parcial, si s\u00f3lo libra parte de la pena temporal.<\/p><p>Pues bien, la Iglesia concede indulgencia parcial, que se gana cada d\u00eda, por el uso piadoso del escapulario bendecido por un sacerdote. Si este es bendecido por un Papa u Obispo, los que piadosamente lo usen, ganan tambi\u00e9n indulgencia plenaria en la fiesta de San Pedro y San Pablo, rezando adem\u00e1s el Credo. Estas indulgencias pueden siempre aplicarse a los difuntos a manera de sufragios.<\/p><p>Quienes lleven dignamente la medalla-escapulario en honor de la Virgen Sant\u00edsima \u00abganan todas las gracias de todos los escapularios, incluso el privilegio sabatino\u00bb<a href=\"#_ftn37\" name=\"_ftnref37\">[37]<\/a>. Es decir, que se obtiene el privilegio de la buena muerte por el que la Virgen proteger\u00e1 especialmente a los que devotamente lleven su escapulario consiguiendo de su Hijo las gracias eficaces necesarias para una buena muerte. Nada tienen que ver con esto los que abusan de la misericordia de Dios, permaneciendo en pecado, fi\u00e1ndose de la promesa y no arrepinti\u00e9ndose de sus pecados haciendo obras dignas de penitencia (aunque la Virgen tiene sus \u00abcaminos\u00bb). Se obtiene, adem\u00e1s, el privilegio sabatino por el que creemos que la Virgen, ayudar\u00e1 especialmente a las almas que mueran en gracia de Dios, sobre todo, el d\u00eda s\u00e1bado dedicado en su honor por la Iglesia. Algunos hablan de que la Virgen Santa har\u00e1 salir del purgatorio el primer s\u00e1bado siguiente a su muerte, a todos aquellos que estuvieren en \u00e9l, habiendo muerto en gracia y llevando el santo escapulario.<\/p><p style=\"text-align: center;\">X<\/p><p><strong>Ep\u00edlogo\u00a0<\/strong><\/p><p>El escapulario en honor de la Virgen es una gracia m\u00e1s de la Madre de Dios pues es un signo exterior de la relaci\u00f3n especial, filial y confiada, que se establece entre la Virgen de Luj\u00e1n, Reina y Madre del Instituto, y los devotos que se conf\u00edan a ella con total entrega y recurren con toda confianza a su intercesi\u00f3n maternal; recuerda la primac\u00eda de la vida espiritual y la necesidad de la oraci\u00f3n<a href=\"#_ftn38\" name=\"_ftnref38\">[38]<\/a>. Sep\u00e1moslo usar con toda devoci\u00f3n para que la Reina de cielos y tierra nos acerque cada vez m\u00e1s a su Hijo, el Verbo Encarnado.<\/p><p style=\"text-align: center;\"><strong>X<\/strong><\/p><h4 style=\"text-align: center;\"><strong>Acto de filiaci\u00f3n para la renovaci\u00f3n anual<\/strong><br \/><strong>\u00a0de pertenencia a la Sant\u00edsima Virgen de Luj\u00e1n<\/strong><\/h4><p>Se\u00f1or m\u00edo Jesucristo, verdadero Dios y verdadero hombre, Hijo \u00danico de Dios y de la Sant\u00edsima Virgen Mar\u00eda, yo os reconozco y adoro como primer principio y \u00fanico fin. Os suplico que renov\u00e9is, a favor m\u00edo, aquel misterioso y amable testamento que hicisteis en la cruz cuando al ap\u00f3stol predilecto, San Juan, le disteis la condici\u00f3n y t\u00edtulo de hijo de vuestra Madre Mar\u00eda. Decidle tambi\u00e9n a favor m\u00edo: \u2212<em>Mujer, ah\u00ed tienes a tu hijo<\/em>. Hacedme la gracia de pertenecerle como hijo y de tenerla como Madre todo el tiempo de mi vida mortal.<\/p><p>Excelsa Virgen de Luj\u00e1n, mi principal abogada y mediadora, yo N.N., desde el abismo de mi peque\u00f1ez y miseria, humildemente postrado ante vos, confiando en vuestra bondad y misericordia y animado por el vivo deseo de imitar vuestras hermosas virtudes, os elijo hoy nuevamente por Madre m\u00eda, suplic\u00e1ndoos me recib\u00e1is en el n\u00famero de vuestros afortunados y amantes hijos. Os hago donaci\u00f3n entera e irrevocable de todo mi ser. Recibid amorosamente mi petici\u00f3n; mirad con complacencia la confianza con que me abandono en vuestros brazos. Dispensadme vuestra maternal protecci\u00f3n a lo largo de mi vida, particularmente a la hora de mi muerte, de tal manera que pueda pasar de este valle de l\u00e1grimas a gozar con Vos la eterna gloria del cielo. <em>Am\u00e9n.<\/em><\/p><p>\u201cQue la Sant\u00edsima Virgen<br \/>nos ayude a todos a alcanzar<br \/>al Padre por el Hijo en el Esp\u00edritu Santo\u201d<br \/><em>Const., 380<\/em><\/p><p><a href=\"#_ftnref1\" name=\"_ftn1\">[1]<\/a> Para instruir brevemente a quienes deseen recibir el Escapulario de la Virgen de Luj\u00e1n antes de la ceremonia de imposici\u00f3n. Se puede obviar.<\/p><p><a href=\"#_ftnref2\" name=\"_ftn2\">[2]<\/a> <em>Carta del Papa Juan Pablo II a los Carmelitas con motivo del 750 aniversario del Escapulario<\/em>, (25\/03\/2001).<\/p><p><a href=\"#_ftnref3\" name=\"_ftn3\">[3]<\/a> <em>Ibidem<\/em>.<\/p><p><a href=\"#_ftnref4\" name=\"_ftn4\">[4]<\/a> <em>Directorio de Espiritualidad<\/em>, 78.<\/p><p><a href=\"#_ftnref5\" name=\"_ftn5\">[5]<\/a> <em>Constituciones<\/em>, 30.<\/p><p><a href=\"#_ftnref6\" name=\"_ftn6\">[6]<\/a> <em>Constituciones<\/em>, 32.<\/p><p><a href=\"#_ftnref7\" name=\"_ftn7\">[7]<\/a> <em>Ibidem<\/em>.<\/p><p><a href=\"#_ftnref8\" name=\"_ftn8\">[8]<\/a> Cf. <em>Constituciones<\/em>, 17.<\/p><p><a href=\"#_ftnref9\" name=\"_ftn9\">[9]<\/a> <em>Constituciones<\/em>, 1; <em>op. cit. Lumen Gentium<\/em>, 31.<\/p><p><a href=\"#_ftnref10\" name=\"_ftn10\">[10]<\/a> <em>Constituciones<\/em>, 84; <em>op. cit<\/em>. Cf. <em>Tratado de la verdadera devoci\u00f3n a la Sant\u00edsima Virgen<\/em>, 47.<\/p><p><a href=\"#_ftnref11\" name=\"_ftn11\">[11]<\/a> <em>Bendicional<\/em>, Cap\u00edtulo XLV.<\/p><p><a href=\"#_ftnref12\" name=\"_ftn12\">[12]<\/a> Mc 7, 37.<\/p><p><a href=\"#_ftnref13\" name=\"_ftn13\">[13]<\/a> Cf. Jn 2, 5.<\/p><p><a href=\"#_ftnref14\" name=\"_ftn14\">[14]<\/a> <em>Directorio de Espiritualidad<\/em>, 78.<\/p><p><a href=\"#_ftnref15\" name=\"_ftn15\">[15]<\/a> <em>Constituciones<\/em>, 30.<\/p><p><a href=\"#_ftnref16\" name=\"_ftn16\">[16]<\/a> <em>Constituciones<\/em>, 32.<\/p><p><a href=\"#_ftnref17\" name=\"_ftn17\">[17]<\/a> <em>Ibidem<\/em>.<\/p><p><a href=\"#_ftnref18\" name=\"_ftn18\">[18]<\/a> Cf. <em>Constituciones<\/em>, 17.<\/p><p><a href=\"#_ftnref19\" name=\"_ftn19\">[19]<\/a> Lc 1, 49.<\/p><p><a href=\"#_ftnref20\" name=\"_ftn20\">[20]<\/a> <em>Directorio de Misiones Ad Gentes<\/em>, 175.<\/p><p><a href=\"#_ftnref21\" name=\"_ftn21\">[21]<\/a> <em>Constituciones<\/em>, 12; <em>op. cit<\/em>. Cf. Jn 1, 14.<\/p><p><a href=\"#_ftnref22\" name=\"_ftn22\">[22]<\/a> <em>Constituciones<\/em>, 9.<\/p><p><a href=\"#_ftnref23\" name=\"_ftn23\">[23]<\/a> <em>Constituciones<\/em>, 254; cf. Jn 1, 14.<\/p><p><a href=\"#_ftnref24\" name=\"_ftn24\">[24]<\/a> Mc 7, 37.<\/p><p><a href=\"#_ftnref25\" name=\"_ftn25\">[25]<\/a> Cf. Jn 2, 5.<\/p><p><a href=\"#_ftnref26\" name=\"_ftn26\">[26]<\/a> <em>Directorio de Espiritualidad<\/em>, 78.<\/p><p><a href=\"#_ftnref27\" name=\"_ftn27\">[27]<\/a> <em>Constituciones<\/em>, 30.<\/p><p><a href=\"#_ftnref28\" name=\"_ftn28\">[28]<\/a> <em>Constituciones<\/em>, 32.<\/p><p><a href=\"#_ftnref29\" name=\"_ftn29\">[29]<\/a> <em>Ibidem<\/em>.<\/p><p><a href=\"#_ftnref30\" name=\"_ftn30\">[30]<\/a> Cf. <em>Constituciones<\/em>, 17.<\/p><p><a href=\"#_ftnref31\" name=\"_ftn31\">[31]<\/a> Lc 1, 49.<\/p><p><a href=\"#_ftnref32\" name=\"_ftn32\">[32]<\/a> <em>Directorio de Misiones Ad Gentes<\/em>, 175.<\/p><p><a href=\"#_ftnref33\" name=\"_ftn33\">[33]<\/a> <em>Constituciones<\/em>, 12; <em>op. cit<\/em>. Cf. Jn 1, 14.<\/p><p><a href=\"#_ftnref34\" name=\"_ftn34\">[34]<\/a> <em>Constituciones<\/em>, 9.<\/p><p><a href=\"#_ftnref35\" name=\"_ftn35\">[35]<\/a> <em>Constituciones<\/em>, 254; cf. Jn 1, 14.<\/p><p><a href=\"#_ftnref36\" name=\"_ftn36\">[36]<\/a> <em>Sacrosanctum Concilium<\/em>, 60.<\/p><p><a href=\"#_ftnref37\" name=\"_ftn37\">[37]<\/a> Antonio Arregui \u2013 Marcelino Zalba, <em>Compendio de Teolog\u00eda Moral<\/em>, 795.<\/p><p><a href=\"#_ftnref38\" name=\"_ftn38\">[38]<\/a> Cf. Congregaci\u00f3n para el Culto Divino y la Disciplina de los Sacramentos, <em>Directorio sobre la piedad popular y la liturgia<\/em>, 205.<\/p>\t\t\t\t\t\t\t\t<\/div>\n\t\t\t\t<\/div>\n\t\t\t\t\t<\/div>\n\t\t<\/div>\n\t\t\t\t\t<\/div>\n\t\t<\/section>\n\t\t\t\t<\/div>\n\t\t","protected":false},"excerpt":{"rendered":"<p>Download PDF RITO DE BENDICI\u00d3N E IMPOSICI\u00d3N DEL ESCAPULARIO de LA PUR\u00cdSIMA CONCEPCI\u00d3N DE LUJ\u00c1N\u00a0 Instituto del Verbo Encarnado San Juan Pablo II El Papa de Luj\u00e1nentrega la \u201cRosa de Oro\u201d a Nuestra Se\u00f1ora de Luj\u00e1n en su santuario 11 de junio de 1982 Introducci\u00f3n Catequ\u00e9tica[1] \u00a0 San Juan Pablo II ense\u00f1aba que el que [&hellip;]<\/p>\n","protected":false},"author":1,"featured_media":8256,"comment_status":"closed","ping_status":"closed","sticky":false,"template":"","format":"standard","meta":{"site-sidebar-layout":"default","site-content-layout":"default","ast-site-content-layout":"default","site-content-style":"default","site-sidebar-style":"default","ast-global-header-display":"","ast-banner-title-visibility":"","ast-main-header-display":"","ast-hfb-above-header-display":"","ast-hfb-below-header-display":"","ast-hfb-mobile-header-display":"","site-post-title":"","ast-breadcrumbs-content":"","ast-featured-img":"","footer-sml-layout":"","theme-transparent-header-meta":"default","adv-header-id-meta":"","stick-header-meta":"","header-above-stick-meta":"","header-main-stick-meta":"","header-below-stick-meta":"","astra-migrate-meta-layouts":"set","ast-page-background-enabled":"default","ast-page-background-meta":{"desktop":{"background-color":"","background-image":"","background-repeat":"repeat","background-position":"center center","background-size":"auto","background-attachment":"scroll","background-type":"","background-media":"","overlay-type":"","overlay-color":"","overlay-opacity":"","overlay-gradient":""},"tablet":{"background-color":"","background-image":"","background-repeat":"repeat","background-position":"center center","background-size":"auto","background-attachment":"scroll","background-type":"","background-media":"","overlay-type":"","overlay-color":"","overlay-opacity":"","overlay-gradient":""},"mobile":{"background-color":"","background-image":"","background-repeat":"repeat","background-position":"center center","background-size":"auto","background-attachment":"scroll","background-type":"","background-media":"","overlay-type":"","overlay-color":"","overlay-opacity":"","overlay-gradient":""}},"ast-content-background-meta":{"desktop":{"background-color":"var(--ast-global-color-5)","background-image":"","background-repeat":"repeat","background-position":"center center","background-size":"auto","background-attachment":"scroll","background-type":"","background-media":"","overlay-type":"","overlay-color":"","overlay-opacity":"","overlay-gradient":""},"tablet":{"background-color":"var(--ast-global-color-5)","background-image":"","background-repeat":"repeat","background-position":"center center","background-size":"auto","background-attachment":"scroll","background-type":"","background-media":"","overlay-type":"","overlay-color":"","overlay-opacity":"","overlay-gradient":""},"mobile":{"background-color":"var(--ast-global-color-5)","background-image":"","background-repeat":"repeat","background-position":"center center","background-size":"auto","background-attachment":"scroll","background-type":"","background-media":"","overlay-type":"","overlay-color":"","overlay-opacity":"","overlay-gradient":""}},"footnotes":""},"categories":[40],"tags":[],"class_list":["post-8246","post","type-post","status-publish","format-standard","has-post-thumbnail","hentry","category-liturgia"],"_links":{"self":[{"href":"https:\/\/nuestrocarisma.org\/index.php\/wp-json\/wp\/v2\/posts\/8246","targetHints":{"allow":["GET"]}}],"collection":[{"href":"https:\/\/nuestrocarisma.org\/index.php\/wp-json\/wp\/v2\/posts"}],"about":[{"href":"https:\/\/nuestrocarisma.org\/index.php\/wp-json\/wp\/v2\/types\/post"}],"author":[{"embeddable":true,"href":"https:\/\/nuestrocarisma.org\/index.php\/wp-json\/wp\/v2\/users\/1"}],"replies":[{"embeddable":true,"href":"https:\/\/nuestrocarisma.org\/index.php\/wp-json\/wp\/v2\/comments?post=8246"}],"version-history":[{"count":13,"href":"https:\/\/nuestrocarisma.org\/index.php\/wp-json\/wp\/v2\/posts\/8246\/revisions"}],"predecessor-version":[{"id":8263,"href":"https:\/\/nuestrocarisma.org\/index.php\/wp-json\/wp\/v2\/posts\/8246\/revisions\/8263"}],"wp:featuredmedia":[{"embeddable":true,"href":"https:\/\/nuestrocarisma.org\/index.php\/wp-json\/wp\/v2\/media\/8256"}],"wp:attachment":[{"href":"https:\/\/nuestrocarisma.org\/index.php\/wp-json\/wp\/v2\/media?parent=8246"}],"wp:term":[{"taxonomy":"category","embeddable":true,"href":"https:\/\/nuestrocarisma.org\/index.php\/wp-json\/wp\/v2\/categories?post=8246"},{"taxonomy":"post_tag","embeddable":true,"href":"https:\/\/nuestrocarisma.org\/index.php\/wp-json\/wp\/v2\/tags?post=8246"}],"curies":[{"name":"wp","href":"https:\/\/api.w.org\/{rel}","templated":true}]}}