{"id":7828,"date":"2023-11-24T07:43:04","date_gmt":"2023-11-24T05:43:04","guid":{"rendered":"https:\/\/nuestrocarisma.org\/?p=7828"},"modified":"2023-11-24T07:46:08","modified_gmt":"2023-11-24T05:46:08","slug":"son-el-honor-de-la-iglesia-y-el-torrente-de-gracias-celestiales","status":"publish","type":"post","link":"https:\/\/nuestrocarisma.org\/index.php\/2023\/11\/24\/son-el-honor-de-la-iglesia-y-el-torrente-de-gracias-celestiales\/","title":{"rendered":"Son el honor de la Iglesia y el torrente de gracias celestiales"},"content":{"rendered":"\t\t<div data-elementor-type=\"wp-post\" data-elementor-id=\"7828\" class=\"elementor elementor-7828\" data-elementor-post-type=\"post\">\n\t\t\t\t\t\t<section class=\"elementor-section elementor-top-section elementor-element elementor-element-8720a2f elementor-section-boxed elementor-section-height-default elementor-section-height-default\" data-id=\"8720a2f\" data-element_type=\"section\" data-e-type=\"section\">\n\t\t\t\t\t\t<div class=\"elementor-container elementor-column-gap-default\">\n\t\t\t\t\t<div class=\"elementor-column elementor-col-100 elementor-top-column elementor-element elementor-element-0e23597\" data-id=\"0e23597\" data-element_type=\"column\" data-e-type=\"column\">\n\t\t\t<div class=\"elementor-widget-wrap elementor-element-populated\">\n\t\t\t\t\t\t<div class=\"elementor-element elementor-element-e55be2d elementor-widget elementor-widget-text-editor\" data-id=\"e55be2d\" data-element_type=\"widget\" data-e-type=\"widget\" data-widget_type=\"text-editor.default\">\n\t\t\t\t<div class=\"elementor-widget-container\">\n\t\t\t\t\t\t\t\t\t<h3 style=\"text-align: center;\"><strong>Son el honor de la Iglesia y el torrente de gracias celestiales<\/strong><\/h3><p style=\"text-align: center;\"><em>Directorio de Vida Contemplativa<\/em>, 172; <em>op. cit. Perfectae Caritatis<\/em>, 7<\/p><p><strong>[Exordio]<\/strong> He venido muy gustosamente a este querido monasterio para manifestarles no solo la estima y el afecto, sino nuestro profundo agradecimiento por las oraciones de todos Ustedes. Eso en primer lugar.<\/p><p>En segundo lugar y dada la expansi\u00f3n que ha tenido la rama contemplativa en estos \u00faltimos a\u00f1os \u2013piensen que, en el 2016, el Instituto ten\u00eda solo 6 monasterios; a mediados del 2019 ten\u00eda 11 monasterios y en la actualidad son 16\u2013 me parece importante destacar (aunque esto Ustedes ya lo sepan) la importancia de la vida contemplativa en tierras de misi\u00f3n. Por gracia de Dios, hoy en d\u00eda podemos decir que nuestros contemplativos est\u00e1n en los 5 continentes, despu\u00e9s que se fund\u00f3 el monasterio en Pap\u00faa. Sin embargo, todav\u00eda hay 6 provincias como la del Per\u00fa, Rusia, Ecuador, Europa del norte, Tanzania, y la delegaci\u00f3n en Tayikist\u00e1n que todav\u00eda no tienen contemplativos. Y adem\u00e1s siguen llegando pedidos de fundaci\u00f3n para monasterios: por ejemplo, hay un pedido para fundar el primer monasterio contemplativo masculino en una di\u00f3cesis de Lituania\u2026 Ahora claro, todo esto depende de lo que pase con nosotros, pero igual se los quer\u00eda contar para que nos ayuden a rezar.<\/p><p>En estos tiempos los hombres \u2013y las mujeres\u2013 en las distintas partes del mundo y en los diversos contextos culturales en los que se desenvuelven sus vidas, buscan con angustia a Dios, busc\u00e1ndolo muchas veces, como dir\u00eda San Pablo, \u201ca tientas, por m\u00e1s que no se encuentra lejos de cada uno de nosotros\u201d<a href=\"#_ftn1\" name=\"_ftnref1\">[1]<\/a>. Y por eso, a m\u00ed me parece, que hay que ver esta expansi\u00f3n de la rama contemplativa del Instituto en medio de pueblos tan diferentes en raza, en mentalidad, en culturas, como una prueba de la validez del carisma del Instituto y de la universalidad del mensaje que llevamos. No deja de ser un hecho providencial el que Dios lleve a los nuestros a rezar y a hacer penitencia a lugares a los que si no fu\u00e9ramos nosotros muy probablemente no ir\u00edan otros. Piensen que estamos en Turqu\u00eda, en Pap\u00faa, que queremos abrir un monasterio en Irak, otro en Taiw\u00e1n\u2026 cr\u00e9anme que no son muchos los que quieren ir a esos lugares. Pero es imperativo para la misi\u00f3n ir. Y ciertamente que le dar\u00edamos un gran consuelo al Coraz\u00f3n de Cristo.<\/p><p>El derecho propio lo dice y hoy yo se los quiero repetir: los contemplativos \u201c<strong>son el honor de la Iglesia y el torrente de gracias celestiales<\/strong>\u201d<a href=\"#_ftn2\" name=\"_ftnref2\">[2]<\/a>. El Concilio Vaticano II, por su parte, en dos de sus documentos \u2013<em>Lumen Gentium<\/em><a href=\"#_ftn3\" name=\"_ftnref3\">[3]<\/a> y <em>Perfectae Caritatis<\/em><a href=\"#_ftn4\" name=\"_ftnref4\">[4]<\/a>\u2013 tambi\u00e9n alaba la vida de soledad con la que Ustedes han querido seguir m\u00e1s de cerca a Cristo orante en la monta\u00f1a. Y el derecho can\u00f3nico tambi\u00e9n confirma esto cuando dice que los contemplativos \u201ctienen siempre una parte relevante en el Cuerpo M\u00edstico de Cristo\u201d<a href=\"#_ftn5\" name=\"_ftnref5\">[5]<\/a>.<\/p><h4><strong>Honor de la Iglesia<\/strong><\/h4><p>\u00a0<\/p><p>\u00bfPor qu\u00e9 dice que<strong> son el honor de la Iglesia<\/strong>? Porque el mismo Cristo nos ha dado ejemplo de que todo el honor del amor est\u00e1 en amar, en entregarse, en sacrificarse, y eso es precisamente lo que hacen los monjes del IVE. \u201c<em>Vivir la vida de la Eucarist\u00eda<\/em> \u2013dice Santa Edith Stein\u2013 es salir fuera completamente del peque\u00f1o circulo de la propia vida y crecer en la infinidad de la vida de Cristo\u201d<a href=\"#_ftn6\" name=\"_ftnref6\">[6]<\/a>. Vivir la vida de la Eucarist\u00eda, es precisamente la vida de los contemplativos del Verbo Encarnado. Son adem\u00e1s el honor de la Iglesia porque Ustedes han elegido la mejor parte y no les ser\u00e1 quitada<a href=\"#_ftn7\" name=\"_ftnref7\">[7]<\/a>. Son el honor de la Iglesia porque Dios los ha elegido para consagrarlos a honrar exclusivamente su Persona adorable y su presencia real y viva entre nosotros. Son el honor de la Iglesia porque se dedican a honrar el estado sacramental del Salvador, copiando en su vida las virtudes que Jes\u00fas practica en la Eucarist\u00eda<a href=\"#_ftn8\" name=\"_ftnref8\">[8]<\/a>.<\/p><h4><strong>Torrente de gracias celestiales<\/strong><\/h4><p>\u00a0<\/p><p>Pero son tambi\u00e9n <strong>torrente de gracias celestiales<\/strong>, o como dice el <em>Directorio de Espiritualidad<\/em>: \u201cimanes de la gracia de Dios\u201d<a href=\"#_ftn9\" name=\"_ftnref9\">[9]<\/a>. Cu\u00e1ntas gracias obtienen los contemplativos para la misi\u00f3n, para nuestros mismos misioneros, en favor de la conversi\u00f3n de las almas; cu\u00e1nto ayudan los monjes a que se arraigue la fe en los distintos pueblos; cu\u00e1nto sostiene la oraci\u00f3n y el sacrificio del contemplativo al sacerdote en su campo de misi\u00f3n y \u00a1cu\u00e1nta falta hace que todo eso se propague, se multiplique! La Iglesia toda necesita mucho de la colaboraci\u00f3n de los monjes.<\/p><p>Por eso el aspecto m\u00e1s caracter\u00edstico del apostolado de los monjes sigue siendo el holocausto de Ustedes mismos escondido en la penitencia, en la observancia de la disciplina mon\u00e1stica de acuerdo al esp\u00edritu genuino del Instituto y, sobre todo, en el ofrecimiento de oraciones y sacrificios, y tanto en el oficio divino como en la Santa Misa<a href=\"#_ftn10\" name=\"_ftnref10\">[10]<\/a>.<\/p><p>As\u00ed entonces, la vida interior del monje, en virtud de su profesi\u00f3n mon\u00e1stica, no solo es un ejercicio privado de espiritualidad, ya de hecho altamente encomiable, sino que es <strong>misi\u00f3n y servicio eclesial<\/strong> para provecho de todos los miembros del Cuerpo M\u00edstico de Cristo y en realidad, de toda la humanidad.<\/p><p>San Juan Pablo II, usando una met\u00e1fora de San Bernardo dec\u00eda que, \u201cas\u00ed como el aparato digestivo trabaja en favor de todo el cuerpo, as\u00ed los monjes, por medio de la <em>lectio divina<\/em> y de la contemplaci\u00f3n, asimilan el alimento espiritual de la Palabra de Dios y de la gracia sacramental y lo transforman en jugos vitales para el beneficio de todos los miembros de la comunidad\u201d<a href=\"#_ftn11\" name=\"_ftnref11\">[11]<\/a>. Y por eso, hoy que en el mundo tanta gente es zarandeada por corrientes intelectuales confusas, perturbados y puestos en crisis espirituales por tantas espiritualidades falsas que se promueven por todas partes, principalmente por los medios de comunicaci\u00f3n, hace mucha falta no solo la oraci\u00f3n de los contemplativos sino el ejemplo de la importancia de lo trascendente<a href=\"#_ftn12\" name=\"_ftnref12\">[12]<\/a>.<\/p><p>La reciente canonizaci\u00f3n de San Charles de Foucauld, el martirio de los monjes de Tibhirine\u00a0en Argelia<a href=\"#_ftn13\" name=\"_ftnref13\">[13]<\/a>, el martirio de m\u00e1s de 70 contemplativos de distintas \u00f3rdenes religiosas en Espa\u00f1a durante la guerra civil espa\u00f1ola<a href=\"#_ftn14\" name=\"_ftnref14\">[14]<\/a>, hablan de cu\u00e1n importante sigue siendo hoy en d\u00eda la entrega radical del contemplativo a la hora de la evangelizaci\u00f3n.<\/p><p><strong>[<\/strong><strong>Peroratio]<\/strong> Ya ven, hace un momento mencion\u00e1bamos la cantidad de monasterios que hoy tiene el Instituto. \u00a1Quien iba a pensar que un pu\u00f1ado de monjes desde aqu\u00ed, desde San Rafael, iban a llevar la vida contemplativa a todo el mundo! Dios ha confiado a las oraciones y a la santidad de vida de Ustedes todo el ancho mundo. Tomemos como personalmente dirigido a nosotros este anhelo del Coraz\u00f3n del Verbo Encarnado expresado en el <em>Directorio de Espiritualidad<\/em>, cuando hablando de los monasterios dice: <em>\u00a1Ojal\u00e1 pudi\u00e9semos multiplicarlos por todo el mundo! <\/em><a href=\"#_ftn15\" name=\"_ftnref15\">[15]<\/a>.<\/p><p>Pidamos en esta Santa Misa que tanto Ustedes como todos los contemplativos del Instituto en el mundo contribuyan con la fuerza de la oraci\u00f3n a mantener y a alegrar la Iglesia con los frutos de una fe ardorosa y que todos nuestros monasterios sean realmente \u201csemilleros de edificaci\u00f3n del pueblo cristiano\u201d<a href=\"#_ftn16\" name=\"_ftnref16\">[16]<\/a>.<\/p><p>Que la Virgen los bendiga y los proteja siempre.<\/p><p><a href=\"#_ftnref1\" name=\"_ftn1\">[1]<\/a> Hch 17,27.<\/p><p><a href=\"#_ftnref2\" name=\"_ftn2\">[2]<\/a> <em>Directorio de Vida Contemplativa<\/em>, 172; <em>op. cit. Perfectae Caritatis<\/em>, 7.<\/p><p><a href=\"#_ftnref3\" name=\"_ftn3\">[3]<\/a> 46.<\/p><p><a href=\"#_ftnref4\" name=\"_ftn4\">[4]<\/a> 7.<\/p><p><a href=\"#_ftnref5\" name=\"_ftn5\">[5]<\/a> <em>CIC<\/em>, can. 674.<\/p><p><a href=\"#_ftnref6\" name=\"_ftn6\">[6]<\/a> <em>Autobiograf\u00eda<\/em>, traducci\u00f3n de Sr. Immakulata Adamaska, citado por San Juan Pablo II, <em>A las religiosas de clausura en Varsovia<\/em>, (8\/6\/1987).<\/p><p><a href=\"#_ftnref7\" name=\"_ftn7\">[7]<\/a> Cf. Lc 10,42.<\/p><p><a href=\"#_ftnref8\" name=\"_ftn8\">[8]<\/a> Cf. San Pedro Juli\u00e1n Eymard, <em>Obras Eucar\u00edsticas<\/em>, 3\u00aa serie, Directorio de los afiliados a la Congregaci\u00f3n del sant\u00edsimo Sacramento, II Parte, cap. 1, p. 551.<\/p><p><a href=\"#_ftnref9\" name=\"_ftn9\">[9]<\/a> 93.<\/p><p><a href=\"#_ftnref10\" name=\"_ftn10\">[10]<\/a> Cf. San Juan Pablo II, <em>A las ordenes cisterciense y trapense en Castelgandolfo<\/em>, (14\/9\/1990).<\/p><p><a href=\"#_ftnref11\" name=\"_ftn11\">[11]<\/a> <em>Ibidem<\/em>.<\/p><p><a href=\"#_ftnref12\" name=\"_ftn12\">[12]<\/a> <em>Directorio de Vida Contemplativa<\/em>, 3.<\/p><p><a href=\"#_ftnref13\" name=\"_ftn13\">[13]<\/a> <a href=\"https:\/\/www.vaticannews.va\/es\/iglesia\/news\/2021-03\/monjes-de-tibhirine-25-aniversario-de-su-secuestro-argelia.html\">https:\/\/www.vaticannews.va\/es\/iglesia\/news\/2021-03\/monjes-de-tibhirine-25-aniversario-de-su-secuestro-argelia.html<\/a><\/p><p><a href=\"#_ftnref14\" name=\"_ftn14\">[14]<\/a> 44 benedictinos, 19 cistercienses, 6 cartujos, 1 jer\u00f3nimo de Madrid y 2 ermita\u00f1os de la Luz en Murcia.<\/p><p><a href=\"#_ftnref15\" name=\"_ftn15\">[15]<\/a> 93.<\/p><p><a href=\"#_ftnref16\" name=\"_ftn16\">[16]<\/a> <em>Perfectae Caritatis<\/em>, 9. Citado en el <em>Directorio de Vida Contemplativa<\/em>, pie de p\u00e1gina 192.<\/p>\t\t\t\t\t\t\t\t<\/div>\n\t\t\t\t<\/div>\n\t\t\t\t\t<\/div>\n\t\t<\/div>\n\t\t\t\t\t<\/div>\n\t\t<\/section>\n\t\t\t\t<\/div>\n\t\t","protected":false},"excerpt":{"rendered":"<p>Son el honor de la Iglesia y el torrente de gracias celestiales Directorio de Vida Contemplativa, 172; op. cit. Perfectae Caritatis, 7 [Exordio] He venido muy gustosamente a este querido monasterio para manifestarles no solo la estima y el afecto, sino nuestro profundo agradecimiento por las oraciones de todos Ustedes. Eso en primer lugar. En [&hellip;]<\/p>\n","protected":false},"author":1,"featured_media":7829,"comment_status":"closed","ping_status":"closed","sticky":false,"template":"","format":"standard","meta":{"site-sidebar-layout":"default","site-content-layout":"default","ast-site-content-layout":"default","site-content-style":"default","site-sidebar-style":"default","ast-global-header-display":"","ast-banner-title-visibility":"","ast-main-header-display":"","ast-hfb-above-header-display":"","ast-hfb-below-header-display":"","ast-hfb-mobile-header-display":"","site-post-title":"","ast-breadcrumbs-content":"","ast-featured-img":"","footer-sml-layout":"","theme-transparent-header-meta":"default","adv-header-id-meta":"","stick-header-meta":"","header-above-stick-meta":"","header-main-stick-meta":"","header-below-stick-meta":"","astra-migrate-meta-layouts":"set","ast-page-background-enabled":"default","ast-page-background-meta":{"desktop":{"background-color":"","background-image":"","background-repeat":"repeat","background-position":"center center","background-size":"auto","background-attachment":"scroll","background-type":"","background-media":"","overlay-type":"","overlay-color":"","overlay-opacity":"","overlay-gradient":""},"tablet":{"background-color":"","background-image":"","background-repeat":"repeat","background-position":"center center","background-size":"auto","background-attachment":"scroll","background-type":"","background-media":"","overlay-type":"","overlay-color":"","overlay-opacity":"","overlay-gradient":""},"mobile":{"background-color":"","background-image":"","background-repeat":"repeat","background-position":"center center","background-size":"auto","background-attachment":"scroll","background-type":"","background-media":"","overlay-type":"","overlay-color":"","overlay-opacity":"","overlay-gradient":""}},"ast-content-background-meta":{"desktop":{"background-color":"var(--ast-global-color-5)","background-image":"","background-repeat":"repeat","background-position":"center center","background-size":"auto","background-attachment":"scroll","background-type":"","background-media":"","overlay-type":"","overlay-color":"","overlay-opacity":"","overlay-gradient":""},"tablet":{"background-color":"var(--ast-global-color-5)","background-image":"","background-repeat":"repeat","background-position":"center center","background-size":"auto","background-attachment":"scroll","background-type":"","background-media":"","overlay-type":"","overlay-color":"","overlay-opacity":"","overlay-gradient":""},"mobile":{"background-color":"var(--ast-global-color-5)","background-image":"","background-repeat":"repeat","background-position":"center center","background-size":"auto","background-attachment":"scroll","background-type":"","background-media":"","overlay-type":"","overlay-color":"","overlay-opacity":"","overlay-gradient":""}},"footnotes":""},"categories":[9],"tags":[380],"class_list":["post-7828","post","type-post","status-publish","format-standard","has-post-thumbnail","hentry","category-homilias","tag-monasterio-cristo-cuerpo-mistico-espiritualidad-evangelizacion-fe-gracia-iglesia-lectio-divina-monjes-oracion-penitencia-sacrificio-trascendencia"],"_links":{"self":[{"href":"https:\/\/nuestrocarisma.org\/index.php\/wp-json\/wp\/v2\/posts\/7828","targetHints":{"allow":["GET"]}}],"collection":[{"href":"https:\/\/nuestrocarisma.org\/index.php\/wp-json\/wp\/v2\/posts"}],"about":[{"href":"https:\/\/nuestrocarisma.org\/index.php\/wp-json\/wp\/v2\/types\/post"}],"author":[{"embeddable":true,"href":"https:\/\/nuestrocarisma.org\/index.php\/wp-json\/wp\/v2\/users\/1"}],"replies":[{"embeddable":true,"href":"https:\/\/nuestrocarisma.org\/index.php\/wp-json\/wp\/v2\/comments?post=7828"}],"version-history":[{"count":5,"href":"https:\/\/nuestrocarisma.org\/index.php\/wp-json\/wp\/v2\/posts\/7828\/revisions"}],"predecessor-version":[{"id":7834,"href":"https:\/\/nuestrocarisma.org\/index.php\/wp-json\/wp\/v2\/posts\/7828\/revisions\/7834"}],"wp:featuredmedia":[{"embeddable":true,"href":"https:\/\/nuestrocarisma.org\/index.php\/wp-json\/wp\/v2\/media\/7829"}],"wp:attachment":[{"href":"https:\/\/nuestrocarisma.org\/index.php\/wp-json\/wp\/v2\/media?parent=7828"}],"wp:term":[{"taxonomy":"category","embeddable":true,"href":"https:\/\/nuestrocarisma.org\/index.php\/wp-json\/wp\/v2\/categories?post=7828"},{"taxonomy":"post_tag","embeddable":true,"href":"https:\/\/nuestrocarisma.org\/index.php\/wp-json\/wp\/v2\/tags?post=7828"}],"curies":[{"name":"wp","href":"https:\/\/api.w.org\/{rel}","templated":true}]}}