{"id":7497,"date":"2023-08-25T07:12:31","date_gmt":"2023-08-25T05:12:31","guid":{"rendered":"https:\/\/nuestrocarisma.org\/?p=7497"},"modified":"2024-09-01T07:19:25","modified_gmt":"2024-09-01T05:19:25","slug":"textos-propios-para-la-misa-de-los-martires-de-el-pueyo","status":"publish","type":"post","link":"https:\/\/nuestrocarisma.org\/index.php\/2023\/08\/25\/textos-propios-para-la-misa-de-los-martires-de-el-pueyo\/","title":{"rendered":"Textos propios para la Misa de los M\u00e1rtires de El Pueyo"},"content":{"rendered":"\t\t<div data-elementor-type=\"wp-post\" data-elementor-id=\"7497\" class=\"elementor elementor-7497\" data-elementor-post-type=\"post\">\n\t\t\t\t\t\t<section class=\"elementor-section elementor-top-section elementor-element elementor-element-e3e8887 elementor-section-boxed elementor-section-height-default elementor-section-height-default\" data-id=\"e3e8887\" data-element_type=\"section\" data-e-type=\"section\">\n\t\t\t\t\t\t<div class=\"elementor-container elementor-column-gap-default\">\n\t\t\t\t\t<div class=\"elementor-column elementor-col-100 elementor-top-column elementor-element elementor-element-444f5dd\" data-id=\"444f5dd\" data-element_type=\"column\" data-e-type=\"column\">\n\t\t\t<div class=\"elementor-widget-wrap elementor-element-populated\">\n\t\t\t\t\t\t<div class=\"elementor-element elementor-element-91e47c6 elementor-align-center elementor-widget elementor-widget-button\" data-id=\"91e47c6\" data-element_type=\"widget\" data-e-type=\"widget\" data-widget_type=\"button.default\">\n\t\t\t\t<div class=\"elementor-widget-container\">\n\t\t\t\t\t\t\t\t\t<div class=\"elementor-button-wrapper\">\n\t\t\t\t\t<a class=\"elementor-button elementor-button-link elementor-size-sm\" href=\"https:\/\/nuestrocarisma.org\/wp-content\/uploads\/2023\/08\/Misa-Martires-del-Pueyo.pdf\" target=\"_blank\">\n\t\t\t\t\t\t<span class=\"elementor-button-content-wrapper\">\n\t\t\t\t\t\t\t\t\t<span class=\"elementor-button-text\">Download PDF<\/span>\n\t\t\t\t\t<\/span>\n\t\t\t\t\t<\/a>\n\t\t\t\t<\/div>\n\t\t\t\t\t\t\t\t<\/div>\n\t\t\t\t<\/div>\n\t\t\t\t\t<\/div>\n\t\t<\/div>\n\t\t\t\t\t<\/div>\n\t\t<\/section>\n\t\t\t\t<section class=\"elementor-section elementor-top-section elementor-element elementor-element-8720a2f elementor-section-boxed elementor-section-height-default elementor-section-height-default\" data-id=\"8720a2f\" data-element_type=\"section\" data-e-type=\"section\">\n\t\t\t\t\t\t<div class=\"elementor-container elementor-column-gap-default\">\n\t\t\t\t\t<div class=\"elementor-column elementor-col-100 elementor-top-column elementor-element elementor-element-0e23597\" data-id=\"0e23597\" data-element_type=\"column\" data-e-type=\"column\">\n\t\t\t<div class=\"elementor-widget-wrap elementor-element-populated\">\n\t\t\t\t\t\t<div class=\"elementor-element elementor-element-e55be2d elementor-widget elementor-widget-text-editor\" data-id=\"e55be2d\" data-element_type=\"widget\" data-e-type=\"widget\" data-widget_type=\"text-editor.default\">\n\t\t\t\t<div class=\"elementor-widget-container\">\n\t\t\t\t\t\t\t\t\t<h3 style=\"text-align: center;\"><i><b>Misa <\/b><\/i><\/h3>\n<h3 style=\"text-align: center;\"><i><b>Santos M\u00e1rtires del Pueyo<\/b><\/i><\/h3>\n<p><span style=\"color: #ff0000;\"><i>Ant\u00edfona de entrada<\/i><\/span><\/p>\n&nbsp;\n<p><span><span>Los santos que siguieron las huellas de Cristo, viven gozosos en el cielo. Derramaron la sangre por su amor, por eso se alegran con Cristo para siempre.<\/span><\/span><\/p>\n\n<p><span style=\"color: #ff0000;\"><i>Oraci\u00f3n colecta<\/i><\/span><\/p>\n&nbsp;\n<p><span>Dios, Padre nuestro,<br>\nque al beato Mauro, presb\u00edtero, y compa\u00f1eros, m\u00e1rtires,<br>\ncon la ayuda de la Madre de Dios,<br>\nlos llevaste a la imitaci\u00f3n de Cristo hasta el derramamiento de la sangre,<br>\nconc\u00e9denos, por su ejemplo e intercesi\u00f3n,<br>\nconfesar la fe con fortaleza, de palabra y de obra.<br>\nPor nuestro Se\u00f1or Jesucristo.\n<\/span><\/p>\n\n<p><span style=\"color: #ff0000;\"><i>Oraci\u00f3n sobre las ofrendas<\/i><\/span><\/p>\n&nbsp;\n<p><span>Recibe, Padre santo,\n<br>\nlas ofrendas que te presentamos<br>\nen la fiesta de tus m\u00e1rtires Mauro Palazuelos y compa\u00f1eros,<br>\ny conc\u00e9denos la gracia<br>\nde permanecer siempre firmes<br>\nen la confesi\u00f3n de tu nombre.<br>\nPor Jesucristo nuestro Se\u00f1or.<br>\n<\/span><\/p>\n\n<p><span style=\"color: #ff0000;\"><i>Prefacio<\/i><\/span><\/p>\n<p><span style=\"color: #ff0000;\"><b>V<\/b><\/span><span style=\"color: #c7332c;\">.<\/span> El Se\u00f1or est\u00e9 con vosotros.\n<span style=\"color: #ff0000;\"><b>R<\/b><\/span><span style=\"color: #c7332c;\">.<\/span> Y con tu esp\u00edritu.<\/span><\/p>\n<p><span style=\"color: #ff0000;\"><span style=\"font-size: large;\"><b>V<\/b><\/span><\/span><span style=\"color: #c7332c;\"><span>.<\/span><\/span><span> Levantemos el coraz\u00f3n.\n<\/span><span style=\"color: #ff0000;\"><span><b>R<\/b><\/span><\/span><span style=\"color: #c7332c;\"><span>. <\/span><\/span><span>Lo tenemos levantado hacia el Se\u00f1or.<\/span><\/span><\/p>\n<p><span><span style=\"color: #ff0000;\"><b>V<\/b><\/span><span style=\"color: #ff0000;\"><span><b>.<\/b><\/span><\/span> <span>Demos gracias al Se\u00f1or nuestro Dios\n<\/span><span style=\"color: #ff0000;\"><span><b>R.<\/b><\/span><\/span><span> Es justo y necesario.<\/span><\/span><\/p>\n<p><span><span>En verdad es justo y necesario,\nes nuestro deber y salvaci\u00f3n darte gracias\nsiempre y en todo lugar,\nSe\u00f1or, Padre santo,\nDios todopoderoso y eterno.<\/span><\/span><\/p>\n<p><span><span>Porque la sangre de los gloriosos m\u00e1rtires Mauro Palazuelos y compa\u00f1eros, derramada, como la de Cristo, para confesar tu nombre, manifiesta las maravillas de tu poder; pues en su martirio has sacado fuerza de lo d\u00e9bil, haciendo de la fragilidad tu propio testimonio; por Cristo, Se\u00f1or nuestro.<\/span><\/span><\/p>\n<p><span><span>Por eso, como los \u00e1ngeles te cantan en cielo, as\u00ed nosotros en la tierra te aclamamos diciendo sin cesar:<\/span><\/span><\/p>\n<p><span><span><span lang=\"pt-BR\">Santo, Santo, Santo&#8230;<\/span><\/span><\/span><\/p>\n\n<p><span style=\"color: #ff0000;\"><span><i>Ant\u00edfona de comuni\u00f3n Lc 22, 28-30<\/i><\/span><\/span><\/p>\n&nbsp;\n<p><span><span><span>Vosotros sois los que hab\u00e9is perseverado conmigo en mis pruebas, y yo os transmito el reino -dice el Se\u00f1or-; comer\u00e9is y beber\u00e9is a mi mesa en mi reino.<\/span><\/span><\/span><\/p>\n\n<p><span style=\"color: #ff0000;\"><span><i>Oraci\u00f3n despu\u00e9s de la comuni\u00f3n<\/i><\/span><\/span><\/p>\n&nbsp;\n<p><span><span><span>Se\u00f1or y Dios nuestro,<br>\nque iluminaste el misterio de la cruz<br>\nen la muerte gloriosa de tus m\u00e1rtires,<br>\nescucha nuestra s\u00faplica<br>\ny haz que, fortalecidos por este sacrificio,<br>\nnos unamos a Cristo fielmente<br>\ny trabajemos en la Iglesia<br>\npor la salvaci\u00f3n de todos los hombres.<br>\nPor Jesucristo nuestro Se\u00f1or.<\/span><\/span><\/span><\/p>\n\n<p><span style=\"color: #ff0000;\"><span><i>Bendici\u00f3n solemne<\/i><\/span><\/span><\/p>\n<p style=\"text-align: center;\" align=\"CENTER\"><span><span style=\"color: #ff0000;\"><span>Todos los santos<\/span><\/span><\/span><\/p>\n<p><span><span>Dios, gloria y felicidad de los santos, que os ha concedido celebrar hoy esta memoria de los Beatos m\u00e1rtires Mauro Palazuelos y compa\u00f1eros os otorgue sus bendiciones eternas. <\/span><span style=\"color: #ff0000;\"><span><b>R<\/b><\/span><\/span><span style=\"color: #c7332c;\"><span>.<\/span><\/span><span> Am\u00e9n.<\/span><\/span><\/p>\n<p><span><span>Que por intercesi\u00f3n de los beatos m\u00e1rtires Mauro Palazuelos y compa\u00f1eros os ve\u00e1is libres de todo mal, y, alentados por el ejemplo de su vida, persever\u00e9is constantes en el servicio de Dios y de los hombres. <\/span><span style=\"color: #ff0000;\"><span><b>R<\/b><\/span><\/span><span style=\"color: #c7332c;\"><span>. <\/span><\/span><span>Am\u00e9n.<\/span><\/span><\/p>\n<p><span><span>Y que Dios os conceda reuniros con los santos en la felicidad del reino, donde la Iglesia contempla con gozo a sus hijos entre los moradores de la Jerusal\u00e9n celeste. <\/span><span style=\"color: #ff0000;\"><span><b>R<\/b><\/span><\/span><span style=\"color: #c7332c;\"><span>. <\/span><\/span><span>Am\u00e9n.<\/span><\/span><\/p>\n<p><span><span>Y la bendici\u00f3n de Dios todopoderoso, Padre, Hijo <\/span><span style=\"color: #ff0000;\"><span><b>+<\/b><\/span><\/span> <span>y Esp\u00edritu Santo, descienda sobre vosotros.<\/span><\/span><\/p>\n<p><span><span style=\"color: #ff0000;\"><span><b>R<\/b><\/span><\/span><span style=\"color: #c7332c;\"><span>. <\/span><\/span><span>Am\u00e9n<\/span><\/span><\/p>\n\n<h4 align=\"CENTER\"><span><span><i><b>Liturgia de la Palabra<\/b><\/i><\/span><\/span><\/h4>\n<p><span><span style=\"color: #ff0000;\"><span><span style=\"font-size: large;\"><b>PRIMERA LECTURA<\/b><\/span><\/span><\/span><\/span><\/p>\n<p><span><span style=\"color: #ff0000;\"><span><span><i>Macabeos 7,1.20-23.27b-29<\/i><\/span><\/span><\/span><\/span><\/p>\n<p><span><span><span>Lectura del segundo libro de los Macabeos\nEn aquellos d\u00edas, arrestaron a siete hermanos con su madre. El rey los hizo azotar con l\u00e1tigos y nervios para forzarlos a comer carne de cerdo, prohibida por la Ley.\nPero ninguno m\u00e1s admirable y digno de recuerdo que la madre. Viendo morir a sus siete hijos en el espacio de un d\u00eda, lo soport\u00f3 con entereza, esperando en el Se\u00f1or.\nCon noble actitud, uniendo un temple viril a la ternura femenina, fue animando a cada uno, y les dec\u00eda en su lengua:\n-\u00abYo no s\u00e9 c\u00f3mo aparecisteis en mi seno; yo no os di el aliento ni la vida, ni orden\u00e9 los elementos de vuestro organismo. Fue el Creador del universo, el que modela la raza humana y determina el origen de todo. \u00c9l, con su misericordia, os devolver\u00e1 el aliento y la vida, si ahora os sacrific\u00e1is por su ley\u00bb.\nY dijo al m\u00e1s peque\u00f1o:\n-\u00abHijo m\u00edo, ten piedad de m\u00ed, que te llev\u00e9 nueve meses en el seno, te amamant\u00e9 y cri\u00e9 tres a\u00f1os y te he alimentado hasta que te has hecho un joven. Hijo m\u00edo, te lo suplico, mira el cielo y la tierra, f\u00edjate en todo lo que contienen y ver\u00e1s que Dios lo cre\u00f3 todo de la nada, y el mismo origen tiene el hombre. No temas a ese verdugo, no desmerezcas de tus hermanos y acepta la muerte. As\u00ed, por la misericordia de Dios, te recobrar\u00e9 junto con ellos\u00bb. <\/span><\/span><\/span><\/p>\n<p><span><span><span><b>Palabra de Dios.<\/b><\/span><\/span><\/span><\/p>\n<p><span><span style=\"color: #ff0000;\"><span><span><span><b>SALMO RESPONSORIAL<\/b><\/span><\/span><\/span><\/span><\/span><\/p>\n<p><span style=\"color: #ff0000;\"> <span><span><span><span><i>Sal 30,3cd-4.6 y 8ab.16bc-17 (R.: 6a)<\/i><\/span><\/span><\/span><\/span><\/span><\/p>\n<p><span style=\"color: #ff0000;\"> <span><span><span><span><i>R. <\/i><\/span><\/span><\/span><\/span><span style=\"color: #181717;\"><span><span><span><i>A tus manos, Se\u00f1or, encomiendo mi esp\u00edritu. <\/i><\/span><\/span><\/span><\/span><\/span><\/p>\n<p><span><span style=\"color: #181717;\"><span><span><span>S\u00e9 la roca de mi refugio,\nun baluarte donde me salve,\nt\u00fa que eres mi roca y mi baluarte;\npor tu nombre dir\u00edgeme y gu\u00edame. <\/span><\/span><\/span><\/span><span style=\"color: #ff0000;\"><span><span><span>R<\/span><\/span><\/span><\/span><span style=\"color: #181717;\"><span><span><span>.<\/span><\/span><\/span><\/span><\/span><\/p>\n<p><span><span style=\"color: #181717;\"><span><span><span>A tus manos encomiendo mi esp\u00edritu:\nt\u00fa, el Dios leal, me librar\u00e1s.\nTu misericordia sea mi gozo y mi alegr\u00eda.\nTe has fijado en mi aflicci\u00f3n. <\/span><\/span><\/span><\/span><span style=\"color: #ff0000;\"><span><span><span>R<\/span><\/span><\/span><\/span><span style=\"color: #181717;\"><span><span><span>.<\/span><\/span><\/span><\/span><\/span><\/p>\n<p><span><span style=\"color: #181717;\"><span><span><span>L\u00edbrame de los enemigos que me persiguen;\nhaz brillar tu rostro sobre tu siervo;\ns\u00e1lvame por tu misericordia. <\/span><\/span><\/span><\/span><span style=\"color: #ff0000;\"><span><span><span>R<\/span><\/span><\/span><\/span><span style=\"color: #181717;\"><span><span><span>.<\/span><\/span><\/span><\/span><\/span><\/p>\n<p><span><span style=\"color: #ff0000;\"><span><span><span><b>SEGUNDA LECTURA<\/b><\/span><\/span><\/span><\/span><\/span><\/p>\n<p><span><span style=\"color: #ff0000;\"><span><span><span><i>Corintios 6,4-10<\/i><\/span><\/span><\/span><\/span><\/span><\/p>\n<p><span><span style=\"color: #181717;\"><span><span><span>Lectura de la segunda carta del ap\u00f3stol san Pablo a los Corintios<\/span><\/span><\/span><\/span><\/span><\/p>\n<p><span><span style=\"color: #181717;\"><span><span><span>Hermanos:<\/span><\/span><\/span><\/span><\/span><\/p>\n<p><span><span style=\"color: #181717;\"><span><span><span>Continuamente damos prueba de que somos ministros de Dios con lo mucho que pasamos: luchas, infortunios, apuros, golpes, c\u00e1rceles, motines, fatigas, noches sin dormir y d\u00edas sin comer; procedemos con limpieza, saber, paciencia y amabilidad, con dones del Esp\u00edritu y amor sincero, llevando la palabra de la verdad y la fuerza de Dios.<\/span><\/span><\/span><\/span><\/span><\/p>\n<p><span><span style=\"color: #181717;\"><span><span><span>Con la derecha y con la izquierda empu\u00f1amos las armas de la justicia, a trav\u00e9s de honra y afrenta, de mala y buena fama. Somos los impostores que dicen la verdad, los desconocidos conocidos de sobra, los moribundos que est\u00e1n bien vivos, los penados nunca ajusticiados, los afligidos siempre alegres, los pobretones que enriquecen a muchos, los necesitados que todo lo poseen.<\/span><\/span><\/span><\/span><\/span><\/p>\n<p><span><span style=\"color: #181717;\"><span><span><span><b>Palabra de Dios.<\/b><\/span><\/span><\/span><\/span><\/span><\/p>\n<p><span><span style=\"color: #ff0000;\"><span><span><span><b>ALELUYA<\/b><\/span><\/span><\/span><\/span><\/span><\/p>\n<p><span><span style=\"color: #181717;\"><span><span><span><i>A ti, oh Dios, te alabamos, a ti, Se\u00f1or, te reconocemos.\nA ti te ensalza el blanco ej\u00e9rcito de los m\u00e1rtires.<\/i><\/span><\/span><\/span><\/span><\/span><\/p>\n<p><span><span style=\"color: #ff0000;\"><span><span><span><b>EVANGELIO: <\/b><\/span><\/span><\/span><\/span><\/span><\/p>\n<p><span><span style=\"color: #ff0000;\"><span><span><span><i>Jn. 15,18-21<\/i><\/span><\/span><\/span><\/span><\/span><\/p>\n<p><span><span style=\"color: #181717;\"><span><span><span>Lectura del santo evangelio seg\u00fan san Juan <\/span><\/span><\/span><\/span><\/span><\/p>\n<p><span><span style=\"color: #181717;\"><span><span><span>En aquel tiempo, dijo Jes\u00fas a sus disc\u00edpulos:<\/span><\/span><\/span><\/span><\/span><\/p>\n<p><span><span style=\"color: #181717;\"><span><span><span>-\u00abSi el mundo os odia, sabed que me ha odiado a m\u00ed antes que a vosotros. Si fuerais del mundo, el mundo os amar\u00eda como cosa suya, pero como no sois del mundo, sino que yo os he escogido sac\u00e1ndoos del mundo, por eso el mundo os odia.<\/span><\/span><\/span><\/span><\/span><\/p>\n<p><span><span style=\"color: #181717;\"><span><span><span>Recordad lo que os dije: \u201cNo es el siervo m\u00e1s que su amo. Si a m\u00ed me han perseguido, tambi\u00e9n a vosotros os perseguir\u00e1n; si han guardado mi palabra, tambi\u00e9n guardar\u00e1n la vuestra\u201d.<\/span><\/span><\/span><\/span><\/span><\/p>\n<p><span><span style=\"color: #181717;\"><span><span><span lang=\"es-AR\">Y todo eso lo har\u00e1n con vosotros a causa de mi nombre, porque no conocen al que me envi\u00f3\u00bb. <\/span><\/span><\/span><\/span><\/span><\/p>\n<p><span><span style=\"color: #181717;\"><span><span><span><b>Palabra del Se\u00f1or.<\/b><\/span><\/span><\/span><\/span><\/span><\/p>\n\t\t\t\t\t\t\t\t<\/div>\n\t\t\t\t<\/div>\n\t\t\t\t\t<\/div>\n\t\t<\/div>\n\t\t\t\t\t<\/div>\n\t\t<\/section>\n\t\t\t\t<\/div>\n\t\t","protected":false},"excerpt":{"rendered":"<p>Download PDF Misa Santos M\u00e1rtires del Pueyo Ant\u00edfona de entrada &nbsp; Los santos que siguieron las huellas de Cristo, viven gozosos en el cielo. Derramaron la sangre por su amor, por eso se alegran con Cristo para siempre. Oraci\u00f3n colecta &nbsp; Dios, Padre nuestro, que al beato Mauro, presb\u00edtero, y compa\u00f1eros, m\u00e1rtires, con la ayuda [&hellip;]<\/p>\n","protected":false},"author":1,"featured_media":7510,"comment_status":"closed","ping_status":"closed","sticky":false,"template":"","format":"standard","meta":{"site-sidebar-layout":"default","site-content-layout":"default","ast-site-content-layout":"default","site-content-style":"default","site-sidebar-style":"default","ast-global-header-display":"","ast-banner-title-visibility":"","ast-main-header-display":"","ast-hfb-above-header-display":"","ast-hfb-below-header-display":"","ast-hfb-mobile-header-display":"","site-post-title":"","ast-breadcrumbs-content":"","ast-featured-img":"","footer-sml-layout":"","theme-transparent-header-meta":"default","adv-header-id-meta":"","stick-header-meta":"","header-above-stick-meta":"","header-main-stick-meta":"","header-below-stick-meta":"","astra-migrate-meta-layouts":"set","ast-page-background-enabled":"default","ast-page-background-meta":{"desktop":{"background-color":"","background-image":"","background-repeat":"repeat","background-position":"center center","background-size":"auto","background-attachment":"scroll","background-type":"","background-media":"","overlay-type":"","overlay-color":"","overlay-opacity":"","overlay-gradient":""},"tablet":{"background-color":"","background-image":"","background-repeat":"repeat","background-position":"center center","background-size":"auto","background-attachment":"scroll","background-type":"","background-media":"","overlay-type":"","overlay-color":"","overlay-opacity":"","overlay-gradient":""},"mobile":{"background-color":"","background-image":"","background-repeat":"repeat","background-position":"center center","background-size":"auto","background-attachment":"scroll","background-type":"","background-media":"","overlay-type":"","overlay-color":"","overlay-opacity":"","overlay-gradient":""}},"ast-content-background-meta":{"desktop":{"background-color":"var(--ast-global-color-5)","background-image":"","background-repeat":"repeat","background-position":"center center","background-size":"auto","background-attachment":"scroll","background-type":"","background-media":"","overlay-type":"","overlay-color":"","overlay-opacity":"","overlay-gradient":""},"tablet":{"background-color":"var(--ast-global-color-5)","background-image":"","background-repeat":"repeat","background-position":"center center","background-size":"auto","background-attachment":"scroll","background-type":"","background-media":"","overlay-type":"","overlay-color":"","overlay-opacity":"","overlay-gradient":""},"mobile":{"background-color":"var(--ast-global-color-5)","background-image":"","background-repeat":"repeat","background-position":"center center","background-size":"auto","background-attachment":"scroll","background-type":"","background-media":"","overlay-type":"","overlay-color":"","overlay-opacity":"","overlay-gradient":""}},"footnotes":""},"categories":[40],"tags":[],"class_list":["post-7497","post","type-post","status-publish","format-standard","has-post-thumbnail","hentry","category-liturgia"],"_links":{"self":[{"href":"https:\/\/nuestrocarisma.org\/index.php\/wp-json\/wp\/v2\/posts\/7497","targetHints":{"allow":["GET"]}}],"collection":[{"href":"https:\/\/nuestrocarisma.org\/index.php\/wp-json\/wp\/v2\/posts"}],"about":[{"href":"https:\/\/nuestrocarisma.org\/index.php\/wp-json\/wp\/v2\/types\/post"}],"author":[{"embeddable":true,"href":"https:\/\/nuestrocarisma.org\/index.php\/wp-json\/wp\/v2\/users\/1"}],"replies":[{"embeddable":true,"href":"https:\/\/nuestrocarisma.org\/index.php\/wp-json\/wp\/v2\/comments?post=7497"}],"version-history":[{"count":12,"href":"https:\/\/nuestrocarisma.org\/index.php\/wp-json\/wp\/v2\/posts\/7497\/revisions"}],"predecessor-version":[{"id":8663,"href":"https:\/\/nuestrocarisma.org\/index.php\/wp-json\/wp\/v2\/posts\/7497\/revisions\/8663"}],"wp:featuredmedia":[{"embeddable":true,"href":"https:\/\/nuestrocarisma.org\/index.php\/wp-json\/wp\/v2\/media\/7510"}],"wp:attachment":[{"href":"https:\/\/nuestrocarisma.org\/index.php\/wp-json\/wp\/v2\/media?parent=7497"}],"wp:term":[{"taxonomy":"category","embeddable":true,"href":"https:\/\/nuestrocarisma.org\/index.php\/wp-json\/wp\/v2\/categories?post=7497"},{"taxonomy":"post_tag","embeddable":true,"href":"https:\/\/nuestrocarisma.org\/index.php\/wp-json\/wp\/v2\/tags?post=7497"}],"curies":[{"name":"wp","href":"https:\/\/api.w.org\/{rel}","templated":true}]}}