{"id":6986,"date":"2023-05-12T08:35:08","date_gmt":"2023-05-12T06:35:08","guid":{"rendered":"https:\/\/nuestrocarisma.org\/?p=6986"},"modified":"2025-04-24T10:59:12","modified_gmt":"2025-04-24T08:59:12","slug":"santa-gianna-beretta-molla","status":"publish","type":"post","link":"https:\/\/nuestrocarisma.org\/index.php\/2023\/05\/12\/santa-gianna-beretta-molla\/","title":{"rendered":"Ser madre es una elecci\u00f3n de vida"},"content":{"rendered":"\t\t<div data-elementor-type=\"wp-post\" data-elementor-id=\"6986\" class=\"elementor elementor-6986\" data-elementor-post-type=\"post\">\n\t\t\t\t\t\t<section class=\"elementor-section elementor-top-section elementor-element elementor-element-8720a2f elementor-section-boxed elementor-section-height-default elementor-section-height-default\" data-id=\"8720a2f\" data-element_type=\"section\" data-e-type=\"section\">\n\t\t\t\t\t\t<div class=\"elementor-container elementor-column-gap-default\">\n\t\t\t\t\t<div class=\"elementor-column elementor-col-100 elementor-top-column elementor-element elementor-element-0e23597\" data-id=\"0e23597\" data-element_type=\"column\" data-e-type=\"column\">\n\t\t\t<div class=\"elementor-widget-wrap elementor-element-populated\">\n\t\t\t\t\t\t<div class=\"elementor-element elementor-element-e55be2d elementor-widget elementor-widget-text-editor\" data-id=\"e55be2d\" data-element_type=\"widget\" data-e-type=\"widget\" data-widget_type=\"text-editor.default\">\n\t\t\t\t<div class=\"elementor-widget-container\">\n\t\t\t\t\t\t\t\t\t<p><strong>[Exordio] <\/strong>Hoy Dios nos concede la gracia de encontramos en este lugar para celebrar la augusta memoria de Santa Gianna Beretta Molla. Celebraci\u00f3n que se hace a\u00fan m\u00e1s hermosa y sobrecogedora ante la presencia de su hija Gianna Emanuela. No todos los d\u00edas uno tiene la oportunidad de celebrar la misa en compa\u00f1\u00eda de la familia directa del santo, es por eso que esta es una gracia especial.<\/p><p>En una audiencia general de hace unos a\u00f1os el Santo Padre dec\u00eda: \u201cser madre no significa s\u00f3lo traer al mundo un hijo, sino es tambi\u00e9n una elecci\u00f3n de vida\u201d<a href=\"#_ftn1\" name=\"_ftnref1\">[1]<\/a>. Y \u201cdar la vida,\u201d contin\u00faa diciendo el Papa es \u201ctener esp\u00edritu de martirio, es entregarla en el deber, en el silencio, en la oraci\u00f3n, en el cumplimiento honesto del deber; en ese silencio de la vida cotidiana, [\u2026] es el testimoniar siempre, incluso en los peores momentos, la ternura, la entrega, la fuerza moral\u201d.<\/p><p>Si esto se dice de toda madre, cu\u00e1nto m\u00e1s se pueden aplicar estas palabras a Santa Gianna.<\/p><h4><strong>Elecci\u00f3n heroica y ejemplar<\/strong><\/h4><p>A esta mujer, esposa y madre que hizo una elecci\u00f3n monumental, una opci\u00f3n heroica y ejemplar y que testimoniar\u00e1 a lo largo de los siglos \u2013como dec\u00eda Juan Pablo Magno\u2013 \u201cque s\u00f3lo se realiza a s\u00ed mismo quien tiene la valent\u00eda de entregarse totalmente a Dios y a los hermanos\u201d.<\/p><p>Opci\u00f3n que habla de muchas opciones previas, quiz\u00e1s m\u00e1s peque\u00f1as, pero definitivamente cargadas de amor verdadero y por lo tanto sacrificiales. Me complace citar en este punto a su mismo esposo, Pietro Molla, quien hablando de la elecci\u00f3n hecha por su amada esposa dec\u00eda: \u201cel suyo es ciertamente un testimonio heroico de amor maternal. Su elecci\u00f3n de amor fue extremadamente dif\u00edcil considerando que era una madre que amaba a sus otros tres hijos intensamente y que amaba la vida misma. Su elecci\u00f3n no puede ser entendida y valorada propiamente sino a la luz de las firmes convicciones de Gianna, de su conciencia como madre, de su inconmovible confianza en la Providencia. [\u2026] Ciertamente fue una elecci\u00f3n dram\u00e1tica [\u2026] un sacrificio tremendo y que pone de manifiesto su confianza en la Providencia\u201d<a href=\"#_ftn2\" name=\"_ftnref2\">[2]<\/a>.<\/p><h4><strong>Nuestras opciones<\/strong><\/h4><p>Del mismo modo, cada uno de nosotros aqu\u00ed presentes, estamos llamados a hacer diariamente nuestras opciones, peque\u00f1as y grandes, algunas m\u00e1s dram\u00e1ticas que otras, pero <em>siempre fieles<\/em> a nuestras convicciones, a la fe que profesamos; haciendo de nuestras vidas \u201cun culto incesante a la divina Providencia\u201d<a href=\"#_ftn3\" name=\"_ftnref3\">[3]<\/a>. Seguros de que Dios que <em>ve en lo secreto nos recompensar\u00e1<\/em><a href=\"#_ftn4\" name=\"_ftnref4\">[4]<\/a>. Porque es de estas peque\u00f1as fidelidades que nacen las grandes santidades<a href=\"#_ftn5\" name=\"_ftnref5\">[5]<\/a> que aguijonear\u00e1n a muchos otros a seguir al Verbo Encarnado cargando su propia cruz. Santa Gianna dec\u00eda: \u201c<em>El secreto de la felicidad es vivir momento a momento y agradecer a Dios por todo lo que \u00c9l, en su bondad, nos env\u00eda d\u00eda tras d\u00eda<\/em>\u201d. \u00a1Eso es confiar en la Providencia!<\/p><p>Por eso, para m\u00ed, en mi modesto pensar, el magn\u00edfico ejemplo de Santa Gianna nos ense\u00f1a a las claras una gran verdad de la vida y es que la opci\u00f3n por el bien \u2013el verdadero ejercicio de nuestra libertad\u2013 trae aparejado tant\u00edsimas veces el sufrimiento y la cruz. Sufrimiento que se debe sobrellevar con serena aceptaci\u00f3n, con confianza en la Providencia que de los males sabe sacar bienes. Y, cruz que se debe llevar todos los d\u00edas, cualquiera sea nuestra vocaci\u00f3n, o nuestra ocupaci\u00f3n en la vida. Porque como lo demuestra la vida de Santa Gianna es en la oblaci\u00f3n de uno mismo que se es fecundo, que se da fruto.<\/p><p>De aqu\u00ed que el ejemplo heroico de amor y fidelidad de Santa Gianna hable con elocuencia a cada persona que vive en nuestra \u00e9poca tumultuosa y confusa. Como hija y hermana en una familia, ella era un modelo de servicio y diligencia en el estudio. Cuando era joven, fue amable, alegre y sociable, pero totalmente devota y muy activa en la fe cat\u00f3lica que profes\u00f3 con tanta claridad. Como exitosa doctora, demostr\u00f3 c\u00f3mo la ciencia m\u00e9dica sirve a la dignidad de la vida humana. Como esposa y madre, hizo de Jes\u00fas el coraz\u00f3n del hogar, la fortaleza de la familia, el objetivo que deb\u00edan alcanzar. Supo tambi\u00e9n equilibrar su apretada agenda como madre trabajadora manteniendo una ardiente vida de oraci\u00f3n, especialmente a trav\u00e9s de la misa y la comuni\u00f3n diarias y del rezo de su Rosario tambi\u00e9n diario. En definitiva, Santa Gianna nos dice: <em>\u201cCuando uno cumple con su propio deber, uno no debe preocuparse, porque la ayuda de Dios no faltar\u00e1\u201d.<\/em><\/p><p>El ejemplo luminoso de esta esposa y madre nos recuerda que \u201cel amor es una luz \u2013en el fondo la \u00fanica\u2013 que ilumina constantemente a un mundo oscuro y nos da la fuerza para vivir y actuar\u201d<a href=\"#_ftn6\" name=\"_ftnref6\">[6]<\/a>. Teng\u00e1moslo siempre presente en nuestras elecciones.<\/p><p><strong>[Peroratio] <\/strong>Santa Gianna fue la \u00faltima santa que canoniz\u00f3 San Juan Pablo II. Al final de su homil\u00eda de canonizaci\u00f3n el Santo Padre ped\u00eda: \u201c<em>Que no se turbe vuestro coraz\u00f3n ni se acobarde<\/em><a href=\"#_ftn7\" name=\"_ftnref7\">[7]<\/a>. Las vicisitudes terrenas por las que pas\u00f3 la santa nos estimulan a perseverar en nuestro camino, confiando en la ayuda de Dios y en la protecci\u00f3n materna de Mar\u00eda\u201d<a href=\"#_ftn8\" name=\"_ftnref8\">[8]<\/a>. Petici\u00f3n que hoy renovamos delante de sus restos mortales. A ella le pedimos que desde el cielo vele sobre cada uno de nosotros y nos sostenga con su poderosa intercesi\u00f3n para elegir siempre y en todo lugar el bien, el amor, el Sumo Bien.<\/p><p>\u00a1Feliz d\u00eda de Santa Gianna Beretta Molla para todos!<\/p><p><a href=\"#_ftnref1\" name=\"_ftn1\">[1]<\/a> Mi\u00e9rcoles 7 de enero de 2015.<\/p><p><a href=\"#_ftnref2\" name=\"_ftn2\">[2]<\/a> Cf. Pietro Molla &amp; Elio Guerreiro, <em>Saint Gianna Molla: Wife, Mother and Doctor<\/em>, II Parte, 5. [Traducido del ingl\u00e9s]<\/p><p><a href=\"#_ftnref3\" name=\"_ftn3\">[3]<\/a> <em>Constituciones<\/em>, 63.<\/p><p><a href=\"#_ftnref4\" name=\"_ftn4\">[4]<\/a> Mt 6, 6.<\/p><p><a href=\"#_ftnref5\" name=\"_ftn5\">[5]<\/a> Cf. Beato Paolo Manna, <em>Virtudes Apost\u00f3licas<\/em>, Carta Circular n. 19, Mil\u00e1n, 15 de diciembre de 1932.<\/p><p><a href=\"#_ftnref6\" name=\"_ftn6\">[6]<\/a> <em>Deus Caritas Est<\/em>, 6; 39.<\/p><p><a href=\"#_ftnref7\" name=\"_ftn7\">[7]<\/a> Jn\u00a014, 28.<\/p><p><a href=\"#_ftnref8\" name=\"_ftn8\">[8]<\/a> <em>Homil\u00eda de Canonizaci\u00f3n<\/em>, 16 de mayo de 2004.<\/p>\t\t\t\t\t\t\t\t<\/div>\n\t\t\t\t<\/div>\n\t\t\t\t\t<\/div>\n\t\t<\/div>\n\t\t\t\t\t<\/div>\n\t\t<\/section>\n\t\t\t\t<\/div>\n\t\t","protected":false},"excerpt":{"rendered":"<p>[Exordio] Hoy Dios nos concede la gracia de encontramos en este lugar para celebrar la augusta memoria de Santa Gianna Beretta Molla. Celebraci\u00f3n que se hace a\u00fan m\u00e1s hermosa y sobrecogedora ante la presencia de su hija Gianna Emanuela. No todos los d\u00edas uno tiene la oportunidad de celebrar la misa en compa\u00f1\u00eda de la [&hellip;]<\/p>\n","protected":false},"author":1,"featured_media":6987,"comment_status":"closed","ping_status":"closed","sticky":false,"template":"","format":"standard","meta":{"site-sidebar-layout":"default","site-content-layout":"default","ast-site-content-layout":"default","site-content-style":"default","site-sidebar-style":"default","ast-global-header-display":"","ast-banner-title-visibility":"","ast-main-header-display":"","ast-hfb-above-header-display":"","ast-hfb-below-header-display":"","ast-hfb-mobile-header-display":"","site-post-title":"","ast-breadcrumbs-content":"","ast-featured-img":"","footer-sml-layout":"","theme-transparent-header-meta":"default","adv-header-id-meta":"","stick-header-meta":"","header-above-stick-meta":"","header-main-stick-meta":"","header-below-stick-meta":"","astra-migrate-meta-layouts":"set","ast-page-background-enabled":"default","ast-page-background-meta":{"desktop":{"background-color":"","background-image":"","background-repeat":"repeat","background-position":"center center","background-size":"auto","background-attachment":"scroll","background-type":"","background-media":"","overlay-type":"","overlay-color":"","overlay-gradient":""},"tablet":{"background-color":"","background-image":"","background-repeat":"repeat","background-position":"center center","background-size":"auto","background-attachment":"scroll","background-type":"","background-media":"","overlay-type":"","overlay-color":"","overlay-gradient":""},"mobile":{"background-color":"","background-image":"","background-repeat":"repeat","background-position":"center center","background-size":"auto","background-attachment":"scroll","background-type":"","background-media":"","overlay-type":"","overlay-color":"","overlay-gradient":""}},"ast-content-background-meta":{"desktop":{"background-color":"var(--ast-global-color-5)","background-image":"","background-repeat":"repeat","background-position":"center center","background-size":"auto","background-attachment":"scroll","background-type":"","background-media":"","overlay-type":"","overlay-color":"","overlay-gradient":""},"tablet":{"background-color":"var(--ast-global-color-5)","background-image":"","background-repeat":"repeat","background-position":"center center","background-size":"auto","background-attachment":"scroll","background-type":"","background-media":"","overlay-type":"","overlay-color":"","overlay-gradient":""},"mobile":{"background-color":"var(--ast-global-color-5)","background-image":"","background-repeat":"repeat","background-position":"center center","background-size":"auto","background-attachment":"scroll","background-type":"","background-media":"","overlay-type":"","overlay-color":"","overlay-gradient":""}},"footnotes":""},"categories":[9],"tags":[463],"class_list":["post-6986","post","type-post","status-publish","format-standard","has-post-thumbnail","hentry","category-homilias","tag-hermanas1"],"_links":{"self":[{"href":"https:\/\/nuestrocarisma.org\/index.php\/wp-json\/wp\/v2\/posts\/6986","targetHints":{"allow":["GET"]}}],"collection":[{"href":"https:\/\/nuestrocarisma.org\/index.php\/wp-json\/wp\/v2\/posts"}],"about":[{"href":"https:\/\/nuestrocarisma.org\/index.php\/wp-json\/wp\/v2\/types\/post"}],"author":[{"embeddable":true,"href":"https:\/\/nuestrocarisma.org\/index.php\/wp-json\/wp\/v2\/users\/1"}],"replies":[{"embeddable":true,"href":"https:\/\/nuestrocarisma.org\/index.php\/wp-json\/wp\/v2\/comments?post=6986"}],"version-history":[{"count":6,"href":"https:\/\/nuestrocarisma.org\/index.php\/wp-json\/wp\/v2\/posts\/6986\/revisions"}],"predecessor-version":[{"id":9735,"href":"https:\/\/nuestrocarisma.org\/index.php\/wp-json\/wp\/v2\/posts\/6986\/revisions\/9735"}],"wp:featuredmedia":[{"embeddable":true,"href":"https:\/\/nuestrocarisma.org\/index.php\/wp-json\/wp\/v2\/media\/6987"}],"wp:attachment":[{"href":"https:\/\/nuestrocarisma.org\/index.php\/wp-json\/wp\/v2\/media?parent=6986"}],"wp:term":[{"taxonomy":"category","embeddable":true,"href":"https:\/\/nuestrocarisma.org\/index.php\/wp-json\/wp\/v2\/categories?post=6986"},{"taxonomy":"post_tag","embeddable":true,"href":"https:\/\/nuestrocarisma.org\/index.php\/wp-json\/wp\/v2\/tags?post=6986"}],"curies":[{"name":"wp","href":"https:\/\/api.w.org\/{rel}","templated":true}]}}