{"id":6672,"date":"2023-01-27T08:04:23","date_gmt":"2023-01-27T06:04:23","guid":{"rendered":"https:\/\/nuestrocarisma.org\/?p=6672"},"modified":"2026-02-02T08:33:01","modified_gmt":"2026-02-02T06:33:01","slug":"textos-propios-para-la-celebracion-de-san-juan-bosco","status":"publish","type":"post","link":"https:\/\/nuestrocarisma.org\/index.php\/2023\/01\/27\/textos-propios-para-la-celebracion-de-san-juan-bosco\/","title":{"rendered":"Textos propios para la celebraci\u00f3n de San Juan Bosco"},"content":{"rendered":"\t\t<div data-elementor-type=\"wp-post\" data-elementor-id=\"6672\" class=\"elementor elementor-6672\" data-elementor-post-type=\"post\">\n\t\t\t\t\t\t<section class=\"elementor-section elementor-top-section elementor-element elementor-element-8720a2f elementor-section-boxed elementor-section-height-default elementor-section-height-default\" data-id=\"8720a2f\" data-element_type=\"section\" data-e-type=\"section\">\n\t\t\t\t\t\t<div class=\"elementor-container elementor-column-gap-default\">\n\t\t\t\t\t<div class=\"elementor-column elementor-col-100 elementor-top-column elementor-element elementor-element-0e23597\" data-id=\"0e23597\" data-element_type=\"column\" data-e-type=\"column\">\n\t\t\t<div class=\"elementor-widget-wrap elementor-element-populated\">\n\t\t\t\t\t\t<div class=\"elementor-element elementor-element-e55be2d elementor-widget elementor-widget-text-editor\" data-id=\"e55be2d\" data-element_type=\"widget\" data-e-type=\"widget\" data-widget_type=\"text-editor.default\">\n\t\t\t\t<div class=\"elementor-widget-container\">\n\t\t\t\t\t\t\t\t\t<h4 style=\"text-align: center;\"><strong><em>Misa de San Juan Bosco<\/em><\/strong><\/h4><h4 style=\"text-align: center;\"><strong><em>Presb\u00edtero<\/em><\/strong><\/h4><p><strong><em>Ant\u00edfona de entrada 1 Rey. 5, 9<\/em><\/strong><\/p><p>El se\u00f1or le dio sabidur\u00eda e inteligencia<br \/>y un coraz\u00f3n grande como las playas junto al mar<\/p><p><strong><em>Oraci\u00f3n colecta<\/em><\/strong><\/p><p>Se\u00f1or, Dios nuestro,<br \/>en tu providencia nos has dado a San Juan Bosco,<br \/>padre y maestro de los j\u00f3venes,<br \/>que, bajo la gu\u00eda de la Virgen Mar\u00eda,<br \/>trabaj\u00f3 con entrega infatigable por el bien de la Iglesia;<br \/>suscita tambi\u00e9n en nosotros la misma caridad apost\u00f3lica,<br \/>que nos impulse a buscar la salvaci\u00f3n de los hermanos<br \/>para servirte a ti, \u00fanico y sumo bien.<br \/>Por nuestro Se\u00f1or Jesucristo.<\/p><p><strong><em>Oraci\u00f3n de los fieles<\/em><\/strong><\/p><p>En esta celebraci\u00f3n en honor del padre y maestro de la juventud, oremos, hermanos, a Dios Padre, siempre dispuesto a acoger las preces de sus hijos.<\/p><p><em><strong>R.<\/strong> Escucha, Padre, nuestra oraci\u00f3n.<\/em><\/p><p>1. Por el Papa, los obispos, sacerdotes y di\u00e1conos: para que anuncien el Evangelio de<br \/>la verdad y la alegr\u00eda dando un testimonio gozoso de su vocaci\u00f3n, roguemos al Se\u00f1or.<\/p><p>2. Por los Salesianos y las Hijas de Mar\u00eda Auxiliadora: para que, imitando a San Juan<br \/>Bosco en la entrega total de su vida al servicio de los j\u00f3venes, sepan formar en ellos la verdadera imagen de Cristo, roguemos al Se\u00f1or.<\/p><p>3. Por los j\u00f3venes abandonados, marginados y sin ideales: para que en cada hijo de<br \/>San Juan Bosco hallen un amigo que los ayude a orientar su vida seg\u00fan el Evangelio,<br \/>roguemos al Se\u00f1or.<\/p><p>4. Por cuantos trabajan en la educaci\u00f3n cristiana de los j\u00f3venes: para que vean en su<br \/>santo patrono un maestro y gu\u00eda en que inspirar su misi\u00f3n, roguemos al Se\u00f1or.<\/p><p>5. Por todos nosotros: para que sepamos practicar a diario la ense\u00f1anza evang\u00e9lica de<br \/>la mutua acogida, a fin de que un d\u00eda podamos ser recibidos por Jesucristo, roguemos al Se\u00f1or.<\/p><p><strong>Oh Dios, siempre fiel, que diste a San Juan Bosco un coraz\u00f3n grande y generoso, escucha nuestra oraci\u00f3n, para que, guiados por tu Esp\u00edritu, sepamos vivir a diario lo que te pedimos con fe. Por Jesucristo, nuestro Se\u00f1or.<\/strong><\/p><p><strong><em>O bien:<\/em><\/strong><\/p><p>Hermanos, al celebrar la solemnidad de San Juan Bosco, servidor fiel de la Iglesia y educador de los j\u00f3venes, dirijamos con fe nuestras s\u00faplicas a Dios, rico en misericordia y bondad.<\/p><p><em><strong>R.<\/strong> Gu\u00edanos, Padre, por el camino de la vida.<\/em><em>\u00a0<\/em><\/p><p>1. Por la Santa Iglesia de Dios: para que el Se\u00f1or, que suscita santos seg\u00fan los<br \/>tiempos y necesidades, haga surgir tambi\u00e9n en nuestra \u00e9poca ap\u00f3stoles celosos, maestros de la fe y animadores espirituales, roguemos al Se\u00f1or.<\/p><p>2. Por las comunidades eclesiales: para que superando cualquier forma de ego\u00edsmo<br \/>trabajen con incansable aliento por los pobres, los d\u00e9biles y los \u00faltimos, y procuren<br \/>superar toda marginaci\u00f3n, roguemos al Se\u00f1or.<\/p><p>3. Por los j\u00f3venes: para que sepan captar las verdaderas exigencias de la historia y<br \/>trabajen con generosidad por un ma\u00f1ana m\u00e1s humano y cristiano, roguemos al Se\u00f1or.<\/p><p>4. Por los padres y los educadores: para que ayuden a las familias, a las parroquias y a<br \/>los colegios a desarrollar el sentido de corresponsabilidad en la formaci\u00f3n de los<br \/>adolescentes y j\u00f3venes, roguemos al Se\u00f1or.<\/p><p>5. Por la familia salesiana: para que, atenta a los signos de los tiempos e imitando el<br \/>ejemplo de San Juan Bosco, trabaje con denuedo en la salvaci\u00f3n completa del hombre, roguemos al Se\u00f1or.<\/p><p>6. Por los que estamos reunidos aqu\u00ed: para que busquemos siempre lo que es<br \/>realmente verdadero, justo y virtuoso, y hagamos de nuestra vida una incesante acci\u00f3n de gracias a Dios, roguemos al Se\u00f1or.<\/p><p><strong>Se\u00f1or y Padre nuestro, danos una fe rica en obras y una caridad sin fronteras, para que en las situaciones de cada d\u00eda podamos ser, como San Juan Bosco, signos y portadores de tu amor a los j\u00f3venes. Por Jesucristo, nuestro Se\u00f1or.<\/strong><\/p><p><strong><em>Oraci\u00f3n sobre las ofrendas<\/em><\/strong><\/p><p>Acepta, Padre santo,<br \/>el sacrificio que te ofrecemos con fe sincera,<br \/>y haz que te amemos sobre todas las cosas, a fin de que nuestra<br \/>vida sea un himno en tu honor. Por Jesucristo, nuestro Se\u00f1or.<\/p><p><strong><em>Prefacio<\/em><\/strong><\/p><p>V. El Se\u00f1or est\u00e9 con vosotros.<br \/>R. Y con tu esp\u00edritu.<\/p><p>V. Levantemos el coraz\u00f3n.<br \/>R. Lo tenemos levantado hacia el Se\u00f1or.<\/p><p>V. Demos gracias al Se\u00f1or, nuestro Dios.<br \/>R. Es justo y necesario.<\/p><p>En verdad es justo darte gracias,<br \/>y deber nuestro glorificarte,<br \/>Dios grande y misericordioso,<br \/>por Cristo, tu Hijo y Salvador nuestro.<\/p><p>Porque t\u00fa, Padre de amor eterno,<br \/>suscitaste en la Iglesia a San Juan Bosco<br \/>como amigo, hermano<br \/>y padre de los j\u00f3venes,<br \/>para conducirlos<br \/>por el camino de la salvaci\u00f3n.<\/p><p>\u00c9l, con mirada prof\u00e9tica<br \/>hacia los tiempos nuevos,<br \/>los prepar\u00f3 para afrontar la vida<br \/>con honesta sabidur\u00eda<br \/>y una fe rica en obras.<\/p><p>Y, movido por tu Esp\u00edritu,<br \/>dio origen a una gran familia<br \/>para continuar por toda la tierra<br \/>su misi\u00f3n de maestro y de padre.<\/p><p>Por eso, nosotros,<br \/>congregados en asamblea de fiesta,<br \/>te cantamos un himno<br \/>de adoraci\u00f3n y alabanza,<br \/>y unidos a los \u00e1ngeles y a los santos<br \/>proclamamos sin cesar<br \/>el himno de tu gloria.<br \/>Santo, Santo, Santo&#8230;<em>\u00a0<\/em><\/p><p><strong><em>Ant\u00edfona de la comuni\u00f3n Mt 18, 5<\/em><\/strong><\/p><p>El que acoge a un ni\u00f1o como \u00e9ste en mi nombre,<br \/>me acoge a m\u00ed \u2014dice el Se\u00f1or\u2014.<em>\u00a0<\/em><\/p><p><strong><em>Oraci\u00f3n despu\u00e9s de la comuni\u00f3n<\/em><\/strong><\/p><p>Padre, nos has alimentado<br \/>con este sacramento de salvaci\u00f3n;<br \/>haz que imitemos la actividad incansable de San Juan Bosco<br \/>para conducir a los j\u00f3venes hacia el amor de Cristo, tu Hijo,<br \/>fuente inagotable de vida nueva.<br \/>\u00c9l, que vive y reina por los siglos de los siglos.<\/p><p><strong>BENDICI\u00d3N SOLEMNE<\/strong><\/p><p>El Se\u00f1or, que inspira todo buen prop\u00f3sito,<br \/>os proteja siempre con su gracia<br \/>y os ayude a ser fieles a las promesas de vuestro bautismo.<br \/>Am\u00e9n.<\/p><p>Cristo, el buen pastor,<br \/>os ayude a servir con alegr\u00eda a los hermanos<br \/>imitando el ejemplo de nuestro [vuestro] santo fundador.<br \/>Am\u00e9n.<\/p><p>A vosotros que celebr\u00e1is con alegr\u00eda<br \/>la fiesta de San Juan Bosco,<br \/>el Se\u00f1or os conceda caminar siempre<br \/>en la fe, en la esperanza y en el amor.<br \/>Am\u00e9n.<\/p><p>Y la bendici\u00f3n de Dios todopoderoso,<br \/>Padre, Hijo +y Esp\u00edritu Santo,<br \/>descienda sobre vosotros.<br \/>Am\u00e9n.<\/p>\t\t\t\t\t\t\t\t<\/div>\n\t\t\t\t<\/div>\n\t\t\t\t\t<\/div>\n\t\t<\/div>\n\t\t\t\t\t<\/div>\n\t\t<\/section>\n\t\t\t\t<\/div>\n\t\t","protected":false},"excerpt":{"rendered":"<p>Misa de San Juan Bosco Presb\u00edtero Ant\u00edfona de entrada 1 Rey. 5, 9 El se\u00f1or le dio sabidur\u00eda e inteligenciay un coraz\u00f3n grande como las playas junto al mar Oraci\u00f3n colecta Se\u00f1or, Dios nuestro,en tu providencia nos has dado a San Juan Bosco,padre y maestro de los j\u00f3venes,que, bajo la gu\u00eda de la Virgen Mar\u00eda,trabaj\u00f3 [&hellip;]<\/p>\n","protected":false},"author":1,"featured_media":6674,"comment_status":"closed","ping_status":"closed","sticky":false,"template":"","format":"standard","meta":{"site-sidebar-layout":"default","site-content-layout":"default","ast-site-content-layout":"default","site-content-style":"default","site-sidebar-style":"default","ast-global-header-display":"","ast-banner-title-visibility":"","ast-main-header-display":"","ast-hfb-above-header-display":"","ast-hfb-below-header-display":"","ast-hfb-mobile-header-display":"","site-post-title":"","ast-breadcrumbs-content":"","ast-featured-img":"","footer-sml-layout":"","theme-transparent-header-meta":"default","adv-header-id-meta":"","stick-header-meta":"","header-above-stick-meta":"","header-main-stick-meta":"","header-below-stick-meta":"","astra-migrate-meta-layouts":"set","ast-page-background-enabled":"default","ast-page-background-meta":{"desktop":{"background-color":"","background-image":"","background-repeat":"repeat","background-position":"center center","background-size":"auto","background-attachment":"scroll","background-type":"","background-media":"","overlay-type":"","overlay-color":"","overlay-opacity":"","overlay-gradient":""},"tablet":{"background-color":"","background-image":"","background-repeat":"repeat","background-position":"center center","background-size":"auto","background-attachment":"scroll","background-type":"","background-media":"","overlay-type":"","overlay-color":"","overlay-opacity":"","overlay-gradient":""},"mobile":{"background-color":"","background-image":"","background-repeat":"repeat","background-position":"center center","background-size":"auto","background-attachment":"scroll","background-type":"","background-media":"","overlay-type":"","overlay-color":"","overlay-opacity":"","overlay-gradient":""}},"ast-content-background-meta":{"desktop":{"background-color":"var(--ast-global-color-5)","background-image":"","background-repeat":"repeat","background-position":"center center","background-size":"auto","background-attachment":"scroll","background-type":"","background-media":"","overlay-type":"","overlay-color":"","overlay-opacity":"","overlay-gradient":""},"tablet":{"background-color":"var(--ast-global-color-5)","background-image":"","background-repeat":"repeat","background-position":"center center","background-size":"auto","background-attachment":"scroll","background-type":"","background-media":"","overlay-type":"","overlay-color":"","overlay-opacity":"","overlay-gradient":""},"mobile":{"background-color":"var(--ast-global-color-5)","background-image":"","background-repeat":"repeat","background-position":"center center","background-size":"auto","background-attachment":"scroll","background-type":"","background-media":"","overlay-type":"","overlay-color":"","overlay-opacity":"","overlay-gradient":""}},"footnotes":""},"categories":[40],"tags":[151,118,105,30,116],"class_list":["post-6672","post","type-post","status-publish","format-standard","has-post-thumbnail","hentry","category-liturgia","tag-almas","tag-cristo","tag-eucaristia","tag-liturgia","tag-misa-2"],"_links":{"self":[{"href":"https:\/\/nuestrocarisma.org\/index.php\/wp-json\/wp\/v2\/posts\/6672","targetHints":{"allow":["GET"]}}],"collection":[{"href":"https:\/\/nuestrocarisma.org\/index.php\/wp-json\/wp\/v2\/posts"}],"about":[{"href":"https:\/\/nuestrocarisma.org\/index.php\/wp-json\/wp\/v2\/types\/post"}],"author":[{"embeddable":true,"href":"https:\/\/nuestrocarisma.org\/index.php\/wp-json\/wp\/v2\/users\/1"}],"replies":[{"embeddable":true,"href":"https:\/\/nuestrocarisma.org\/index.php\/wp-json\/wp\/v2\/comments?post=6672"}],"version-history":[{"count":8,"href":"https:\/\/nuestrocarisma.org\/index.php\/wp-json\/wp\/v2\/posts\/6672\/revisions"}],"predecessor-version":[{"id":9118,"href":"https:\/\/nuestrocarisma.org\/index.php\/wp-json\/wp\/v2\/posts\/6672\/revisions\/9118"}],"wp:featuredmedia":[{"embeddable":true,"href":"https:\/\/nuestrocarisma.org\/index.php\/wp-json\/wp\/v2\/media\/6674"}],"wp:attachment":[{"href":"https:\/\/nuestrocarisma.org\/index.php\/wp-json\/wp\/v2\/media?parent=6672"}],"wp:term":[{"taxonomy":"category","embeddable":true,"href":"https:\/\/nuestrocarisma.org\/index.php\/wp-json\/wp\/v2\/categories?post=6672"},{"taxonomy":"post_tag","embeddable":true,"href":"https:\/\/nuestrocarisma.org\/index.php\/wp-json\/wp\/v2\/tags?post=6672"}],"curies":[{"name":"wp","href":"https:\/\/api.w.org\/{rel}","templated":true}]}}