{"id":6380,"date":"2022-10-21T07:45:44","date_gmt":"2022-10-21T05:45:44","guid":{"rendered":"https:\/\/nuestrocarisma.org\/?p=6380"},"modified":"2022-10-21T07:54:21","modified_gmt":"2022-10-21T05:54:21","slug":"dialogo-para-la-ii-jornada-de-la-juventud-2","status":"publish","type":"post","link":"https:\/\/nuestrocarisma.org\/index.php\/2022\/10\/21\/dialogo-para-la-ii-jornada-de-la-juventud-2\/","title":{"rendered":"Di\u00e1logo para la II Jornada de la Juventud"},"content":{"rendered":"\t\t<div data-elementor-type=\"wp-post\" data-elementor-id=\"6380\" class=\"elementor elementor-6380\" data-elementor-post-type=\"post\">\n\t\t\t\t\t\t<section class=\"elementor-section elementor-top-section elementor-element elementor-element-8720a2f elementor-section-boxed elementor-section-height-default elementor-section-height-default\" data-id=\"8720a2f\" data-element_type=\"section\" data-e-type=\"section\">\n\t\t\t\t\t\t<div class=\"elementor-container elementor-column-gap-default\">\n\t\t\t\t\t<div class=\"elementor-column elementor-col-100 elementor-top-column elementor-element elementor-element-0e23597\" data-id=\"0e23597\" data-element_type=\"column\" data-e-type=\"column\">\n\t\t\t<div class=\"elementor-widget-wrap elementor-element-populated\">\n\t\t\t\t\t\t<div class=\"elementor-element elementor-element-e55be2d elementor-widget elementor-widget-text-editor\" data-id=\"e55be2d\" data-element_type=\"widget\" data-e-type=\"widget\" data-widget_type=\"text-editor.default\">\n\t\t\t\t<div class=\"elementor-widget-container\">\n\t\t\t\t\t\t\t\t\t<h3 style=\"text-align: center;\"><strong>Di\u00e1logo para la I Jornada de las Familias en San Rafael<\/strong><\/h3><p style=\"text-align: right;\"><strong><br \/><\/strong><em>San Rafael, 1997<\/em><\/p><h4 style=\"text-align: center;\"><strong>I\u00aa Parte<\/strong><\/h4><p><strong>Queridos hermanos y hermanas:<\/strong><\/p><p>En esta procesi\u00f3n queremos realizar un di\u00e1logo sobre\u00a0<strong><em>los derechos de la familia<\/em><\/strong>, pues como reza el lema de esta Jornada convocada por Su Santidad Juan Pablo II, la familia es un don y un compromiso esperanzador para la humanidad. Por tanto, para tomar conciencia de los desaf\u00edos de la Familia en el Tercer Milenio, deseamos seguir el texto de la\u00a0<strong><em>\u201cCarta de los Derechos de la Familia\u201d\u00a0<\/em><\/strong>presentada por la Santa Sede, organismo central y supremo de gobierno de la Iglesia Cat\u00f3lica, a todas las personas, instituciones y autoridades interesadas en la misi\u00f3n de la familia en el mundo contempor\u00e1neo.<\/p><p>Los Obispos reunidos en S\u00ednodo en 1980 en Roma pidieron esta carta. El Papa Juan Pablo II confirm\u00f3 este pedido<a href=\"#_ftn1\" name=\"_ftnref1\">[1]<\/a> de presentar una formulaci\u00f3n \u2013lo m\u00e1s completa y ordenada posible\u2013 de los derechos fundamentales de esa sociedad natural y universal que es la familia. Estos derechos derivan en definitiva de la ley inscrita por el Creador en el coraz\u00f3n de todo ser humano. Se consult\u00f3 a todas las Conferencias Episcopales del mundo y a los principales expertos en la materia. De tal modo que hay que promover el respeto de estos derechos y asegurar su efectivo reconocimiento y observancia.<\/p><p><strong><em>Pre\u00e1mbulo de la Carta<\/em><\/strong>.<\/p><p>En el Pre\u00e1mbulo de la Carta se dan los fundamentos de los derechos de la familia.<\/p><ol><li><strong><em>\u00bfLos derechos de la persona humana tienen una dimensi\u00f3n social?<\/em><\/strong><\/li><\/ol><p>Los derechos de la persona, aunque expresados como derechos del individuo, tienen una dimensi\u00f3n fundamentalmente social que halla su expresi\u00f3n innata y vital en la familia<a href=\"#_ftn2\" name=\"_ftnref2\">[2]<\/a>.<\/p><ol start=\"2\"><li><strong><em>\u00bfLa familia est\u00e1 fundada sobre el matrimonio?<\/em><\/strong><\/li><\/ol><p>La familia est\u00e1 fundada sobre el matrimonio, esa uni\u00f3n \u00edntima de vida, complemento entre un hombre y una mujer, que est\u00e1 constituida por el v\u00ednculo indisoluble del matrimonio, libremente contra\u00eddo, p\u00fablicamente afirmado, y que est\u00e1 abierta a la transmisi\u00f3n de la vida<a href=\"#_ftn3\" name=\"_ftnref3\">[3]<\/a>.<\/p><ol start=\"3\"><li><strong><em>\u00bfCu\u00e1l es la \u00fanica instituci\u00f3n que trasmite la vida?<\/em><\/strong><\/li><\/ol><p>El matrimonio es la instituci\u00f3n natural a la que est\u00e1 exclusivamente confiada la misi\u00f3n de transmitir la vida<a href=\"#_ftn4\" name=\"_ftnref4\">[4]<\/a>.<\/p><ol start=\"4\"><li><strong><em>\u00bfLa familia existe antes que el Estado?<\/em><\/strong><\/li><\/ol><p>La familia, sociedad natural, existe antes que el Estado o cualquier otra comunidad, y posee unos derechos propios que son inalienables<a href=\"#_ftn5\" name=\"_ftnref5\">[5]<\/a>.<\/p><ol start=\"5\"><li><strong><em>\u00bfQu\u00e9 es lo m\u00e1s importante de la familia?<\/em><\/strong><\/li><\/ol><p>La familia constituye, m\u00e1s que una unidad jur\u00eddica, social y econ\u00f3mica, una comunidad de amor y de solidaridad, insustituible para la ense\u00f1anza y transmisi\u00f3n de los valores culturales, \u00e9ticos, sociales, espirituales y religiosos, esenciales para el desarrollo y bienestar de sus propios miembros y de la sociedad<a href=\"#_ftn6\" name=\"_ftnref6\">[6]<\/a>.<\/p><ol start=\"6\"><li><strong><em>\u00bfLa familia es lugar de encuentro y de ayuda?<\/em><\/strong><\/li><\/ol><p>La familia es el lugar donde se encuentran diferentes generaciones y donde se ayudan mutuamente a crecer en sabidur\u00eda humana y a armonizar los derechos individuales con las dem\u00e1s exigencias de la vida social<a href=\"#_ftn7\" name=\"_ftnref7\">[7]<\/a>.<\/p><ol start=\"7\"><li><strong><em>\u00bfLa familia y la sociedad se complementan?<\/em><\/strong><\/li><\/ol><p>La familia y la sociedad, vinculadas mutuamente por lazos vitales y org\u00e1nicos, tienen una funci\u00f3n complementaria en la defensa y promoci\u00f3n del bien de la humanidad y de cada persona<a href=\"#_ftn8\" name=\"_ftnref8\">[8]<\/a>.<\/p><ol start=\"8\"><li><strong><em>\u00bfLa sociedad debe defender la familia?<\/em><\/strong><\/li><\/ol><p>La experiencia de diferentes culturas a trav\u00e9s de la historia ha mostrado la necesidad que tiene la sociedad de reconocer y defender la instituci\u00f3n de la familia<a href=\"#_ftn9\" name=\"_ftnref9\">[9]<\/a>.<\/p><ol start=\"9\"><li><strong><em>\u00bfC\u00f3mo debe ayudar la sociedad a la familia?<\/em><\/strong><\/li><\/ol><p>La sociedad, y de modo particular el Estado y las Organizaciones Internacionales, deben proteger la familia con medidas de car\u00e1cter pol\u00edtico, econ\u00f3mico, social y jur\u00eddico, que contribuyan a consolidar la unidad y la estabilidad de la familia para que pueda cumplir su funci\u00f3n espec\u00edfica<a href=\"#_ftn10\" name=\"_ftnref10\">[10]<\/a>.<\/p><ol start=\"10\"><li><strong><em>\u00bfSe ataca a la familia?<\/em><\/strong><\/li><\/ol><p>Los derechos, las necesidades fundamentales, el bienestar y los valores de la familia, por m\u00e1s que se han ido salvaguardando progresivamente en muchos casos, con frecuencia son ignorados y no raras veces minados por leyes, instituciones y programas socio-econ\u00f3micos<a href=\"#_ftn11\" name=\"_ftnref11\">[11]<\/a>.<\/p><ol start=\"11\"><li><strong><em>\u00bfLa pobreza atenta contra la dignidad de la familia?<\/em><\/strong><\/li><\/ol><p>Muchas familias se ven obligadas a vivir en situaciones de pobreza que les impiden cumplir su propia misi\u00f3n con dignidad<a href=\"#_ftn12\" name=\"_ftnref12\">[12]<\/a>.<\/p><ol start=\"12\"><li><strong><em>\u00bfPor qu\u00e9 la Iglesia defiende la familia?<\/em><\/strong><\/li><\/ol><p>La Iglesia Cat\u00f3lica, consciente de que el bien de la persona, de la sociedad y de la Iglesia misma pasa por la familia, ha considerado siempre parte de su misi\u00f3n proclamar a todos el plan de Dios intr\u00ednseco a la naturaleza humana sobre el matrimonio y la familia, promover estas dos instituciones y defenderlas de todo ataque dirigido contra ellas<a href=\"#_ftn13\" name=\"_ftnref13\">[13]<\/a>.<\/p><p><strong>\u00a0<\/strong><\/p><h4 style=\"text-align: center;\"><strong>II\u00aa Parte<\/strong><\/h4><p><strong>Art\u00edculo 1<\/strong><\/p><p><strong><em>\u00bfTodas las personas son libres para elegir su estado de vida?<\/em><\/strong><\/p><p>Todas las personas tienen el derecho de elegir libremente su estado de vida y por lo tanto derecho a contraer matrimonio y establecer una familia o a permanecer c\u00e9libes<a href=\"#_ftn14\" name=\"_ftnref14\">[14]<\/a>.<\/p><p><strong><em>a) \u00bfHay derecho de contraer matrimonio y establecer una familia?<\/em><\/strong><\/p><p>Cada hombre y cada mujer, habiendo alcanzado la edad matrimonial y teniendo la capacidad necesaria, tiene el derecho de contraer matrimonio y establecer una familia sin discriminaciones de ning\u00fan tipo; las restricciones legales a ejercer este derecho, sean de naturaleza permanente o temporal, pueden ser introducidas \u00fanicamente cuando son requeridas por graves y objetivas exigencias de la instituci\u00f3n del matrimonio mismo y de su car\u00e1cter social y p\u00fablico; deben respetar, en todo caso, la dignidad y los derechos fundamentales de la persona<a href=\"#_ftn15\" name=\"_ftnref15\">[15]<\/a>.<\/p><p><strong><em>b) \u00bfQu\u00e9 condiciones debe proveer la sociedad?<\/em><\/strong><\/p><p>Todos aquellos que quieren casarse y establecer una familia tienen el derecho de esperar de la sociedad las condiciones morales, educativas, sociales y econ\u00f3micas que les permitan ejercer su derecho a contraer matrimonio con toda madurez y responsabilidad<a href=\"#_ftn16\" name=\"_ftnref16\">[16]<\/a>.<\/p><p><strong><em>c) \u00bfLas autoridades p\u00fablicas deben reconocer el valor institucional del matrimonio?<\/em><\/strong><\/p><p>El valor institucional del matrimonio debe ser reconocido por las autoridades p\u00fablicas; la situaci\u00f3n de las parejas no casadas no debe ponerse al mismo nivel que el matrimonio debidamente contra\u00eddo<a href=\"#_ftn17\" name=\"_ftnref17\">[17]<\/a>.<\/p><p><strong>Art\u00edculo 2<\/strong><\/p><p><strong><em>Para el matrimonio, \u00bfes necesario el libre y pleno consentimiento?<\/em><\/strong><\/p><p>El matrimonio no puede ser contra\u00eddo sin el libre y pleno consentimiento de los esposos debidamente expresado<a href=\"#_ftn18\" name=\"_ftnref18\">[18]<\/a>.<\/p><p><strong><em>a) \u00bfLas familias deben evitar presionar indebidamente en la elecci\u00f3n?<\/em><\/strong><\/p><p>Con el debido respeto por el papel tradicional que ejercen las familias en algunas culturas guiando la decisi\u00f3n de sus hijos, debe ser evitada toda presi\u00f3n que tienda a impedir la elecci\u00f3n de una persona concreta como c\u00f3nyuge<a href=\"#_ftn19\" name=\"_ftnref19\">[19]<\/a>.<\/p><p><strong><em>b) \u00bfHay que respetar la libertad religiosa de los esposos?<\/em><\/strong><\/p><p>Los futuros esposos tienen el derecho de que se respete su libertad religiosa. Por lo tanto, el imponer como condici\u00f3n previa para el matrimonio una abjuraci\u00f3n de la fe, o una profesi\u00f3n de fe que sea contraria a su conciencia, constituye una violaci\u00f3n de este derecho<a href=\"#_ftn20\" name=\"_ftnref20\">[20]<\/a>.<\/p><p><strong><em>c) \u00bfEl hombre y la mujer tienen la misma dignidad e iguales derechos?<\/em><\/strong><\/p><p>Los esposos, dentro de la natural complementariedad que existe entre hombre y mujer, gozan de la misma dignidad y de iguales derechos respecto al matrimonio<a href=\"#_ftn21\" name=\"_ftnref21\">[21]<\/a>.<\/p><h4 style=\"text-align: center;\">\u00a0<strong>III\u00aa Parte<\/strong><\/h4><p><strong>Art\u00edculo 3<\/strong><\/p><p><strong><em>\u00bfLos esposos tienen derecho a decidir responsablemente sobre el n\u00famero de hijos a procrear?<\/em><\/strong><\/p><p>Los esposos tienen el derecho inalienable de fundar una familia y decidir sobre el intervalo entre los nacimientos y el n\u00famero de hijos a procrear, teniendo en plena consideraci\u00f3n los deberes para consigo mismos, para con los hijos ya nacidos, la familia y la sociedad, dentro de una justa jerarqu\u00eda de valores y de acuerdo con el orden moral objetivo que excluye el recurso a la contracepci\u00f3n, la esterilizaci\u00f3n y el aborto<a href=\"#_ftn22\" name=\"_ftnref22\">[22]<\/a>.<\/p><p><strong><em>a) La intromisi\u00f3n de la autoridad p\u00fablica acerca del n\u00famero de hijos a tener, \u00bfes una ofensa grave a la dignidad humana y a la justicia?<\/em><\/strong><\/p><p>Las actividades de las autoridades p\u00fablicas o de organizaciones privadas, que tratan de limitar de alg\u00fan modo la libertad de los esposos en las decisiones acerca de sus hijos constituyen una ofensa grave a la dignidad humana y a la justicia<a href=\"#_ftn23\" name=\"_ftnref23\">[23]<\/a>.<\/p><p><strong><em>b) \u00bfEs l\u00edcito condicionar la ayuda econ\u00f3mica a la limitaci\u00f3n del n\u00famero de hijos?<\/em><\/strong><\/p><p>En las relaciones internacionales, la ayuda econ\u00f3mica concedida para la promoci\u00f3n de los pueblos no debe ser condicionada a la aceptaci\u00f3n de programas de contracepci\u00f3n, esterilizaci\u00f3n o aborto<a href=\"#_ftn24\" name=\"_ftnref24\">[24]<\/a>.<\/p><p><strong><em>c) \u00bfLa familia tiene derecho a ser ayudada por la sociedad?<\/em><\/strong><\/p><p>La familia tiene derecho a la asistencia de la sociedad en lo referente a sus deberes en la procreaci\u00f3n y educaci\u00f3n de los hijos. Las parejas casadas con familia numerosa tienen derecho a una ayuda adecuada y no deben ser discriminadas<a href=\"#_ftn25\" name=\"_ftnref25\">[25]<\/a>.<\/p><p><strong>Art\u00edculo 4<\/strong><\/p><p><strong><em>\u00bfDesde qu\u00e9 momento debe ser respetada la vida humana?<\/em><\/strong><\/p><p>La vida humana debe ser respetada y protegida absolutamente desde el momento de la concepci\u00f3n<a href=\"#_ftn26\" name=\"_ftnref26\">[26]<\/a>.<\/p><p><strong><em>a) \u00bfEl aborto viola los derechos humanos?<\/em><\/strong><\/p><p>El aborto es una directa violaci\u00f3n del derecho fundamental a la vida del ser humano<a href=\"#_ftn27\" name=\"_ftnref27\">[27]<\/a>.<\/p><p><strong><em>b) \u00bfEs l\u00edcito manipular el embri\u00f3n humano?<\/em><\/strong><\/p><p>El respeto por la dignidad del ser humano excluye toda manipulaci\u00f3n experimental o explotaci\u00f3n del embri\u00f3n humano<a href=\"#_ftn28\" name=\"_ftnref28\">[28]<\/a>.<\/p><p><strong><em>c) \u00bfEs l\u00edcita cualquier intervenci\u00f3n sobre el patrimonio gen\u00e9tico de una persona?<\/em><\/strong><\/p><p>Todas las intervenciones sobre el patrimonio gen\u00e9tico de la persona humana que no est\u00e1n orientadas a corregir las anomal\u00edas, constituyen una violaci\u00f3n del derecho a la integridad f\u00edsica y est\u00e1n en contraste con el bien de la familia.<\/p><p><strong><em>d) \u00bfTienen derecho los ni\u00f1os?<\/em><\/strong><\/p><p>Los ni\u00f1os, tanto antes como despu\u00e9s del nacimiento, tienen derecho a una especial protecci\u00f3n y asistencia, al igual que sus madres durante la gestaci\u00f3n y durante un per\u00edodo razonable despu\u00e9s del alumbramiento<a href=\"#_ftn29\" name=\"_ftnref29\">[29]<\/a>.<\/p><p><strong><em>e) \u00bfTodos los ni\u00f1os tienen iguales derechos?<\/em><\/strong><\/p><p>Todos los ni\u00f1os, nacidos dentro o fuera del matrimonio, gozan del mismo derecho a la protecci\u00f3n social para su desarrollo personal integral<a href=\"#_ftn30\" name=\"_ftnref30\">[30]<\/a>.<\/p><p><strong><em>f) \u00bfLos hu\u00e9rfanos deben tener una especial protecci\u00f3n de parte de la sociedad?<\/em><\/strong><\/p><p>Los hu\u00e9rfanos y los ni\u00f1os privados de la asistencia de sus padres o tutores deben gozar de una protecci\u00f3n especial por parte de la sociedad. En lo referente a la tutela o adopci\u00f3n, el Estado debe procurar una legislaci\u00f3n que facilite a las familias id\u00f3neas acoger a ni\u00f1os que tengan necesidad de cuidado temporal o permanente y que al mismo tiempo respete los derechos naturales de los padres<a href=\"#_ftn31\" name=\"_ftnref31\">[31]<\/a>.<\/p><p><strong><em>g) \u00bfY los ni\u00f1os discapacitados?<\/em><\/strong><\/p><p>Los ni\u00f1os minusv\u00e1lidos tienen derecho a encontrar en casa y en la escuela un ambiente conveniente para su desarrollo humano<a href=\"#_ftn32\" name=\"_ftnref32\">[32]<\/a>.<\/p><h4 style=\"text-align: center;\">\u00a0<strong>IV\u00aa Parte<\/strong><\/h4><p><strong>Art\u00edculo 5<\/strong><\/p><p><strong><em>\u00bfLos padres tiene derecho a educar a sus hijos?<\/em><\/strong><\/p><p>Por el hecho de haber dado la vida a sus hijos, los padres tienen el derecho originario, primario e inalienable de educarlos; por esta raz\u00f3n ellos deben ser reconocidos como los primeros y principales educadores de sus hijos<a href=\"#_ftn33\" name=\"_ftnref33\">[33]<\/a>.<\/p><p><strong><em>a) \u00bfDeben educarlos de acuerdo a sus convicciones?<\/em><\/strong><\/p><p>Los padres tienen el derecho de educar a sus hijos conforme a sus convicciones morales y religiosas, teniendo presentes las tradiciones culturales de la familia que favorecen el bien y la dignidad del hijo; ellos deben recibir tambi\u00e9n de la sociedad la ayuda y asistencia necesarias para realizar de modo adecuado su funci\u00f3n educadora<a href=\"#_ftn34\" name=\"_ftnref34\">[34]<\/a>.<\/p><p><strong><em>b) \u00bfLos padres tienen el derecho de elegir las escuelas para sus hijos?<\/em><\/strong><\/p><p>Los padres tienen el derecho de elegir libremente las escuelas u otros medios necesarios para educar a sus hijos seg\u00fan sus conciencias. Las autoridades p\u00fablicas deben asegurar que las subvenciones estatales se repartan de tal manera que los padres sean verdaderamente libres para ejercer su derecho, sin tener que soportar cargas injustas. Los padres no deben soportar, directa o indirectamente, aquellas cargas suplementarias que impiden o limitan injustamente el ejercicio de esta libertad<a href=\"#_ftn35\" name=\"_ftnref35\">[35]<\/a>.<\/p><p><strong><em>c) \u00bfTienen derecho a que sus hijos no sean obligados a seguir cursos sobre los que no est\u00e1n de acuerdo?<\/em><\/strong><\/p><p>Los padres tienen el derecho de obtener que sus hijos no sean obligados a seguir cursos que no est\u00e1n de acuerdo con sus convicciones morales y religiosas. En particular, la educaci\u00f3n sexual \u2013que es un derecho b\u00e1sico de los padres\u2013 debe ser impartida bajo su atenta gu\u00eda, tanto en casa como en los centros educativos elegidos y controlados por ellos<a href=\"#_ftn36\" name=\"_ftnref36\">[36]<\/a>.<\/p><p><strong><em>d) \u00bfEs l\u00edcito al Estado imponer un sistema obligatorio de educaci\u00f3n que excluya toda formaci\u00f3n religiosa?<\/em><\/strong><\/p><p>Los derechos de los padres son violados cuando el Estado impone un sistema obligatorio de educaci\u00f3n del que se excluye toda formaci\u00f3n religiosa<a href=\"#_ftn37\" name=\"_ftnref37\">[37]<\/a>.<\/p><p><strong><em>e) \u00bfDeben participar los padres en la tarea educativa de las escuelas?<\/em><\/strong><\/p><p>El derecho primario de los padres a educar a sus hijos debe ser tenido en cuenta en todas las formas de colaboraci\u00f3n entre padres, maestros y autoridades escolares, y particularmente en las formas de participaci\u00f3n encaminadas a dar a los ciudadanos una voz en el funcionamiento de las escuelas, y en la formulaci\u00f3n y aplicaci\u00f3n de la pol\u00edtica educativa<a href=\"#_ftn38\" name=\"_ftnref38\">[38]<\/a>.<\/p><p><strong><em>f) \u00bfTiene derecho la familia a ser ayudada y no atacada por los medios de comunicaci\u00f3n?<\/em><\/strong><\/p><p>La familia tiene el derecho de esperar que los medios de comunicaci\u00f3n social sean instrumentos positivos para la construcci\u00f3n de la sociedad y que fortalezcan los valores fundamentales de la familia. Al mismo tiempo \u00e9sta tiene derecho a ser protegida adecuadamente, en particular respecto a sus miembros m\u00e1s j\u00f3venes, contra los efectos negativos y los abusos de los medios de comunicaci\u00f3n<a href=\"#_ftn39\" name=\"_ftnref39\">[39]<\/a>.<\/p><p><strong>Art\u00edculo 6<\/strong><\/p><p><strong><em>\u00bfLa familia tiene el derecho de existir y de progresar?<\/em><\/strong><\/p><p>La familia tiene el derecho de existir y progresar como familia<a href=\"#_ftn40\" name=\"_ftnref40\">[40]<\/a>.<\/p><p><strong><em>a) \u00bfLa autoridad p\u00fablica debe respetar a las familias?<\/em><\/strong><\/p><p>Las autoridades p\u00fablicas deben respetar y promover\u00a0la dignidad, justa independencia, intimidad, integridad y estabilidad de cada familia<a href=\"#_ftn41\" name=\"_ftnref41\">[41]<\/a>.<\/p><p><strong><em>b) \u00bfEl divorcio atenta contra la familia?<\/em><\/strong><\/p><p>El divorcio atenta contra la instituci\u00f3n misma del matrimonio y de la familia<a href=\"#_ftn42\" name=\"_ftnref42\">[42]<\/a>.<\/p><p><strong><em>c) \u00bfDebe ser estimada la familia amplia?<\/em><\/strong><\/p><p>El sistema de familia amplia, donde exista, debe ser tenido en estima y ayudado en orden a cumplir su papel tradicional de solidaridad y asistencia mutua, respetando a la vez los derechos del n\u00facleo familiar y la dignidad personal de cada miembro.<\/p><h4 style=\"text-align: center;\">\u00a0<strong>V\u00aa Parte<\/strong><\/h4><p><strong>Art\u00edculo 7<\/strong><\/p><p><strong><em>\u00bfTiene derecho la familia a vivir su propia vida religiosa?<\/em><\/strong><\/p><p>Cada familia tiene el derecho de vivir libremente su propia vida religiosa en el hogar, bajo la direcci\u00f3n de los padres, as\u00ed como el derecho de profesar p\u00fablicamente su fe y propagarla, participar en los actos de culto en p\u00fablico y en los programas de instrucci\u00f3n religiosa libremente elegidos, sin sufrir alguna discriminaci\u00f3n<a href=\"#_ftn43\" name=\"_ftnref43\">[43]<\/a>.<\/p><p><strong>Art\u00edculo 8<\/strong><\/p><p><strong><em>\u00bfTiene derecho la familia en la construcci\u00f3n de la sociedad?<\/em><\/strong><\/p><p>La familia tiene el derecho de ejercer su funci\u00f3n social y pol\u00edtica en la construcci\u00f3n de la sociedad<a href=\"#_ftn44\" name=\"_ftnref44\">[44]<\/a>.<\/p><p><strong><em>a) \u00bfLas familias tienen derecho a asociarse?<\/em><\/strong><\/p><p>Las familias tienen el derecho de formar asociaciones con otras familias e instituciones, con el fin de cumplir la tarea familiar de manera apropiada y eficaz, as\u00ed como defender los derechos, fomentar el bien y representar los intereses de la familia<a href=\"#_ftn45\" name=\"_ftnref45\">[45]<\/a>.<\/p><p><strong><em>b) \u00bfDebe ser reconocido el papel de las familias?<\/em><\/strong><\/p><p>En el orden econ\u00f3mico, social, jur\u00eddico y cultural, las familias y las asociaciones familiares deben ver reconocido su propio papel en la planificaci\u00f3n y el desarrollo de programas que afectan a la vida familiar<a href=\"#_ftn46\" name=\"_ftnref46\">[46]<\/a>.<\/p><p><strong>Art\u00edculo 9<\/strong><\/p><p><strong><em>\u00bfLas familias tienen derecho a una adecuada pol\u00edtica familiar?<\/em><\/strong><\/p><p>Las familias tienen el derecho de poder contar con una adecuada pol\u00edtica familiar por parte de las autoridades p\u00fablicas en el terreno jur\u00eddico, econ\u00f3mico, social y fiscal, sin discriminaci\u00f3n alguna<a href=\"#_ftn47\" name=\"_ftnref47\">[47]<\/a>.<\/p><p><strong><em>a) \u00bfTienen las familias derecho a condiciones econ\u00f3micas dignas?<\/em><\/strong><\/p><p>Las familias tienen el derecho a unas condiciones econ\u00f3micas que les aseguren un nivel de vida apropiado a su dignidad y a su pleno desarrollo. No se les puede impedir que adquieran y mantengan posesiones privadas que favorezcan una vida familiar estable; y las leyes referentes a herencias o transmisi\u00f3n de propiedad deben respetar las necesidades y derechos de los miembros de la familia<a href=\"#_ftn48\" name=\"_ftnref48\">[48]<\/a>.<\/p><p><strong><em>b) \u00bfLas familias tienen derecho a la seguridad social?<\/em><\/strong><\/p><p>Las familias tienen derecho a medidas de seguridad social que tengan presentes sus necesidades, especialmente en caso de muerte prematura de uno o ambos padres, de abandono de uno de los c\u00f3nyuges, de accidente, enfermedad o invalidez, en caso de desempleo, o en cualquier caso en que la familia tenga que soportar cargas extraordinarias en favor de sus miembros por razones de ancianidad, impedimentos f\u00edsicos o ps\u00edquicos, o por la educaci\u00f3n de los hijos<a href=\"#_ftn49\" name=\"_ftnref49\">[49]<\/a>.<\/p><p><strong><em>c) \u00bfTienen derechos las personas ancianas?<\/em><\/strong><\/p><p>Las personas ancianas tienen el derecho de encontrar dentro de su familia o, cuando esto no sea posible, en instituciones adecuadas, un ambiente que les facilite vivir sus \u00faltimos a\u00f1os de vida serenamente, ejerciendo una actividad compatible con su edad y que les permita participar en la vida social<a href=\"#_ftn50\" name=\"_ftnref50\">[50]<\/a>.<\/p><p><strong><em>d) \u00bfTienen derechos las familias de los presos?<\/em><\/strong><\/p><p>Los derechos y necesidades de la familia, en especial el valor de la unidad familiar, deben tenerse en consideraci\u00f3n en la legislaci\u00f3n y pol\u00edtica penales, de modo que el detenido permanezca en contacto con su familia y que \u00e9sta sea adecuadamente sostenida durante el per\u00edodo de la detenci\u00f3n.<\/p><h4 style=\"text-align: center;\"><strong>VI\u00aa Parte<\/strong><\/h4><p><strong>Art\u00edculo 10<\/strong><\/p><p><strong><em>\u00bfLas familias tienen derecho a vivir juntas?<\/em><\/strong><\/p><p>Las familias tienen derecho a un orden social y econ\u00f3mico en el que la organizaci\u00f3n del trabajo permita a sus miembros vivir juntos, y que no sea obst\u00e1culo para la unidad, bienestar, salud y estabilidad de la familia, ofreciendo tambi\u00e9n la posibilidad de un sano esparcimiento<a href=\"#_ftn51\" name=\"_ftnref51\">[51]<\/a>.<\/p><p><strong><em>a) \u00bfDebe ser suficiente la remuneraci\u00f3n por el trabajo?<\/em><\/strong><\/p><p>La remuneraci\u00f3n por el trabajo debe ser suficiente para fundar y mantener dignamente a la familia, sea mediante un salario adecuado, llamado \u00absalario familiar\u00bb, sea mediante otras medidas sociales como los subsidios familiares o la remuneraci\u00f3n por el trabajo en casa de uno de los padres; y debe ser tal que las madres no se vean obligadas a trabajar fuera de casa en detrimento de la vida familiar y especialmente de la educaci\u00f3n de los hijos.<\/p><p><strong><em>b) \u00bfDebe ser reconocido el trabajo de la ama de casa?<\/em><\/strong><\/p><p>El trabajo de la madre en casa debe ser reconocido y respetado por su valor para la familia y la sociedad<a href=\"#_ftn52\" name=\"_ftnref52\">[52]<\/a>.<\/p><p><strong>Art\u00edculo 11<\/strong><\/p><p><strong><em>\u00bfLa familia tiene derecho a una vivienda decente?<\/em><\/strong><\/p><p>La familia tiene derecho a una vivienda decente, apta para la vida familiar, y proporcionada al n\u00famero de sus miembros, en un ambiente f\u00edsicamente sano que ofrezca los servicios b\u00e1sicos para la vida de la familia y de la comunidad<a href=\"#_ftn53\" name=\"_ftnref53\">[53]<\/a>.<\/p><p><strong>Art\u00edculo 12<\/strong><\/p><p><strong><em>\u00bfLas familias de los inmigrantes tienen los mismos derechos?<\/em><\/strong><\/p><p>Las familias de inmigrantes tienen derecho a la misma protecci\u00f3n que se da a las otras familias<a href=\"#_ftn54\" name=\"_ftnref54\">[54]<\/a>.<\/p><p><strong><em>a) \u00bfTienen derecho a su cultura?<\/em><\/strong><\/p><p>Las familias de los inmigrantes tienen el derecho de ser respetadas en su propia cultura y recibir el apoyo y la asistencia en orden a su integraci\u00f3n dentro de la comunidad, a cuyo bien contribuyen.<\/p><p><strong><em>b) \u00bfLos inmigrantes tienen derecho a vivir unidos a su familia?<\/em><\/strong><\/p><p>Los trabajadores inmigrantes tienen el derecho de ver reunida su familia lo antes posible.<\/p><p><strong><em>c) Los refugiados, \u00bftienen derecho a unirse a su familia?<\/em><\/strong><\/p><p>Los refugiados tienen derecho a la asistencia de las autoridades p\u00fablicas y de las organizaciones internacionales que les facilite la reuni\u00f3n de sus familias.<\/p><p><strong>Conclusi\u00f3n<\/strong><\/p><p>Hoy la familia cristiana, fundada en el matrimonio, imagen y participaci\u00f3n del pacto de amor entre Cristo y la Iglesia, har\u00e1 manifiesta a todos la viva presencia del Salvador en el mundo y la aut\u00e9ntica naturaleza de la Iglesia, tanto por el amor, la fecundidad generosa, la unidad y la fidelidad de los c\u00f3nyuges, cuanto por la dichosa cooperaci\u00f3n de todos sus miembros<a href=\"#_ftn55\" name=\"_ftnref55\">[55]<\/a>. \u201cId por todo el mundo y ense\u00f1ad a todas las familias el evangelio de la salvaci\u00f3n eterna, que es el \u201cevangelio de las familias\u201d<a href=\"#_ftn56\" name=\"_ftnref56\">[56]<\/a>.<\/p><p>\u00a0<\/p><p><a href=\"#_ftnref1\" name=\"_ftn1\">[1]<\/a> <em>Familiaris consortio<\/em>, 46.<\/p><p><a href=\"#_ftnref2\" name=\"_ftn2\">[2]<\/a> <em>Rerum novarum<\/em>, 9; <em>Gaudium et spes<\/em>, 24.<\/p><p><a href=\"#_ftnref3\" name=\"_ftn3\">[3]<\/a> <em>Pacem in terris<\/em>, parte I; <em>Gaudium et spes<\/em>, 48 y 50; <em>Familiaris consortio<\/em>, 19; <em>C\u00f3digo de Derecho Can\u00f3nico<\/em>, 1056.<\/p><p><a href=\"#_ftnref4\" name=\"_ftn4\">[4]<\/a> <em>Gaudium et spes<\/em>, 50; <em>Humanae vitae<\/em>, 12; <em>Familiaris consortio<\/em>, 28.<\/p><p><a href=\"#_ftnref5\" name=\"_ftn5\">[5]<\/a> <em>Rerum novarum<\/em>, 9 y 10; <em>Familiaris consortio<\/em>, 45.<\/p><p><a href=\"#_ftnref6\" name=\"_ftn6\">[6]<\/a> <em>Familiaris consortio<\/em>, 43.<\/p><p><a href=\"#_ftnref7\" name=\"_ftn7\">[7]<\/a> <em>Gaudium et spes<\/em>, 52; <em>Familiaris consortio<\/em>, 21.<\/p><p><a href=\"#_ftnref8\" name=\"_ftn8\">[8]<\/a> <em>Gaudium et spes<\/em> 52; <em>Familiaris consortio<\/em>, 42 y 45.<\/p><p><a href=\"#_ftnref9\" name=\"_ftn9\">[9]<\/a> <em>Familiaris consortio<\/em>, 45.<\/p><p><a href=\"#_ftnref10\" name=\"_ftn10\">[10]<\/a> <em>Familiaris consortio<\/em>, 46.<\/p><p><a href=\"#_ftnref11\" name=\"_ftn11\">[11]<\/a> <em>Familiaris consortio<\/em>, 6 y 77.<\/p><p><a href=\"#_ftnref12\" name=\"_ftn12\">[12]<\/a> <em>Familiaris consortio<\/em> 3 y 46.<\/p><p><a href=\"#_ftnref13\" name=\"_ftn13\">[13]<\/a> <em>Familiaris consortio<\/em>, 46.<\/p><p><a href=\"#_ftnref14\" name=\"_ftn14\">[14]<\/a> <em>Rerum novarum<\/em>, 9; <em>Pacem in terris<\/em>, parte I; <em>Gaudium et spes<\/em>, 26; <em>Declaraci\u00f3n universal de los Derechos Humanos<\/em>, l6, 1.<\/p><p><a href=\"#_ftnref15\" name=\"_ftn15\">[15]<\/a> <em>C\u00f3digo de Derecho Can\u00f3nico<\/em>, 1058 y 1077; <em>Declaraci\u00f3n universal<\/em>, 1 16, 1.<\/p><p><a href=\"#_ftnref16\" name=\"_ftn16\">[16]<\/a> <em>Gaudium et spes<\/em>, 52; <em>Familiaris consortio<\/em>, 81.<\/p><p><a href=\"#_ftnref17\" name=\"_ftn17\">[17]<\/a> <em>Gaudium et spes<\/em>, 52; <em>Familiaris consortio<\/em>, 81 y 82.<\/p><p><a href=\"#_ftnref18\" name=\"_ftn18\">[18]<\/a> <em>Gaudium et spes<\/em>, 52; <em>C\u00f3digo de Derecho Can\u00f3nico<\/em> 1067; <em>Declaraci\u00f3n universal<\/em>, l6, 2.<\/p><p><a href=\"#_ftnref19\" name=\"_ftn19\">[19]<\/a> <em>Gaudium et spes<\/em>, 52.<\/p><p><a href=\"#_ftnref20\" name=\"_ftn20\">[20]<\/a> <em>Dignitatis humanae<\/em>, 6.<\/p><p><a href=\"#_ftnref21\" name=\"_ftn21\">[21]<\/a> <em>Gaudium et spes<\/em>, 49; <em>Familiaris consortio<\/em>, 19 y 22; <em>C\u00f3digo de Derecho Can\u00f3nico<\/em>, 1136; <em>Declaraci\u00f3n universal<\/em>, l6, 1.<\/p><p><a href=\"#_ftnref22\" name=\"_ftn22\">[22]<\/a> <em>Populorum progressio<\/em>, 37; <em>Gaudium et spes<\/em>, 50 y 87; <em>Humanae vitae<\/em>, 10; <em>Familiaris consortio<\/em>, 30 y 46.<\/p><p><a href=\"#_ftnref23\" name=\"_ftn23\">[23]<\/a> <em>Familiaris consortio<\/em>, 30.<\/p><p><a href=\"#_ftnref24\" name=\"_ftn24\">[24]<\/a> <em>Familiaris consortio<\/em>, 30.<\/p><p><a href=\"#_ftnref25\" name=\"_ftn25\">[25]<\/a> <em>Gaudium et spes<\/em>, 50.<\/p><p><a href=\"#_ftnref26\" name=\"_ftn26\">[26]<\/a> <em>Gaudium et spes<\/em>, 51; <em>Familiaris consortio<\/em>, 26.<\/p><p><a href=\"#_ftnref27\" name=\"_ftn27\">[27]<\/a> <em>Humanae vitae<\/em>, 14; Sagrada Congregaci\u00f3n para la Doctrina de la Fe,<em> Declaraci\u00f3n sobre el aborto provocado<\/em>, 18 de noviembre de 1974; <em>Familiaris consortio<\/em>, 30.<\/p><p><a href=\"#_ftnref28\" name=\"_ftn28\">[28]<\/a> San Juan Pablo II, <em>Discurso a la Academia pontificia de las ciencias<\/em>, 23 de octubre de 1982.<\/p><p><a href=\"#_ftnref29\" name=\"_ftn29\">[29]<\/a> <em>Declaraci\u00f3n universal<\/em>, 25, 2; <em>Declaraci\u00f3n sobre los Derechos del Ni\u00f1o<\/em>, Pre\u00e1mbulo y 4.<\/p><p><a href=\"#_ftnref30\" name=\"_ftn30\">[30]<\/a> <em>Declaraci\u00f3n universal<\/em>, 25, 2.<\/p><p><a href=\"#_ftnref31\" name=\"_ftn31\">[31]<\/a> <em>Familiaris consortio<\/em>, 41.<\/p><p><a href=\"#_ftnref32\" name=\"_ftn32\">[32]<\/a> <em>Familiaris consortio<\/em>, 77.<\/p><p><a href=\"#_ftnref33\" name=\"_ftn33\">[33]<\/a> <em>Divini illius magistri<\/em>, 27-34; <em>Gravissimum educationis<\/em>, 3; <em>Familiaris consortio<\/em>, 36; <em>C\u00f3digo de Derecho Can\u00f3nico<\/em>; 793 y l136.<\/p><p><a href=\"#_ftnref34\" name=\"_ftn34\">[34]<\/a> <em>Familiaris consortio<\/em>, 46.<\/p><p><a href=\"#_ftnref35\" name=\"_ftn35\">[35]<\/a> <em>Gravissimum educationis<\/em>, 7; <em>Dignitatis humanae<\/em>, 5; San Juan Pablo II, <em>Libertad religiosa y el Acta final de Helsinki<\/em> (Carta a los Jefes de las naciones signatarias del Acta final de Helsinki), 4b; <em>Familiaris consortio<\/em>, 40; <em>C\u00f3digo de Derecho Can\u00f3nico<\/em>, 797.<\/p><p><a href=\"#_ftnref36\" name=\"_ftn36\">[36]<\/a> <em>Dignitatis humanae<\/em>, 5; <em>Familiaris consortio<\/em>, 37 y 40.<\/p><p><a href=\"#_ftnref37\" name=\"_ftn37\">[37]<\/a> <em>Dignitatis humanae<\/em>, 5; <em>Familiaris consortio<\/em>, 40.<\/p><p><a href=\"#_ftnref38\" name=\"_ftn38\">[38]<\/a> <em>Familiaris consortio<\/em>, 40; <em>C\u00f3digo de Derecho Can\u00f3nico<\/em>, 796.<\/p><p><a href=\"#_ftnref39\" name=\"_ftn39\">[39]<\/a> San Pablo VI, <em>Mensaje para la Tercera Jornada Mundial de las Comunicaciones Sociales<\/em>, 1969; <em>Familiaris consortio<\/em>, 76.<\/p><p><a href=\"#_ftnref40\" name=\"_ftn40\">[40]<\/a> Familians consortio, 46.<\/p><p><a href=\"#_ftnref41\" name=\"_ftn41\">[41]<\/a> <em>Rerum novarum<\/em>, 10; <em>Familiaris consortio<\/em>, 46; Convenci\u00f3n internacional sobre los Derechos civiles y pol\u00edticos, 17.<\/p><p><a href=\"#_ftnref42\" name=\"_ftn42\">[42]<\/a> <em>Gaudium et spes<\/em>, 48 y 50.<\/p><p><a href=\"#_ftnref43\" name=\"_ftn43\">[43]<\/a> <em>Dignitatis humanae<\/em>, 5; <em>Libertad religiosa y el Acta final de Helsinki<\/em>, 4b; <em>Convenci\u00f3n internacional sobre los Derechos civiles y pol\u00edticos<\/em>, 18.<\/p><p><a href=\"#_ftnref44\" name=\"_ftn44\">[44]<\/a> <em>Familiaris consortio<\/em>, 44 y 48.<\/p><p><a href=\"#_ftnref45\" name=\"_ftn45\">[45]<\/a> <em>Apostolicam actuositatem<\/em>, 11; <em>Familiaris consortio<\/em>, 46 y 72.<\/p><p><a href=\"#_ftnref46\" name=\"_ftn46\">[46]<\/a> <em>Familiaris consortio<\/em>, 44 y 45.<\/p><p><a href=\"#_ftnref47\" name=\"_ftn47\">[47]<\/a> <em>Laborem exercens<\/em>, 10 y 19; <em>Familiaris consortio<\/em>, 45; <em>Declaraci\u00f3n universal<\/em>, 16, 3 y 22; <em>Convenci\u00f3n internacional sobre los Derechos econ\u00f3micos, sociales y culturales<\/em>, 10, 1.<\/p><p><a href=\"#_ftnref48\" name=\"_ftn48\">[48]<\/a> <em>Mater et magistra<\/em>, parte II; <em>Laborem exercens<\/em>, 10; <em>Familiaris consortio<\/em>, 46; <em>Declaraci\u00f3n universal<\/em>, 22 y 25; <em>Convenci\u00f3n internacional sobre los Derechos econ\u00f3micos, sociales y culturales<\/em>, 7, a, ii.<\/p><p><a href=\"#_ftnref49\" name=\"_ftn49\">[49]<\/a> <em>Familiaris consortio<\/em>, 45 y 46; <em>Declaraci\u00f3n universal<\/em>, 25, 1; <em>Convenci\u00f3n internacional sobre los Derechos econ\u00f3micos, sociales y culturales<\/em>, 9, 10, 1 y 10, 2.<\/p><p><a href=\"#_ftnref50\" name=\"_ftn50\">[50]<\/a> <em>Gaudium et spes<\/em>, 52; <em>Familiaris consortio<\/em>, 27.<\/p><p><a href=\"#_ftnref51\" name=\"_ftn51\">[51]<\/a> <em>Laborem exercens<\/em>, 19; <em>Familiaris consortio<\/em>, 77; <em>Declaraci\u00f3n universal<\/em>, 23, 3.<\/p><p><a href=\"#_ftnref52\" name=\"_ftn52\">[52]<\/a> <em>Familiaris consortio<\/em>, 23.<\/p><p><a href=\"#_ftnref53\" name=\"_ftn53\">[53]<\/a> <em>Apostolicam actuositatem<\/em>, 8; <em>Familiaris consortio<\/em>, 81; <em>Convenci\u00f3n internacional sobre los Derechos econ\u00f3micos, sociales y culturales<\/em>, 11. 1.<\/p><p><a href=\"#_ftnref54\" name=\"_ftn54\">[54]<\/a> <em>Familiaris consortio<\/em>, 77; <em>Carta social europea<\/em>, 19.<\/p><p><a href=\"#_ftnref55\" name=\"_ftn55\">[55]<\/a> Constituci\u00f3n Pastoral <em>Gaudium et spes<\/em>, 48.<\/p><p><a href=\"#_ftnref56\" name=\"_ftn56\">[56]<\/a> San Juan Pablo II, <em>Homil\u00eda durante la misa de clausura del I Encuentro del Santo Padre con las Familias<\/em>.<\/p>\t\t\t\t\t\t\t\t<\/div>\n\t\t\t\t<\/div>\n\t\t\t\t\t<\/div>\n\t\t<\/div>\n\t\t\t\t\t<\/div>\n\t\t<\/section>\n\t\t\t\t<\/div>\n\t\t","protected":false},"excerpt":{"rendered":"<p>Di\u00e1logo para la I Jornada de las Familias en San Rafael San Rafael, 1997 I\u00aa Parte Queridos hermanos y hermanas: En esta procesi\u00f3n queremos realizar un di\u00e1logo sobre\u00a0los derechos de la familia, pues como reza el lema de esta Jornada convocada por Su Santidad Juan Pablo II, la familia es un don y un compromiso [&hellip;]<\/p>\n","protected":false},"author":1,"featured_media":6381,"comment_status":"closed","ping_status":"closed","sticky":false,"template":"","format":"standard","meta":{"site-sidebar-layout":"default","site-content-layout":"default","ast-site-content-layout":"default","site-content-style":"default","site-sidebar-style":"default","ast-global-header-display":"","ast-banner-title-visibility":"","ast-main-header-display":"","ast-hfb-above-header-display":"","ast-hfb-below-header-display":"","ast-hfb-mobile-header-display":"","site-post-title":"","ast-breadcrumbs-content":"","ast-featured-img":"","footer-sml-layout":"","theme-transparent-header-meta":"default","adv-header-id-meta":"","stick-header-meta":"","header-above-stick-meta":"","header-main-stick-meta":"","header-below-stick-meta":"","astra-migrate-meta-layouts":"default","ast-page-background-enabled":"default","ast-page-background-meta":{"desktop":{"background-color":"","background-image":"","background-repeat":"repeat","background-position":"center center","background-size":"auto","background-attachment":"scroll","background-type":"","background-media":"","overlay-type":"","overlay-color":"","overlay-opacity":"","overlay-gradient":""},"tablet":{"background-color":"","background-image":"","background-repeat":"repeat","background-position":"center center","background-size":"auto","background-attachment":"scroll","background-type":"","background-media":"","overlay-type":"","overlay-color":"","overlay-opacity":"","overlay-gradient":""},"mobile":{"background-color":"","background-image":"","background-repeat":"repeat","background-position":"center center","background-size":"auto","background-attachment":"scroll","background-type":"","background-media":"","overlay-type":"","overlay-color":"","overlay-opacity":"","overlay-gradient":""}},"ast-content-background-meta":{"desktop":{"background-color":"var(--ast-global-color-5)","background-image":"","background-repeat":"repeat","background-position":"center center","background-size":"auto","background-attachment":"scroll","background-type":"","background-media":"","overlay-type":"","overlay-color":"","overlay-opacity":"","overlay-gradient":""},"tablet":{"background-color":"var(--ast-global-color-5)","background-image":"","background-repeat":"repeat","background-position":"center center","background-size":"auto","background-attachment":"scroll","background-type":"","background-media":"","overlay-type":"","overlay-color":"","overlay-opacity":"","overlay-gradient":""},"mobile":{"background-color":"var(--ast-global-color-5)","background-image":"","background-repeat":"repeat","background-position":"center center","background-size":"auto","background-attachment":"scroll","background-type":"","background-media":"","overlay-type":"","overlay-color":"","overlay-opacity":"","overlay-gradient":""}},"footnotes":""},"categories":[40],"tags":[50,118,366,177,270,90,25,199,215,155,93,86,365],"class_list":["post-6380","post","type-post","status-publish","format-standard","has-post-thumbnail","hentry","category-liturgia","tag-amor","tag-cristo","tag-educacion","tag-evangelio","tag-familia","tag-fe","tag-iglesia","tag-juan-pablo-ii","tag-laicos","tag-libertad","tag-sacramento","tag-valor","tag-vida"],"_links":{"self":[{"href":"https:\/\/nuestrocarisma.org\/index.php\/wp-json\/wp\/v2\/posts\/6380","targetHints":{"allow":["GET"]}}],"collection":[{"href":"https:\/\/nuestrocarisma.org\/index.php\/wp-json\/wp\/v2\/posts"}],"about":[{"href":"https:\/\/nuestrocarisma.org\/index.php\/wp-json\/wp\/v2\/types\/post"}],"author":[{"embeddable":true,"href":"https:\/\/nuestrocarisma.org\/index.php\/wp-json\/wp\/v2\/users\/1"}],"replies":[{"embeddable":true,"href":"https:\/\/nuestrocarisma.org\/index.php\/wp-json\/wp\/v2\/comments?post=6380"}],"version-history":[{"count":4,"href":"https:\/\/nuestrocarisma.org\/index.php\/wp-json\/wp\/v2\/posts\/6380\/revisions"}],"predecessor-version":[{"id":6385,"href":"https:\/\/nuestrocarisma.org\/index.php\/wp-json\/wp\/v2\/posts\/6380\/revisions\/6385"}],"wp:featuredmedia":[{"embeddable":true,"href":"https:\/\/nuestrocarisma.org\/index.php\/wp-json\/wp\/v2\/media\/6381"}],"wp:attachment":[{"href":"https:\/\/nuestrocarisma.org\/index.php\/wp-json\/wp\/v2\/media?parent=6380"}],"wp:term":[{"taxonomy":"category","embeddable":true,"href":"https:\/\/nuestrocarisma.org\/index.php\/wp-json\/wp\/v2\/categories?post=6380"},{"taxonomy":"post_tag","embeddable":true,"href":"https:\/\/nuestrocarisma.org\/index.php\/wp-json\/wp\/v2\/tags?post=6380"}],"curies":[{"name":"wp","href":"https:\/\/api.w.org\/{rel}","templated":true}]}}