{"id":5780,"date":"2022-05-06T08:17:32","date_gmt":"2022-05-06T06:17:32","guid":{"rendered":"https:\/\/nuestrocarisma.org\/?p=5780"},"modified":"2024-06-02T07:46:18","modified_gmt":"2024-06-02T05:46:18","slug":"textos-propios-para-la-misa-de-la-virgen-de-lujan","status":"publish","type":"post","link":"https:\/\/nuestrocarisma.org\/index.php\/2022\/05\/06\/textos-propios-para-la-misa-de-la-virgen-de-lujan\/","title":{"rendered":"Textos propios para la Misa de la Virgen de Luj\u00e1n"},"content":{"rendered":"\t\t<div data-elementor-type=\"wp-post\" data-elementor-id=\"5780\" class=\"elementor elementor-5780\" data-elementor-post-type=\"post\">\n\t\t\t\t\t\t<section class=\"elementor-section elementor-top-section elementor-element elementor-element-8720a2f elementor-section-boxed elementor-section-height-default elementor-section-height-default\" data-id=\"8720a2f\" data-element_type=\"section\" data-e-type=\"section\">\n\t\t\t\t\t\t<div class=\"elementor-container elementor-column-gap-default\">\n\t\t\t\t\t<div class=\"elementor-column elementor-col-100 elementor-top-column elementor-element elementor-element-0e23597\" data-id=\"0e23597\" data-element_type=\"column\" data-e-type=\"column\">\n\t\t\t<div class=\"elementor-widget-wrap elementor-element-populated\">\n\t\t\t\t\t\t<div class=\"elementor-element elementor-element-e55be2d elementor-widget elementor-widget-text-editor\" data-id=\"e55be2d\" data-element_type=\"widget\" data-e-type=\"widget\" data-widget_type=\"text-editor.default\">\n\t\t\t\t<div class=\"elementor-widget-container\">\n\t\t\t\t\t\t\t\t\t<h4 style=\"text-align: center;\"><strong><em>Misa de Nuestra Se\u00f1ora de Luj\u00e1n<\/em><\/strong><em>\u00a0<\/em><\/h4><p>\u00a0<\/p><p><strong><span style=\"font-size: 18pt;\"><em>Ant\u00edfona de entrada<\/em><\/span><\/strong><\/p><p>Alegr\u00e9monos todos en el Se\u00f1or, al celebrar esta festividad en honor de la sant\u00edsima Virgen Mar\u00eda. Los \u00e1ngeles se regocijan por esta solemnidad y alaban al Hijo de Dios. Aleluia.<\/p><p><strong><span style=\"font-size: 18pt;\"><em>Oraci\u00f3n colecta<\/em><\/span><\/strong><\/p><p>Se\u00f1or, mira con bondad la fidelidad de tu pueblo<br \/>y conc\u00e9denos que, por los m\u00e9ritos e intercesi\u00f3n<br \/>de la sant\u00edsima Virgen Mar\u00eda,<br \/>obtengamos los dones de tu gracia en la vida presente<br \/>y la salvaci\u00f3n eterna en el cielo.<\/p><p><strong><span style=\"font-size: 18pt;\"><em>Oraci\u00f3n sobre las ofrendas<\/em><\/span><\/strong><\/p><p>Se\u00f1or, te rogamos, por tu bondad<br \/>y por la intercesi\u00f3n de la sant\u00edsima Virgen Mar\u00eda,<br \/>que este sacrificio nos d\u00e9 la prosperidad y la paz<br \/>en esta vida y en la eterna.<\/p><p><strong><span style=\"font-size: 18pt;\"><em>Ant\u00edfona de comuni\u00f3n<\/em><\/span><\/strong><\/p><p>A ning\u00fan otro pueblo trat\u00f3 as\u00ed el Se\u00f1or, ni le dio a conocer sus mandamientos. Aleluia.<\/p><p><strong><span style=\"font-size: 18pt;\"><em>Oraci\u00f3n despu\u00e9s de la comuni\u00f3n<\/em><\/span><\/strong><\/p><p>Se\u00f1or, alimentados con este sacramento<br \/>de nuestra salvaci\u00f3n,<br \/>te pedimos que experimentemos en todo lugar<br \/>la protecci\u00f3n de la sant\u00edsima Virgen Mar\u00eda,<br \/>en cuyo honor te hemos ofrecido este sacrificio.<\/p><p><strong><span style=\"font-size: 18pt;\"><em>Prefacio<\/em><\/span><\/strong><\/p><p><em>Santa Mar\u00eda de Luj\u00e1n, Madre del pueblo argentino<\/em><em>\u00a0<\/em><\/p><p><em>V:<\/em> El Se\u00f1or est\u00e1 con ustedes.<br \/><em>R:<\/em> Y con tu esp\u00edritu.<em>\u00a0<\/em><\/p><p><em>V:<\/em> Levantemos el coraz\u00f3n.<br \/><em>R:<\/em> Lo tenemos levantado hacia el Se\u00f1or.<em>\u00a0<\/em><\/p><p><em>V<\/em>: Demos gracias al Se\u00f1or, nuestro Dios.<br \/><em>R:<\/em> Es justo y necesario.<\/p><p>Realmente es justo y necesario,<br \/>Padre todopoderoso,<br \/>que entonemos siempre en tu honor<br \/>himnos y cantos de alabanza,<br \/>especialmente por el amor sin l\u00edmites<br \/>que quisiste manifestarnos en Mar\u00eda, Virgen y Madre:<\/p><p>Una humilde imagen de su limpia y pura Concepci\u00f3n<br \/>se qued\u00f3 milagrosamente a orillas del r\u00edo Luj\u00e1n<br \/>como signo de su maternal protecci\u00f3n<br \/>sobre tu pueblo peregrinante en la Argentina,<br \/>para que llevados de su mano<br \/>podamos llegar al trono del Cordero inocente<br \/>que quita el pecado del mundo,<br \/>Cristo Jes\u00fas, tu Hijo y nuestro \u00fanico Salvador.<\/p><p>A \u00e9l lo alaban el cielo y la tierra,<br \/>los \u00e1ngeles y los santos,<br \/>diciendo sin cesar:<br \/>Santo, Santo, Santo&#8230;<\/p><h4 style=\"text-align: center;\"><strong>Liturgia de la Palabra<\/strong><\/h4><p>\u00a0<\/p><p style=\"text-align: left;\"><strong>Lectura del libro del profeta Isa\u00edas<\/strong>\u00a0 \u00a0 \u00a0 \u00a0 \u00a0 \u00a0 \u00a0 \u00a0 \u00a0 \u00a0 \u00a0 \u00a0 \u00a0 \u00a0 \u00a0 \u00a0 \u00a0 \u00a0 \u00a0 \u00a0 \u00a0 \u00a0 \u00a0 \u00a0 \u00a0 \u00a0 \u00a0 \u00a0 \u00a0 \u00a0 \u00a0 \u00a0 \u00a0 \u00a0 \u00a0 \u00a0 \u00a0 \u00a0 \u00a0 \u00a0 \u00a0 \u00a0 \u00a0 \u00a0 \u00a0 \u00a0 \u00a0 \u00a0 \u00a0 \u00a0 \u00a0 \u00a0 \u00a0 \u00a0 \u00a0 \u00a0 \u00a0 \u00a0 \u00a0 \u00a0 35, 1-7<\/p><p>\u00a1Regoc\u00edjense el desierto y la tierra reseca, al\u00e9grese y florezca la estepa! \u00a1S\u00ed, florezca como el narciso, que se alegre y prorrumpa en cantos de j\u00fabilo! Le ha sido dada la gloria del L\u00edbano, el esplendor del Carmelo y del Sar\u00f3n. Ellos ver\u00e1n la gloria del Se\u00f1or, el esplendor de nuestro Dios.<\/p><p>Fortalezcan los brazos d\u00e9biles, robustezcan las rodillas vacilantes; digan a los que est\u00e1n desalentados: \u00ab\u00a1Sean fuertes, no teman: ah\u00ed est\u00e1 su Dios! Llega la venganza, la represalia de Dios: \u00e9l mismo viene a salvarlos.\u00bb<\/p><p>Entonces se abrir\u00e1n los ojos de los ciegos y se destapar\u00e1n los o\u00eddos de los sordos; entonces el tullido saltar\u00e1 como un ciervo y la lengua de los mudos gritar\u00e1 de j\u00fabilo. Porque brotar\u00e1n aguas en el desierto y torrentes en la estepa; el p\u00e1ramo se convertir\u00e1 en un estanque y la tierra sedienta en manantiales; la morada donde se recostaban los chacales ser\u00e1 un paraje de ca\u00f1a y papiros.<\/p><p style=\"text-align: right;\"><strong>Palabra de Dios<\/strong><\/p><p><strong>SALMO<\/strong>\u00a0 \u00a0 \u00a0 \u00a0 \u00a0 \u00a0 \u00a0 \u00a0 \u00a0 \u00a0 \u00a0 \u00a0 \u00a0 \u00a0 \u00a0 \u00a0 \u00a0 \u00a0 \u00a0 \u00a0 \u00a0 \u00a0 \u00a0 \u00a0 \u00a0 \u00a0 \u00a0 \u00a0 \u00a0 \u00a0 \u00a0 \u00a0 \u00a0 \u00a0 \u00a0 \u00a0 \u00a0 \u00a0 \u00a0 \u00a0 \u00a0 \u00a0 \u00a0 \u00a0 \u00a0 \u00a0 \u00a0 \u00a0 \u00a0 \u00a0 \u00a0 \u00a0 \u00a0 \u00a0 \u00a0 \u00a0 \u00a0 \u00a0Lc 1, 46-48. 49-50. 51-53. 54-55 (R.: cf. 49)<\/p><p>\u00a0<\/p><p>R. El Se\u00f1or hizo en m\u00ed maravillas:<br \/>\u00a1Gloria al Se\u00f1or!<\/p><p>\u00abMi alma canta la grandeza del Se\u00f1or,<br \/>y mi esp\u00edritu se estremece de gozo en Dios, mi Salvador,<br \/>porque \u00e9l mir\u00f3 con bondad la peque\u00f1ez de su servidora.<br \/>En adelante todas las generaciones me llamar\u00e1n feliz.\u00a0 R.<\/p><p>Porque el Todopoderoso ha hecho en m\u00ed grandes cosas:<br \/>\u00a1su Nombre es santo!<br \/>Su misericordia se extiende de generaci\u00f3n en generaci\u00f3n<br \/>sobre aquellos que lo temen.\u00a0 R.<\/p><p>Despleg\u00f3 la fuerza de su brazo,<br \/>dispers\u00f3 a los soberbios de coraz\u00f3n.<br \/>Derrib\u00f3 a los poderosos de su trono<br \/>y elev\u00f3 a los humildes.<br \/>Colm\u00f3 de bienes a los hambrientos<br \/>y despidi\u00f3 a los ricos con las manos vac\u00edas.\u00a0 R.<\/p><p>Socorri\u00f3 a Israel, su servidor,<br \/>acord\u00e1ndose de su misericordia,<br \/>como lo hab\u00eda prometido a nuestros padres,<br \/>en favor de Abraham<br \/>y de su descendencia para siempre.\u00bb\u00a0 R.<\/p><p><strong>Lectura de la carta del ap\u00f3stol san Pablo <\/strong><\/p><p><strong>a los cristianos de \u00c9feso<\/strong>\u00a0 \u00a0 \u00a0 \u00a0 \u00a0 \u00a0 \u00a0 \u00a0 \u00a0 \u00a0 \u00a0 \u00a0 \u00a0 \u00a0 \u00a0 \u00a0 \u00a0 \u00a0 \u00a0 \u00a0 \u00a0 \u00a0 \u00a0 \u00a0 \u00a0 \u00a0 \u00a0 \u00a0 \u00a0 \u00a0 \u00a0 \u00a0 \u00a0 \u00a0 \u00a0 \u00a0 \u00a0 \u00a0 \u00a0 \u00a0 \u00a0 \u00a0 \u00a0 \u00a0 \u00a0 \u00a0 \u00a0 \u00a0 \u00a0 \u00a0 \u00a0 \u00a0 \u00a0 \u00a0 \u00a0 \u00a0 \u00a0 \u00a0 \u00a0 \u00a0 \u00a0 \u00a0 \u00a0 \u00a0 \u00a0 \u00a0 \u00a0 \u00a01, 3-6. 11-12<\/p><p>Bendito sea Dios, el Padre de nuestro Se\u00f1or Jesucristo, que nos ha bendecido en Cristo con toda clase de bienes espirituales en el cielo, y nos ha elegido en \u00e9l, antes de la creaci\u00f3n del mundo, para que fu\u00e9ramos santos e irreprochables en su presencia, por el amor. \u00c9l nos predestin\u00f3 a ser sus hijos adoptivos por medio de Jesucristo, conforme al benepl\u00e1cito de su voluntad, para alabanza de la gloria de su gracia, que nos dio en su Hijo muy querido. En \u00e9l hemos sido constituidos herederos, y destinados de antemano -seg\u00fan el previo designio del que realiza todas las cosas conforme a su voluntad- a ser aquellos que han puesto su esperanza en Cristo, para alabanza de su gloria.<\/p><p style=\"text-align: right;\"><strong>Palabra de Dios<\/strong><\/p><h6><strong>ALELUIA<\/strong>\u00a0 \u00a0 \u00a0 \u00a0 \u00a0 \u00a0 \u00a0 \u00a0 \u00a0 \u00a0 \u00a0 \u00a0 \u00a0 \u00a0 \u00a0 \u00a0 \u00a0 \u00a0 \u00a0 \u00a0 \u00a0 \u00a0 \u00a0 \u00a0 \u00a0 \u00a0 \u00a0 \u00a0 \u00a0 \u00a0 \u00a0 \u00a0 \u00a0 \u00a0 \u00a0 \u00a0 \u00a0 \u00a0 \u00a0 \u00a0 \u00a0 \u00a0 \u00a0 \u00a0 \u00a0 \u00a0 \u00a0 \u00a0 \u00a0 \u00a0 \u00a0 \u00a0 \u00a0 \u00a0 \u00a0 \u00a0 \u00a0 \u00a0 \u00a0 \u00a0 \u00a0 \u00a0 \u00a0 \u00a0 \u00a0 \u00a0 \u00a0 \u00a0 \u00a0 \u00a0 \u00a0 \u00a0 \u00a0 \u00a0 \u00a0 \u00a0 \u00a0 \u00a0 \u00a0 \u00a0 \u00a0 \u00a02Cr\u00f3n 7, 16<\/h6><p>Aleluia.<br \/>Dice el Se\u00f1or: Yo he elegido y consagrado esta Casa,<br \/>a fin de que mi Nombre resida en ella para siempre.<br \/>Aleluia.<\/p><p><strong>EVANGELIO<\/strong><\/p><h6>Aqu\u00ed tienes a tu hijo. Aqu\u00ed tienes a tu madre<\/h6><p>\u00a0<\/p><p><strong>Lectura del santo Evangelio seg\u00fan san Juan<\/strong>\u00a0 \u00a0 \u00a0 \u00a0 \u00a0 \u00a0 \u00a0 \u00a0 \u00a0 \u00a0 \u00a0 \u00a0 \u00a0 \u00a0 \u00a0 \u00a0 \u00a0 \u00a0 \u00a0 \u00a0 \u00a0 \u00a0 \u00a0 \u00a0 \u00a0 \u00a0 \u00a0 \u00a0 \u00a0 \u00a0 \u00a0 \u00a0 \u00a0 \u00a0 \u00a0 \u00a0 \u00a0 \u00a0 \u00a0 \u00a0 \u00a0 \u00a0 \u00a0 \u00a0 \u00a0 \u00a0 \u00a0 \u00a019, 25-27<\/p><p>Junto a la cruz de Jes\u00fas, estaba su madre y la hermana de su madre, Mar\u00eda, mujer de Cleof\u00e1s, y Mar\u00eda Magdalena. Al ver a la madre y cerca de ella al disc\u00edpulo a quien \u00e9l amaba, Jes\u00fas le dijo: \u00abMujer, aqu\u00ed tienes a tu hijo.\u00bb Luego dijo al disc\u00edpulo: \u00abAqu\u00ed tienes a tu madre.\u00bb\u00a0 Y desde aquel momento, el disc\u00edpulo la recibi\u00f3 en su casa.<\/p><p style=\"text-align: right;\"><strong>Palabra del Se\u00f1or<\/strong><\/p>\t\t\t\t\t\t\t\t<\/div>\n\t\t\t\t<\/div>\n\t\t\t\t\t<\/div>\n\t\t<\/div>\n\t\t\t\t\t<\/div>\n\t\t<\/section>\n\t\t\t\t<\/div>\n\t\t","protected":false},"excerpt":{"rendered":"<p>Misa de Nuestra Se\u00f1ora de Luj\u00e1n\u00a0 \u00a0 Ant\u00edfona de entrada Alegr\u00e9monos todos en el Se\u00f1or, al celebrar esta festividad en honor de la sant\u00edsima Virgen Mar\u00eda. Los \u00e1ngeles se regocijan por esta solemnidad y alaban al Hijo de Dios. Aleluia. Oraci\u00f3n colecta Se\u00f1or, mira con bondad la fidelidad de tu puebloy conc\u00e9denos que, por los [&hellip;]<\/p>\n","protected":false},"author":1,"featured_media":5781,"comment_status":"closed","ping_status":"closed","sticky":false,"template":"","format":"standard","meta":{"site-sidebar-layout":"default","site-content-layout":"default","ast-site-content-layout":"default","site-content-style":"default","site-sidebar-style":"default","ast-global-header-display":"","ast-banner-title-visibility":"","ast-main-header-display":"","ast-hfb-above-header-display":"","ast-hfb-below-header-display":"","ast-hfb-mobile-header-display":"","site-post-title":"","ast-breadcrumbs-content":"","ast-featured-img":"","footer-sml-layout":"","theme-transparent-header-meta":"default","adv-header-id-meta":"","stick-header-meta":"","header-above-stick-meta":"","header-main-stick-meta":"","header-below-stick-meta":"","astra-migrate-meta-layouts":"set","ast-page-background-enabled":"default","ast-page-background-meta":{"desktop":{"background-color":"","background-image":"","background-repeat":"repeat","background-position":"center center","background-size":"auto","background-attachment":"scroll","background-type":"","background-media":"","overlay-type":"","overlay-color":"","overlay-opacity":"","overlay-gradient":""},"tablet":{"background-color":"","background-image":"","background-repeat":"repeat","background-position":"center center","background-size":"auto","background-attachment":"scroll","background-type":"","background-media":"","overlay-type":"","overlay-color":"","overlay-opacity":"","overlay-gradient":""},"mobile":{"background-color":"","background-image":"","background-repeat":"repeat","background-position":"center center","background-size":"auto","background-attachment":"scroll","background-type":"","background-media":"","overlay-type":"","overlay-color":"","overlay-opacity":"","overlay-gradient":""}},"ast-content-background-meta":{"desktop":{"background-color":"var(--ast-global-color-5)","background-image":"","background-repeat":"repeat","background-position":"center center","background-size":"auto","background-attachment":"scroll","background-type":"","background-media":"","overlay-type":"","overlay-color":"","overlay-opacity":"","overlay-gradient":""},"tablet":{"background-color":"var(--ast-global-color-5)","background-image":"","background-repeat":"repeat","background-position":"center center","background-size":"auto","background-attachment":"scroll","background-type":"","background-media":"","overlay-type":"","overlay-color":"","overlay-opacity":"","overlay-gradient":""},"mobile":{"background-color":"var(--ast-global-color-5)","background-image":"","background-repeat":"repeat","background-position":"center center","background-size":"auto","background-attachment":"scroll","background-type":"","background-media":"","overlay-type":"","overlay-color":"","overlay-opacity":"","overlay-gradient":""}},"footnotes":""},"categories":[40],"tags":[30,41,116,35],"class_list":["post-5780","post","type-post","status-publish","format-standard","has-post-thumbnail","hentry","category-liturgia","tag-liturgia","tag-lujan","tag-misa-2","tag-virgen-maria"],"_links":{"self":[{"href":"https:\/\/nuestrocarisma.org\/index.php\/wp-json\/wp\/v2\/posts\/5780","targetHints":{"allow":["GET"]}}],"collection":[{"href":"https:\/\/nuestrocarisma.org\/index.php\/wp-json\/wp\/v2\/posts"}],"about":[{"href":"https:\/\/nuestrocarisma.org\/index.php\/wp-json\/wp\/v2\/types\/post"}],"author":[{"embeddable":true,"href":"https:\/\/nuestrocarisma.org\/index.php\/wp-json\/wp\/v2\/users\/1"}],"replies":[{"embeddable":true,"href":"https:\/\/nuestrocarisma.org\/index.php\/wp-json\/wp\/v2\/comments?post=5780"}],"version-history":[{"count":11,"href":"https:\/\/nuestrocarisma.org\/index.php\/wp-json\/wp\/v2\/posts\/5780\/revisions"}],"predecessor-version":[{"id":8393,"href":"https:\/\/nuestrocarisma.org\/index.php\/wp-json\/wp\/v2\/posts\/5780\/revisions\/8393"}],"wp:featuredmedia":[{"embeddable":true,"href":"https:\/\/nuestrocarisma.org\/index.php\/wp-json\/wp\/v2\/media\/5781"}],"wp:attachment":[{"href":"https:\/\/nuestrocarisma.org\/index.php\/wp-json\/wp\/v2\/media?parent=5780"}],"wp:term":[{"taxonomy":"category","embeddable":true,"href":"https:\/\/nuestrocarisma.org\/index.php\/wp-json\/wp\/v2\/categories?post=5780"},{"taxonomy":"post_tag","embeddable":true,"href":"https:\/\/nuestrocarisma.org\/index.php\/wp-json\/wp\/v2\/tags?post=5780"}],"curies":[{"name":"wp","href":"https:\/\/api.w.org\/{rel}","templated":true}]}}