{"id":5398,"date":"2022-02-01T07:23:30","date_gmt":"2022-02-01T05:23:30","guid":{"rendered":"https:\/\/nuestrocarisma.org\/?p=5398"},"modified":"2022-02-01T07:33:32","modified_gmt":"2022-02-01T05:33:32","slug":"la-autodestruccion-de-la-iglesia","status":"publish","type":"post","link":"https:\/\/nuestrocarisma.org\/index.php\/2022\/02\/01\/la-autodestruccion-de-la-iglesia\/","title":{"rendered":"La autodestrucci\u00f3n de la Iglesia"},"content":{"rendered":"\t\t<div data-elementor-type=\"wp-post\" data-elementor-id=\"5398\" class=\"elementor elementor-5398\" data-elementor-post-type=\"post\">\n\t\t\t\t\t\t<section class=\"elementor-section elementor-top-section elementor-element elementor-element-8720a2f elementor-section-boxed elementor-section-height-default elementor-section-height-default\" data-id=\"8720a2f\" data-element_type=\"section\" data-e-type=\"section\">\n\t\t\t\t\t\t<div class=\"elementor-container elementor-column-gap-default\">\n\t\t\t\t\t<div class=\"elementor-column elementor-col-100 elementor-top-column elementor-element elementor-element-0e23597\" data-id=\"0e23597\" data-element_type=\"column\" data-e-type=\"column\">\n\t\t\t<div class=\"elementor-widget-wrap elementor-element-populated\">\n\t\t\t\t\t\t<div class=\"elementor-element elementor-element-e55be2d elementor-widget elementor-widget-text-editor\" data-id=\"e55be2d\" data-element_type=\"widget\" data-e-type=\"widget\" data-widget_type=\"text-editor.default\">\n\t\t\t\t<div class=\"elementor-widget-container\">\n\t\t\t\t\t\t\t\t\t<h3 style=\"text-align: center;\"><strong>\u201cLa autodestrucci\u00f3n de la Iglesia\u201d<\/strong><\/h3><p style=\"text-align: center;\"><em>San Pablo VI<\/em><a href=\"#_ftn1\" name=\"_ftnref1\">[1]<\/a><\/p><p>G. K. Chesterton dijo una vez: \u201cHay una cosa en el mundo que nunca progresa y es la idea de progreso\u201d. Con esto quer\u00eda decir que a menos que tengamos un concepto fijo de lo que es realmente progreso nunca sabremos si estamos haciendo alg\u00fan adelanto. Desafortunadamente hay muchos que, en vez de trabajar por alcanzar un ideal, <em>lo cambian<\/em>, y lo llaman progreso. De ese modo, uno nunca podr\u00eda saber si est\u00e1 progresando de Buenos Aires hacia Roma si a Roma la identifica con New York. Solo cuando el objetivo es fijo y definitivo entonces podemos decir que tenemos un blanco al que apuntar y la energ\u00eda necesaria para disparar nuestra flecha hacia ese blanco.<\/p><p>Sucede a menudo que el hombre pierde de vista el objetivo y se concentra en lo meramente transitorio y terrenal y trata de obtener alg\u00fan placer de eso. Lo vemos en la vida diaria. Son los que se deleitan pasando las hojas de un libro, pero nunca terminan de leer la historia; son los que toman pinceles en sus manos, pero nunca acaban la pintura; son los que viajan por mares, pero nunca llegan a un puerto. Y esto tambi\u00e9n puede sucederles a los religiosos, a los sacerdotes, y por supuesto, puede suceder tambi\u00e9n a nivel eclesial, lo cual se traduce muchas veces en progresismo cristiano.<\/p><p>Por eso cuando en 1980 San Juan Pablo II dirigi\u00f3 una alocuci\u00f3n a la Conferencia Episcopal Francesa les advert\u00eda: \u201cNada tiene de extra\u00f1o el que, en esta etapa \u2018postconciliar\u2019 se hayan desarrollado tambi\u00e9n, con bastante intensidad, ciertas interpretaciones del Vaticano II que no corresponden a su Magisterio aut\u00e9ntico. Me refiero con ello a las dos tendencias tan conocidas: el \u2018<strong><em>progresismo<\/em><\/strong>\u2019 y el \u2018integrismo\u2019. Unos, est\u00e1n siempre impacientes por adaptar incluso el contenido de la fe, la \u00e9tica cristiana, la liturgia, la organizaci\u00f3n eclesial a los cambios de mentalidades, a las exigencias del \u2018mundo\u2019, sin tener suficientemente en cuenta, no s\u00f3lo el sentido com\u00fan de los fieles que se sienten desorientados, sino lo esencial de la fe ya definida; las ra\u00edces de la Iglesia, su experiencia secular, las normas necesarias para su fidelidad, su unidad, su universalidad. Tienen la obsesi\u00f3n de \u2018avanzar\u2019, pero, \u00bfhacia qu\u00e9 \u2018progreso\u2019 en definitiva? Otros \u2013haciendo notar determinados abusos que nosotros somos los primeros, evidentemente, en reprobar y corregir\u2013, endurecen su postura deteni\u00e9ndose en un per\u00edodo determinado de la Iglesia, en un determinado plano de formulaci\u00f3n teol\u00f3gica o de expresi\u00f3n lit\u00fargica que consideran como absoluto, sin penetrar suficientemente en su profundo sentido, sin considerar la totalidad de la historia y su desarrollo leg\u00edtimo, asust\u00e1ndose de las cuestiones nuevas, sin admitir en definitiva que el Esp\u00edritu de Dios sigue actuando hoy en la Iglesia, con sus Pastores unidos al Sucesor de Pedro\u201d<a href=\"#_ftn2\" name=\"_ftnref2\">[2]<\/a>.<\/p><p>Esto mismo ya advert\u00eda en 1907 el Papa San P\u00edo X en su Enc\u00edclica <em>Pascendi<\/em> para reprender y desenmascarar la doctrina de lo que luego se llam\u00f3 <em>modernismo<\/em>, y m\u00e1s recientemente, <em>progresismo<\/em>. Con el deseo de exponer y presentar a la Iglesia esta peligros\u00edsima y enmara\u00f1ada doctrina la denomin\u00f3 sin m\u00e1s, como \u201cel conjunto de todas las herej\u00edas\u201d<a href=\"#_ftn3\" name=\"_ftnref3\">[3]<\/a>, o como tambi\u00e9n se dice \u201ccloaca de todas las herej\u00edas\u201d. Como tal, no se deja entender f\u00e1cilmente \u2013ni tampoco lo quiere ser\u2013 y ataca a la Iglesia y a nuestra fe desde muy diversos flancos, queriendo llenarla de confusi\u00f3n con su doctrina tan perversa como escurridiza, porque \u201cm\u00e1s que un sistema es una confusi\u00f3n\u201d<a href=\"#_ftn4\" name=\"_ftnref4\">[4]<\/a>, aunque todos los que enarbolan la bandera progresista \u201csin excepci\u00f3n, quieran ser y pasar por doctores en la Iglesia\u201d<a href=\"#_ftn5\" name=\"_ftnref5\">[5]<\/a>, dec\u00eda San P\u00edo X.<\/p><p>Fundado en una filosof\u00eda inmanente, el <em>progresismo <\/em>se presenta como una continuaci\u00f3n del gnosticismo de los primeros a\u00f1os de la Iglesia, que en los \u00faltimos tiempos ha recobrado m\u00e1s y m\u00e1s fuerzas, tal como lo dijera el Papa Magno, San Juan Pablo II: \u201cEs necesario admitir con realismo, y con profunda y atormentada sensibilidad, que los cristianos hoy, en gran parte, se sienten extraviados, confusos, perplejos e incluso desilusionados; se han esparcido a manos llenas ideas contrastantes con la verdad revelada y ense\u00f1ada desde siempre; se han propalado verdaderas y propias herej\u00edas, en el campo dogm\u00e1tico y moral, creando dudas, confusiones, rebeliones, se ha manipulado incluso la liturgia; inmersos en el \u2018relativismo\u2019 intelectual y moral, y por esto, en el permisivismo, los cristianos se ven tentados por el ate\u00edsmo, el agnosticismo, el iluminismo vagamente moralista, por un cristianismo sociol\u00f3gico, sin dogmas definidos y sin moral objetiva\u201d<a href=\"#_ftn6\" name=\"_ftnref6\">[6]<\/a>.<\/p><p>El P. Alfredo S\u00e1enz por su parte afirmaba: \u201cen los \u00faltimos tiempos, a partir sobre todo de fines del siglo pasado, ocurri\u00f3 algo ins\u00f3lito, y es que ese mundo \u2018mundano\u2019 penetr\u00f3 con sus criterios en el interior mismo de la Iglesia, principalmente a trav\u00e9s del modernismo y del ulterior progresismo, al punto que [San] Pablo VI pudo hablar en t\u00e9rminos dram\u00e1ticos de una \u2018auto demolici\u00f3n de la Iglesia\u2019\u201d<a href=\"#_ftn7\" name=\"_ftnref7\">[7]<\/a>.<\/p><p>En efecto, el <em>progresismo<\/em> sigue muy latente en la Iglesia de hoy, pues sus promulgadores \u201cse ocultan en el seno mismo de la Iglesia, siendo enemigos tanto m\u00e1s perjudiciales cuanto lo son menos declarados\u201d<a href=\"#_ftn8\" name=\"_ftnref8\">[8]<\/a>, queriendo desvirtuar su naturaleza, y confundir a los fieles. Por eso nuestro deber es conocerlo m\u00e1s profundamente para mejor descubrirlo y as\u00ed defender al Cuerpo M\u00edstico de Cristo y proteger a las almas, a fin de no ser infieles al m\u00e1s sacrosanto de nuestros deberes que es el ser servidores de la Verdad<a href=\"#_ftn9\" name=\"_ftnref9\">[9]<\/a>.<\/p><p>Dec\u00eda con preclaro an\u00e1lisis San Pablo VI: \u201cTodos saben c\u00f3mo la Iglesia est\u00e1 inmersa en la humanidad, forma parte de ella; de ella proceden sus miembros, de ella extrae preciosos tesoros de cultura, y c\u00f3mo sufre sus vicisitudes hist\u00f3ricas y tambi\u00e9n contribuye a sus \u00e9xitos. Ahora bien; todos saben por igual que la humanidad en este tiempo est\u00e1 en v\u00eda de grandes transformaciones, alteraciones y progresos, que cambian profundamente no s\u00f3lo sus formas exteriores de vida, sino tambi\u00e9n sus modos de pensar. Su pensamiento, su cultura, su esp\u00edritu vienen a modificarse \u00edntimamente, ya con el progreso cient\u00edfico, t\u00e9cnico y social, ya tambi\u00e9n con las corrientes del pensamiento filos\u00f3fico y pol\u00edtico que la invaden y atraviesan. Todo ello, como las olas de un mar, envuelve y sacude a la Iglesia misma: los esp\u00edritus de los hombres que a ella se conf\u00edan est\u00e1n fuertemente influidos por el clima del mundo temporal; de tal manera que un peligro como de v\u00e9rtigo, de aturdimiento, de aberraci\u00f3n, puede sacudir su misma solidez e inducir a muchos a ir tras los m\u00e1s extra\u00f1os pensamientos, imaginando como si la Iglesia debiera renegar de s\u00ed misma y abrazar nov\u00edsimas e impensadas formas de vida. As\u00ed, por ejemplo, el fen\u00f3meno modernista -que todav\u00eda aflora en diversas tentativas de expresiones extra\u00f1as a la aut\u00e9ntica realidad de la religi\u00f3n cat\u00f3lica-, \u00bfno fue precisamente un episodio semejante de predominio de las tendencias psicol\u00f3gico-culturales, propias del mundo profano, sobre la fiel y genuina expresi\u00f3n de la doctrina y de la norma de la Iglesia de Cristo? Ahora bien: creemos que para inmunizarse contra tal peligro, siempre inminente y m\u00faltiple, proveniente de muchas partes, remedio bueno y obvio es profundizar en la conciencia de la Iglesia, en lo que ella es verdaderamente, seg\u00fan la mente de Cristo contenida en la Escritura y en la Tradici\u00f3n, e interpretada y desarrollada por la genuina ense\u00f1anza eclesi\u00e1stica, la cual est\u00e1, como sabemos, iluminada y guiada por el Esp\u00edritu Santo, dispuesto siempre, cuando se lo pedimos y cuando le escuchamos, a dar indefectible cumplimiento a la promesa de Cristo:\u00a0<em>El Esp\u00edritu, que el Padre os enviar\u00e1 en mi nombre, os ense\u00f1ar\u00e1 todas las cosas y os recordar\u00e1 todo lo que yo os he dicho\u00a0<\/em>(Jn\u00a014, 26)\u201d<a href=\"#_ftn10\" name=\"_ftnref10\">[10]<\/a>.<strong>\u00a0<\/strong><\/p><h4><strong>1. La gran tempestad <\/strong><\/h4><p><strong>\u00a0<\/strong><\/p><p>Hist\u00f3ricamente, y como bien y extensamente lo demuestra el P. Julio Meinvielle en una de sus obras maestras<a href=\"#_ftn11\" name=\"_ftnref11\">[11]<\/a>, el <em>progresismo<\/em> es continuaci\u00f3n de lo que se conoce como la C\u00e1bala jud\u00eda<a href=\"#_ftn12\" name=\"_ftnref12\">[12]<\/a> que no es sino la culposa perversi\u00f3n de la tradici\u00f3n primordial originada en nuestros primeros padres, y de la revelaci\u00f3n dada a los patriarcas, gracias al continuo contacto con los pueblos id\u00f3latras por parte del pueblo elegido. A esta tradici\u00f3n pervertida o gnosis secreta, nuestro Se\u00f1or hace alusi\u00f3n cuando les dice a los fariseos y a los escribas: <em>Anul\u00e1is el mandamiento de Dios por mantener vuestra tradici\u00f3n [\u2026] invalidando la palabra de Dios con esa tradici\u00f3n que os transmit\u00eds; y hac\u00e9is otras muchas cosas semejantes<\/em><a href=\"#_ftn13\" name=\"_ftnref13\">[13]<\/a>.<\/p><p>Luego de la Encarnaci\u00f3n del Verbo de Dios, de la Redenci\u00f3n y de la fundaci\u00f3n de la Iglesia, esta C\u00e1bala tambi\u00e9n penetra en el naciente cristianismo dando lugar as\u00ed al <em>gnosticismo cristiano<\/em>, que afirma un monismo fundamental ontol\u00f3gico que termina desembocando en un pante\u00edsmo absoluto. Al mal le da una consistencia positiva y una fuerza din\u00e1mica, y pone dentro del hombre el origen mismo de su salvaci\u00f3n, de tal modo que no necesita de ning\u00fan salvador ni de la gracia.<\/p><p>Este gnosticismo cristiano fue tomando diferentes nombres y fue sobreviviendo gracias a muchos fil\u00f3sofos, te\u00f3logos y escritores que con doctrinas heterodoxas se opon\u00edan a lo que ense\u00f1aba el Magisterio de la Iglesia y la aut\u00e9ntica filosof\u00eda y teolog\u00eda cristiana, representada m\u00e1s acabadamente en Santo Tom\u00e1s de Aquino.<\/p><p>Ahora bien, a fines del siglo XIX, este gnosticismo cristiano se presenta m\u00e1s vigorosamente con el nombre de <em>modernismo<\/em> llevado adelante por una caterva de intelectuales que se consum\u00edan, con intenci\u00f3n de arruinar la Iglesia<a href=\"#_ftn14\" name=\"_ftnref14\">[14]<\/a> pretendiendo cambiar su doctrina desde dentro y a trav\u00e9s de la confusi\u00f3n.\u00a0<\/p><p>El <em>modernismo<\/em>, contra el cual arremeti\u00f3 fuertemente San P\u00edo X, se podr\u00eda sintetizar como el esfuerzo de acomodar la fe cat\u00f3lica a los requerimientos del mundo, o sea, hacer que la Iglesia de Jesucristo se doblegue y se adecue, con completa sumisi\u00f3n, a los quereres y antojos del devenir de la historia, con el s\u00f3lo argumento de que la historia es la manifestaci\u00f3n de Dios. \u201cLas corrientes subjetivistas, inmanentistas y evolucionistas que inficionaban la mentalidad moderna se infiltraban en los ambientes intelectuales cat\u00f3licos determinando en la ex\u00e9gesis, la historia de los dogmas y de la Iglesia, la filosof\u00eda y la teolog\u00eda una nueva interpretaci\u00f3n del cristianismo que, en la realidad de los hechos, lo alteraba fundamentalmente, y, con ello, lo destru\u00eda\u201d<a href=\"#_ftn15\" name=\"_ftnref15\"><sup>[15]<\/sup><\/a>. El <em>modernismo<\/em> quer\u00eda destruir la naturaleza divina de la Iglesia y volverla una entidad meramente humana al servicio de la historia moderna. Por eso no tememos en afirmar que \u201cen el fondo los \u2018modernistas\u2019 de ayer y de hoy tienen en com\u00fan el m\u00e9todo que supone el inmanentismo filos\u00f3fico; pero como dice Lortz, el modernismo no es tanto un sistema de doctrina her\u00e9tica cuanto un <em>modo her\u00e9tico de pensar<\/em><a href=\"#_ftn16\" name=\"_ftnref16\">[16]<\/a>\u201d<a href=\"#_ftn17\" name=\"_ftnref17\">[17]<\/a>. As\u00ed fue que hombres como F\u00e9licit\u00e9 Lamennais idearon extra\u00f1os modos y argumentos para acomodarse al mundo, traicionando a la Iglesia y a sus conciencias. No obstante, como bien se nos ense\u00f1\u00f3: \u201csi la civilizaci\u00f3n moderna envuelve la autonom\u00eda absoluta del hombre frente a Dios, es harto claro que la Iglesia no puede reconciliarse con ella\u201d<a href=\"#_ftn18\" name=\"_ftnref18\"><sup>[18]<\/sup><\/a>.<\/p><p>Es oportuno notar que San P\u00edo X en cierto modo previ\u00f3 el desarrollo posterior del modernismo que ha llegado, hoy, al nihilismo en el plano te\u00f3rico (en la medida en que tal cosa es posible) y al relativismo \u2018absoluto\u2019 en el plano pr\u00e1ctico. Cualquiera de las formas del inmanentismo (empirista, racionalista, materialista, historicista, sentimentalista, cientificista, progresista en el sentido del iluminismo) que se tome como m\u00e9todo y como filosof\u00eda de base para la Teolog\u00eda, tendr\u00e1 la misma conclusi\u00f3n: la eliminaci\u00f3n de la posibilidad misma de la Revelaci\u00f3n sobrenatural y la negaci\u00f3n del misterio. Y eso, para la Iglesia Cat\u00f3lica ser\u00eda la eliminaci\u00f3n del dep\u00f3sito revelado y, por tanto, la muerte por su reducci\u00f3n al \u00e1mbito del mundo<a href=\"#_ftn19\" name=\"_ftnref19\">[19]<\/a>.<\/p><p>\u00daltimamente, gracias a muchos autores de la <em>Nouvelle Th\u00e9ologie<\/em><a href=\"#_ftn20\" name=\"_ftnref20\">[20]<\/a> y con mayor tenacidad luego del Concilio Vaticano II, este gnosticismo cristiano se presenta con el nombre de <em>progresismo<\/em> y busca con ah\u00ednco someter a la Iglesia tanto a la ideolog\u00eda marxista y al comunismo, como al liberalismo, negando un orden social cristiano<a href=\"#_ftn21\" name=\"_ftnref21\">[21]<\/a>. Hoy por hoy, es este <em>progresismo<\/em> la gran tempestad que la Iglesia debe afrontar para la salvaci\u00f3n de las almas.<\/p><h4><strong>2. Mezcla confusa <\/strong><\/h4><p>Como <em>gnosis<\/em> que es, el <em>progresismo<\/em> se presenta como una <strong><em>mezcla confusa<\/em><\/strong>: \u201cun menjunje de sobrenatural y natural, una fusi\u00f3n de fe y raz\u00f3n, una combinaci\u00f3n espuria de Cristo y C\u00e9sar, una confusi\u00f3n de la teolog\u00eda y la filosof\u00eda o la sociolog\u00eda o la psicolog\u00eda\u201d<a href=\"#_ftn22\" name=\"_ftnref22\">[22]<\/a>. M\u00e1s a\u00fan, el <em>progresismo<\/em> contempor\u00e1neo, al asumir la esencia del marxismo \u2013que es la dial\u00e9ctica\u2013, no tiene reparo en afirmar y negar cosas diametralmente opuestas, o contradecirse, porque no busca la verdad sino el acomodarse a la \u00e9poca. Ya P\u00edo XII hab\u00eda subrayado esta caracter\u00edstica: \u201cEstas nuevas opiniones, no siempre las proponen con el mismo orden, con la misma claridad o con los mismos t\u00e9rminos, ni siempre con plena unanimidad de pareceres entre s\u00ed mismos; y, de hecho, lo que hoy ense\u00f1an algunos m\u00e1s encubiertamente, con ciertas cautelas y distinciones, otros m\u00e1s audaces lo propalan ma\u00f1ana a las claras y sin limitaciones\u201d<a href=\"#_ftn23\" name=\"_ftnref23\">[23]<\/a>.<\/p><p>El <em>progresismo<\/em> tambi\u00e9n se presenta como una <strong><em>inversi\u00f3n<\/em><\/strong>, que es fruto de esa man\u00eda de hacer dial\u00e9ctica de todo. \u201cEn vez de Dios el hombre&#8230; en vez de amor a Dios amor al pr\u00f3jimo&#8230; en vez de un mensaje de salvaci\u00f3n un mensaje social&#8230; en vez de la Cruz la apertura al mundo&#8230; en vez de la verdad absoluta la verdad del tiempo\u201d<a href=\"#_ftn24\" name=\"_ftnref24\">[24]<\/a>. No saben armonizar cosas que son aparentemente opuestas, porque jam\u00e1s meditaron en el misterio del Verbo Encarnado. Subvierten la realidad y la dejan patas para arriba, porque nunca logran tener una correcta valorizaci\u00f3n de las cosas. \u201cEs buscar primero la a\u00f1adidura y luego, si queda tiempo y ganas, el Reino de Dios\u201d<a href=\"#_ftn25\" name=\"_ftnref25\">[25]<\/a>.<\/p><p>Tambi\u00e9n se caracteriza el <em>progresismo<\/em> por la <strong><em>disoluci\u00f3n<\/em><\/strong>. Como su estrategia es la confusi\u00f3n, busca disolver las verdades de fe y la misma religi\u00f3n cat\u00f3lica, quit\u00e1ndoles sus fundamentos filos\u00f3ficos e hist\u00f3ricos y poni\u00e9ndolos siempre en tela de juicio, arrog\u00e1ndose el derecho de dudar de los dogmas y de la fe transmitida por los Ap\u00f3stoles y protegida por el Magisterio. Presentan as\u00ed falsas \u2018salvaciones\u2019 que, aunque llevan el nombre de <em>cristianas<\/em>, no son sino encubiertas maneras de aliarse con el esp\u00edritu del mundo. Disuelven, a su vez, todo el orden sobrenatural en el natural, quit\u00e1ndole su valor y justificaci\u00f3n. Postulan una \u201cabsoluta independencia entre lo espiritual y lo temporal\u201d, \u201cde modo que autoriza a actuar en lo temporal sin preocupaciones de tipo espiritual\u201d<a href=\"#_ftn26\" name=\"_ftnref26\">[26]<\/a>.<\/p><p>Asimismo, declaraba con toda su fuerza el Santo Papa: \u201cAndan clamando que el r\u00e9gimen de la Iglesia se ha de reformar en todos sus aspectos, pero principalmente en el disciplinar y dogm\u00e1tico, y, por lo tanto, que se ha de armonizar interior y exteriormente con lo que llaman <em>conciencia moderna<\/em>, que \u00edntegramente tiende a la democracia; por lo cual, se debe conceder al clero inferior y a los mismos laicos cierta intervenci\u00f3n en el gobierno y se ha de repartir la autoridad, demasiado concentrada y centralizada. [\u2026] Pretenden asimismo que se debe variar la influencia del gobierno eclesi\u00e1stico en los negocios pol\u00edticos y sociales, de suerte que, al separarse de los ordenamientos civiles, sin embargo, se adapte a ellos para imbuirlos con su esp\u00edritu. [\u2026] En lo moral, que las virtudes activas han de ser antepuestas a las pasivas, y que deben practicarse aqu\u00e9llas con preferencia a \u00e9stas. [\u2026] Hay, por fin, algunos que, ateni\u00e9ndose de buen grado a sus maestros protestantes, desean que se suprima en el sacerdocio el celibato sagrado.<\/p><p>\u00bfQu\u00e9 queda, pues, intacto en la Iglesia que no deba ser reformado por ellos y conforme a sus opiniones?\u201d<a href=\"#_ftn27\" name=\"_ftnref27\">[27]<\/a>.<\/p><h4><strong>3. Consecuencias inevitables y causas inmediatas<\/strong><\/h4><p>El Dr. Alberto Caturelli en un art\u00edculo preparado con ocasi\u00f3n del 100\u00ba aniversario de la Enc\u00edclica <em>Pascendi<\/em> se\u00f1ala que \u201cel inmanentismo filos\u00f3fico, cient\u00edfico e hist\u00f3rico que, arbitrariamente postulan que tiene objeto cognoscible a diferencia de la fe cuyo sujeto estiman incognoscible, es la fuente de todos los errores y de todas las rebeld\u00edas\u201d<a href=\"#_ftn28\" name=\"_ftnref28\">[28]<\/a>.<\/p><p>San P\u00edo X ya hab\u00eda se\u00f1alado las consecuencias inevitables de ese modo err\u00f3neo de pensar que conduce al ate\u00edsmo y a la negaci\u00f3n de toda religi\u00f3n como resultado del simbolismo puro.<\/p><p>\u201cLa causa pr\u00f3xima e inmediata [de este mal] es, sin duda, la perversi\u00f3n de la inteligencia\u201d<a href=\"#_ftn29\" name=\"_ftnref29\">[29]<\/a>. Si nos preguntamos acerca de las motivaciones o causas personales que llevan a alguien a pensar de esa manera el Santo Padre se\u00f1alaba dos fundamentales: el <strong>orgullo<\/strong> (\u201cinflados con el soberbio nombre de ciencia\u201d<a href=\"#_ftn30\" name=\"_ftnref30\">[30]<\/a>)y, simult\u00e1neamente, el vicio opuesto a la virtud de la estudiosidad que es la <strong>curiosidad<\/strong> en el sentido de b\u00fasqueda viciosa de lo nuevo (\u201cbajo el impulso de un amor audaz y desenfrenado de novedades\u201d<a href=\"#_ftn31\" name=\"_ftnref31\">[31]<\/a>), no de la verdad objetiva. En el caso de la Teolog\u00eda ambos vicios se agravan porque el hombre se pone a s\u00ed mismo como norma suprema<a href=\"#_ftn32\" name=\"_ftnref32\">[32]<\/a>.<\/p><p>Si nos preguntamos, \u201cpor las <em>causas inmediatas<\/em>, dos surgen con invencible evidencia: a) la <em>ignorancia<\/em>: se trata de una ignorancia no com\u00fan sino profunda (si puede calific\u00e1rsela as\u00ed), ignorancia que puede afectar a muchos \u2018doctos\u2019 que ense\u00f1an en Seminarios y Universidades Eclesi\u00e1sticas sin adhesi\u00f3n real al Magisterio y desprecio del realismo metaf\u00edsico; dice San P\u00edo X: \u2018Todos los modernos, sin excepci\u00f3n, que quieren ser y pasar por doctores en la Iglesia, aunque subliman con palabras grandilocuentes la filosof\u00eda moderna y desprecian la escol\u00e1stica, no abrazaron la primera (&#8230;) sino porque su <em>completa ignorancia de la segunda <\/em>los priv\u00f3 de los argumentos necesarios para distinguir la confusi\u00f3n de las ideas y refutar los sofismas\u2019<a href=\"#_ftn33\" name=\"_ftnref33\">[33]<\/a>.<\/p><p>b) La otra causa est\u00e1 contenida en la primera pues no es otra que el <em>odio al m\u00e9todo escol\u00e1stico<\/em>. Estos gratuitos \u2018titulares\u2019 de un \u2018magisterio paralelo\u2019, rechazan \u2018el m\u00e9todo escol\u00e1stico de filosofar, la autoridad y tradici\u00f3n de los Padres, el magisterio eclesi\u00e1stico\u2019 (&#8230;) \u2018Ridiculizan generalmente y desprecian la filosof\u00eda y teolog\u00eda escol\u00e1sticas\u2019<a href=\"#_ftn34\" name=\"_ftnref34\">[34]<\/a>. En 1907 [como en 2022] todos aquellos que defienden la ortodoxia y luchan por la Iglesia, son v\u00edctimas de \u2018la conjuraci\u00f3n del silencio\u2019<a href=\"#_ftn35\" name=\"_ftnref35\">[35]<\/a>; esta manera de proceder contra los cat\u00f3licos, dice San P\u00edo X, \u2018es tanto m\u00e1s odiosa porque al propio tiempo exaltan sin ninguna moderaci\u00f3n, con perpetua alabanza, a todos aquellos que con ellos consienten; los libros de \u00e9stos, concluye el Pont\u00edfice, llenos por todas partes de novedades, rec\u00edbenlos con grande admiraci\u00f3n y aplauso&#8230;\u2019<a href=\"#_ftn36\" name=\"_ftnref36\">[36]<\/a>\u201d<a href=\"#_ftn37\" name=\"_ftnref37\">[37]<\/a>. Mas, \u201csi la Iglesia condena a alguno de ellos, no s\u00f3lo se a\u00fanan para alabarle en p\u00fablico y por todos medios, sino que llegan a tributarle casi la veneraci\u00f3n de m\u00e1rtir de la verdad\u201d<a href=\"#_ftn38\" name=\"_ftnref38\">[38]<\/a>.<\/p><p>\u201cSi San P\u00edo X hubiese vivido hoy habr\u00eda podido comprobar que cuanto \u00e9l denunciaba entonces, ha alcanzado ahora cierta absolutidad. Las vidrieras de librer\u00eda cat\u00f3licas llenas de libros de Boff, K\u00fcng, Guti\u00e9rrez, Rahner, Moltmann y muchos otros; precisamente porque han sido \u2018observados\u2019 por la Santa Sede son un buen negocio&#8230; venden&#8230; venden mucho. En la <em>Pascendi<\/em>, el Papa denunciaba la impregnaci\u00f3n de los seminarios y congresos, revistas, peri\u00f3dicos y \u00f3rdenes religiosas\u201d<a href=\"#_ftn39\" name=\"_ftnref39\">[39]<\/a>.<\/p><h4><strong>4. Sus ataques<\/strong><\/h4><p>Como se ha dicho, el <em>progresismo<\/em> es un conglomerado de todas las herej\u00edas<a href=\"#_ftn40\" name=\"_ftnref40\">[40]<\/a>, y por ende no hay aspecto ni verdad de nuestra fe que no ataque o quiera destruir.<\/p><p>Empezando por destruir los pre\u00e1mbulos de fe, y congeniando con la<strong><em> filosof\u00eda de la inmanencia<\/em><\/strong>, quita a la raz\u00f3n su capacidad de conocer la realidad objetivamente. \u201cLa esencia del <em>progresismo<\/em> est\u00e1 en que considera que la realidad tiene car\u00e1cter <em>unidimensional<\/em>, es decir, que, a pesar de las palabras en contrario, el <em>progresismo<\/em> empuja a un monismo y el progresismo pleno es un <em>monismo absoluto<\/em>, que en el rechazo de la trascendencia afirma la <em>inmanencia absoluta <\/em>y que conlleva un falso concepto de Dios\u201d<a href=\"#_ftn41\" name=\"_ftnref41\">[41]<\/a>. Y como consecuencia de esto, el <em>progresismo<\/em> niega la capacidad de la raz\u00f3n humana de trascender la creaci\u00f3n y conocer a su Creador, porque para ellos Dios no es m\u00e1s que el mundo y no hay distinci\u00f3n entre el ser por esencia y el ser por participaci\u00f3n. Tal es la situaci\u00f3n real del mundo y nos quieren hacer creer que hoy es menester una \u2018Teolog\u00eda sin Dios\u2019 porque esa es la \u2018madurez\u2019 del cristiano. Y si queremos que el mundo escuche el mensaje cristiano \u2013sostienen los progresistas\u2013 tenemos que partir de esa \u2018madurez\u2019 (que asume la situaci\u00f3n del mundo ateo) e inaugurar una ex\u00e9gesis nueva\u2026<\/p><p>Por eso el <em>progresismo<\/em> tambi\u00e9n es enemigo ac\u00e9rrimo de la historicidad de las <strong><em>Sagradas Escrituras<\/em><\/strong>, consider\u00e1ndolas muchas veces como un mero mito o una creaci\u00f3n fant\u00e1stica de ciertas comunidades, quit\u00e1ndole as\u00ed todo valor hist\u00f3rico a la Revelaci\u00f3n Divina y a la Persona de Nuestro Se\u00f1or, poniendo en duda la veracidad de sus mismas palabras contenidas en los Evangelios. \u201cHunde el dato revelado en la historia y s\u00f3lo en la historia. Adquieren aqu\u00ed una importancia desmesurada la arqueolog\u00eda y otras disciplinas puestas al servicio de la nueva ex\u00e9gesis\u201d<a href=\"#_ftn42\" name=\"_ftnref42\">[42]<\/a>. M\u00e1s a\u00fan, para el <em>progresismo<\/em>, <strong><em>Cristo<\/em><\/strong> no es Dios como lo ha entendido la Iglesia y lo han explicado los Santos Padres y los Santos Doctores tan acertadamente, entre los que descuella Santo Tom\u00e1s de Aquino: el <em>Ipsum Esse Subsistens<\/em>, transcendente y puramente espiritual, personal, libre, providente y creador. Cristo no es m\u00e1s que una persona humana donde la presencia de Dios se hallaba de modo m\u00e1s particular y patente, negando as\u00ed lo uni\u00f3n hipost\u00e1tica de la naturaleza humana y divina en la Segunda Persona del Hijo, uni\u00f3n que es por asunci\u00f3n. Consecuentemente, Cristo no es el Salvador del g\u00e9nero humano, sino simplemente un ejemplo o motivaci\u00f3n. El hombre se <em>auto-salva <\/em>al actuar seg\u00fan su naturaleza en la decisi\u00f3n total sobre s\u00ed mismo. As\u00ed lo afirm\u00f3 el te\u00f3logo Karl Rahner en su doctrina del <em>cristianismo an\u00f3nimo<\/em>. Una vez aceptada esta peregrina afirmaci\u00f3n, caen por tierra todos los sacramentos, la Iglesia misma, su misi\u00f3n salv\u00edfica y su tarea de bautizar a todos los pueblos. Si el hombre no necesita de los sacramentos para ser salvo, entonces la Iglesia se convierte en no menos que una simple organizaci\u00f3n humanitaria y no en el arca de la salvaci\u00f3n, quedando completamente secularizada.<\/p><p>A partir de aqu\u00ed, la mente progresista reinterpreta todo, desde la <em>Eucarist\u00eda<\/em> como una mera celebraci\u00f3n simb\u00f3lica y conmemorativa \u2013hablando de transignificaci\u00f3n o transfinalizaci\u00f3n, en lugar de transubstanciaci\u00f3n\u2013, que nada tiene de actual ni sacrificial, hasta la <em>vida<\/em> <em>espiritual <\/em>del hombre y su b\u00fasqueda de Dios, negando incluso la existencia del Cielo y del Infierno, o afirmando gratuitamente que al fin de los tiempos todos los hombres ser\u00e1n salvados, porque, seg\u00fan ellos: \u201cDios es bueno y no castiga a nadie\u201d<a href=\"#_ftn43\" name=\"_ftnref43\">[43]<\/a>.<\/p><p>La <em>moral<\/em> tradicional es sustituida por una moral de situaci\u00f3n, que termina avalando las m\u00e1s descabelladas aberraciones y pecados, incluso los actos intr\u00ednsicamente malos, como el acto homosexual. Llegan incluso a hablar de la homosexualidad como l\u00edcita y querida por Dios. Pero a su vez, muchas trivialidades son tachadas de pecaminosas, como un simple descuido de la naturaleza o la indiferencia ante el supuesto cambio clim\u00e1tico. Son paladines de una severa justicia y al mismo tiempo predicadores de una falsa misericordia: \u201cEn el orden temporal quieren la justicia sin la misericordia y en el sobrenatural la misericordia sin la justicia, exponi\u00e9ndose as\u00ed a no alcanzar la justicia en la tierra ni la misericordia en el cielo\u201d<a href=\"#_ftn44\" name=\"_ftnref44\">[44]<\/a>.<\/p><p>Del <em>sacerdocio<\/em> hablan como si no fuese un sacramento instituido por Jesucristo y que hace a la jerarqu\u00eda de la Iglesia, sino que afirman que todos los cristianos lo somos del mismo modo. Se quiere as\u00ed introducir el sacerdocio femenino, y con la excusa de no caer en la Escila del clericalismo se cae en la Caribdis de la banalizaci\u00f3n del orden sagrado. Detestan las vocaciones al sacerdocio y a la vida consagrada, promueven casi solamente la vocaci\u00f3n laical y se espantan de que algunas congregaciones tengan muchas vocaciones, \u00a1como si fuera algo malo!<\/p><p>La <em>liturgia<\/em> tambi\u00e9n es v\u00edctima del <em>progresismo<\/em>, pues en ella se introducen un sinn\u00famero de estupideces, abusos y deformaciones con la excusa de hacerla m\u00e1s entretenida o accesible al pueblo, o la vuelven instrumento y propaganda de ideolog\u00edas anticristianas.<\/p><p>El falso principio de la \u201cinmanencia vital\u201d puede llegar mucho m\u00e1s lejos. Esta inmanencia vital postula que la raz\u00f3n humana est\u00e1 encerrada rigurosamente en el c\u00edrculo de los \u201cfen\u00f3menos\u201d y cierra todo acceso natural a Dios y sobrenatural a la revelaci\u00f3n externa, llevando as\u00ed al agnosticismo. Hace que la fe dependa de alg\u00fan fen\u00f3meno, aunque este est\u00e9 en el campo de la ciencia y de la historia. Por eso, el mismo fen\u00f3meno es desfigurado atribuy\u00e9ndosele una realidad que no tiene<a href=\"#_ftn45\" name=\"_ftnref45\">[45]<\/a>.\u00a0<\/p><p>A los progresistas \u201cles es suficiente\u201d, afirma el Dr. Caturelli, \u201caceptar o postular la no existencia, de proposiciones con contenido de verdad, para concluir en el relativismo m\u00e1s radical que hoy invade el mundo. No se trata s\u00f3lo de los ambientes acad\u00e9micos; el relativismo (cada uno tiene \u2018su\u2019 verdad y nadie tiene \u2018la\u2019 verdad) ha penetrado no s\u00f3lo en la ciencia y en la \u2018Teolog\u00eda\u2019 (las enc\u00edclicas son s\u00f3lo la \u2018opini\u00f3n\u2019 del Papa y son discutibles) sino en la vida social, en todas las manifestaciones p\u00fablicas, en la vida familiar y en la pol\u00edtica\u201d<a href=\"#_ftn46\" name=\"_ftnref46\">[46]<\/a>.<\/p><h4><strong>5. Los remedios<\/strong><\/h4><p>San P\u00edo X reconoci\u00f3 con gran claridad que el principio de inmanencia era el nervio com\u00fan de los errores que denunciaba entonces. Nosotros podemos decir que lo sigue siendo de los problemas que nos aquejan hoy en d\u00eda. Se ha dicho desde antiguo que no existe herej\u00eda \u201cnueva\u201d. Es verdad. En el <em>progresismo<\/em>, hay un esfuerzo empecinado de \u201cregreso\u201d al <em>hombre viejo<\/em> transfiriendo la salvaci\u00f3n al mundo; pero lo \u00fanico nuevo es Cristo, el Verbo Encarnado, por eso, todos los errores y herej\u00edas, son viejos aunque tengan una careta de \u201cnovedad\u201d.<\/p><p>\u00bfQu\u00e9 remedios propon\u00eda el Santo Padre en 1907? Entre otros que el Papa pone en la enc\u00edclica mencionamos los siguientes:<\/p><ul><li>\u201cEn primer lugar, pues, por lo que toca a los estudios, queremos, y definitivamente mandamos, que la filosof\u00eda escol\u00e1stica se ponga por fundamento de los estudios sagrados\u201d<a href=\"#_ftn47\" name=\"_ftnref47\">[47]<\/a>. Para que no queden dudas agrega: \u201cLo principal que hay que notar es que, cuando prescribimos que se siga la filosof\u00eda escol\u00e1stica entendemos principalmente aqu\u00e9lla que ense\u00f1\u00f3 Santo Tom\u00e1s de Aquino\u201d, y advierte: \u201cel apartarse del doctor de Aquino, en especial en las cuestiones metaf\u00edsicas, nunca dejar\u00e1 de ser de gran perjuicio\u201d<a href=\"#_ftn48\" name=\"_ftnref48\">[48]<\/a> . \u201cColocado ya as\u00ed este cimiento de la filosof\u00eda, constr\u00fayase con gran diligencia el edificio teol\u00f3gico\u201d<a href=\"#_ftn49\" name=\"_ftnref49\">[49]<\/a>.<\/li><\/ul><ul><li>Por otra parte, exhorta a promover \u201cel estudio de la Teolog\u00eda, para que los cl\u00e9rigos salgan de los seminarios llenos de una gran estima y amor a ella y que la tengan siempre por su estudio favorito\u201d<a href=\"#_ftn50\" name=\"_ftnref50\">[50]<\/a>. Propugna adem\u00e1s el estudio de las disciplinas profanas siempre que no sea en menoscabo de los estudios sagrados.<\/li><\/ul><ul><li>Al final menciona algunas medidas pr\u00e1cticas acerca de la elecci\u00f3n de \u201clos rectores y maestros de los seminarios o de las Universidades cat\u00f3licas\u201d diciendo que si \u201cde alg\u00fan modo estuvieren imbuidos de modernismo [progresismo], sin miramiento de ninguna clase sean apartados del oficio, as\u00ed de regir como de ense\u00f1ar, y si ya lo ejercitan, sean destituidos\u201d<a href=\"#_ftn51\" name=\"_ftnref51\">[51]<\/a>.<\/li><\/ul><p style=\"text-align: center;\">*\u00a0\u00a0 *\u00a0\u00a0 *<\/p><p>El <em>progresismo<\/em>, en fin, en sus m\u00faltiples manifestaciones y facetas, busca sin m\u00e1s destruir al Dios transcendente, al Dios de los Evangelios y de nuestra fe cat\u00f3lica. \u201cEl progresismo \u2013liberal o marxista, burgu\u00e9s o revolucionario\u2013 no trabaja para que la vida p\u00fablica y social de los pueblos se subordine a Dios como a su fin \u00faltimo, porque \u2018su\u2019 dios ya no es trascendente; si toda chabacaner\u00eda es posible en \u201csus\u201d liturgias, es porque \u2018su\u2019 dios no es la majestad misma; si han cuestionado toda verdad de la fe y dudado de cuanto milagro o profec\u00eda hay en la Escritura, es porque \u2018su\u2019 dios no es todopoderoso; si son fecundos en dudas y en certezas est\u00e9riles, es porque \u2018su\u2019 dios no es la infinita verdad\u201d<a href=\"#_ftn52\" name=\"_ftnref52\">[52]<\/a>. Y al sacar a Dios de en medio, han puesto en su lugar al hombre, endios\u00e1ndose a s\u00ed mismos, crey\u00e9ndose el centro de la historia, de la teolog\u00eda y de la salvaci\u00f3n. De aqu\u00ed que s\u00f3lo se hable de los derechos del hombre, y poco y nada de los derechos de Dios. No lo quieren presente en la sociedad, ya sea comunista, ya capitalista, o de cualquier \u00edndole. Ni tampoco hablan de hacerlo conocido en los pa\u00edses no cristianos, y no quieren predicarlo nuevamente en las naciones de antigua tradici\u00f3n cristiana.<\/p><p>Por este progresismo, ate\u00edsmo reinante, hoy son muchos los que consideran al mundo moderno como \u2018sin esperanzas\u2019. En verdad, a veces parece como un largo Viernes Santo donde todo lo divino parece haber fracasado. Quiz\u00e1s nunca como ahora el futuro parece tan impredecible. La gente parece padecer una angustiosa sensaci\u00f3n de desolaci\u00f3n.<\/p><p>Sin embargo, no hay necesidad ni lugar para tal desesperanza. El mundo parec\u00eda tan desolado antes, cuando crucific\u00f3 a Cristo, como lo est\u00e1 ahora y, sin embargo, resucit\u00f3 a la frescura de una nueva civilizaci\u00f3n cristiana. Lo mismo puede suceder ahora, como ya ha sucedido al menos una docena de veces desde la venida de Cristo. Sin embargo hay que saber que el ideal moderno no es precisamente la bondad, sino el \u00e9xito. Y tal ideal hace incre\u00edblemente dif\u00edcil la penitencia. Es cierto que el paganismo antes de Cristo tambi\u00e9n pec\u00f3, pero el pecado del paganismo moderno tiene el serio agravante de haber traicionado un ideal que los paganos no ten\u00edan, a saber, Cristo. Y por eso el \u201cprogresismo\u201d no se puede considerar progreso porque ha sustituido el Ideal eterno, por el mundo temporal y sus m\u00e1ximas. Por tanto, la humanidad no va a resucitar a la paz y a la felicidad con remedios pol\u00edticos y econ\u00f3micos, aunque estos sean tambi\u00e9n necesario, sino fundamentalmente por la regeneraci\u00f3n espiritual de los corazones y de las almas, por la conversi\u00f3n -o la vuelta- a Cristo, \u00fanica paz y felicidad del hombre. Por eso dec\u00eda San P\u00edo X al asumir la sede petrina: \u201cSi se nos pide una divisa que sea la expresi\u00f3n de Nuestra voluntad, siempre presentaremos esta sola: <em>recapitular todas las cosas en Cristo<\/em><a href=\"#_ftn53\" name=\"_ftnref53\">[53]<\/a>\u201d<a href=\"#_ftn54\" name=\"_ftnref54\">[54]<\/a>.<\/p><p>Esta es la tarea que nos incumbe particularmente a nosotros como miembros del Instituto del Verbo Encarnado que hemos sido llamados a \u201casumir\u201d las culturas, purific\u00e1ndolas y elev\u00e1ndolas a partir de Cristo y su Evangelio, entendido \u201cen Iglesia\u201d. Por lo tanto, an\u00e1logamente al misterio de la Encarnaci\u00f3n, debe ser una asunci\u00f3n, o sea, se debe dar una acci\u00f3n y pasi\u00f3n que exprese el devenir y no s\u00f3lo el resultado final y que diga referencia distinta a cada uno de los t\u00e9rminos, de partida y de llegada. No nos basta con una mera uni\u00f3n ni con s\u00f3lo poner una etiqueta nominalista a la realidad para que esta sea, de verdad, ense\u00f1oreada por Cristo. El \u201cestar en el mundo\u201d s\u00f3lo tiene sentido para nosotros cuando depende del \u201cno ser del mundo\u201d. S\u00f3lo as\u00ed se puede ser de verdad <em>sal de la tierra y luz del mundo<a href=\"#_ftn55\" name=\"_ftnref55\"><strong>[55]<\/strong><\/a><\/em>. Si no nos convertir\u00edamos en sal sosa y en luz bajo el celem\u00edn<a href=\"#_ftn56\" name=\"_ftnref56\">[56]<\/a>. El \u201cno ser tributarios\u201d<a href=\"#_ftn57\" name=\"_ftnref57\">[57]<\/a> sigue siendo nuestra consigna.<\/p><p>En este sentido, la doctrina que se recibe y que se imparte es de capital importancia. Sin ella, que es la expresi\u00f3n misma de la Palabra hecha carne no es posible recapitular todas las cosas en Cristo. Esta<\/p><p><a href=\"#_ftnref1\" name=\"_ftn1\">[1]<\/a> <em>A los miembros del Pontificio Seminario Lombardo<\/em> (07\/12\/1968).<\/p><p><a href=\"#_ftnref2\" name=\"_ftn2\">[2]<\/a> <em>Alocuci\u00f3n a la Conferencia Episcopal Francesa en el Seminario Issy-les-Moulienaux<\/em> (01\/06\/1980).<\/p><p><a href=\"#_ftnref3\" name=\"_ftn3\">[3]<\/a> <em>Pascendi<\/em>, 38.<\/p><p><a href=\"#_ftnref4\" name=\"_ftn4\">[4]<\/a> Carlos Buela, IVE, <em>El Arte del Padre<\/em>, Parte III, cap. 13, p. 358.<\/p><p><a href=\"#_ftnref5\" name=\"_ftn5\">[5]<\/a> <em>Pascendi<\/em>, 42.<\/p><p><a href=\"#_ftnref6\" name=\"_ftn6\">[6]<\/a> San Juan Pablo II, <em>Discurso a los participantes en el congreso nacional italiano sobre el tema <\/em><em>\u00ab<\/em><em>Misiones al Pueblo para los a\u00f1os 80<\/em>\u00bb, 2.<\/p><p><a href=\"#_ftnref7\" name=\"_ftn7\">[7]<\/a> Cf. <em>In Persona Christi<\/em>, Introduccion, p. XIII.<\/p><p><a href=\"#_ftnref8\" name=\"_ftn8\">[8]<\/a> Cf. <em>Pascendi<\/em>, 1.<\/p><p><a href=\"#_ftnref9\" name=\"_ftn9\">[9]<\/a> San Pablo VI, <em>Evangelii Nuntiandi<\/em>, 78.<\/p><p><a href=\"#_ftnref10\" name=\"_ftn10\">[10]<\/a> Carta enc\u00edclica <em>Ecclesiam suam<\/em>, n. 10.<\/p><p><a href=\"#_ftnref11\" name=\"_ftn11\">[11]<\/a> Cf. <em>De la C\u00e1bala al progresismo<\/em>, Ed. Calchaqu\u00ed, Salta 1970.<\/p><p><a href=\"#_ftnref12\" name=\"_ftn12\">[12]<\/a> \u00abLa C\u00e1bala es invenci\u00f3n jud\u00eda que se origina en la corrupci\u00f3n por los misterios paganos de la revelaci\u00f3n dada por Dios al pueblo jud\u00edo. Es la tradici\u00f3n divina pervertida por el hombre\u00bb Julio Meinvielle, <em>De la C\u00e1bala al progresismo<\/em>, Ed. Calchaqu\u00ed, Salta 1970.<\/p><p><a href=\"#_ftnref13\" name=\"_ftn13\">[13]<\/a> Mc 7, 9.13.<\/p><p><a href=\"#_ftnref14\" name=\"_ftn14\">[14]<\/a> Cf. <em>Pascendi<\/em>, 42.<\/p><p><a href=\"#_ftnref15\" name=\"_ftn15\">[15]<\/a> Julio Meinvielle, <em>El significado de la Canonizaci\u00f3n de P\u00edo X<\/em>. En: <em>El progresismo Cristiano<\/em>, Buenos Aires 1983, Cruz y Fierro, p. 88-89.<\/p><p><a href=\"#_ftnref16\" name=\"_ftn16\">[16]<\/a> Cf. Joseph Lortz, <em>Historia de la Iglesia<\/em>, p. 606, trad. de A. P. S\u00e1nchez Pascual, Ed. Guadarrama, Madrid, 1962.<\/p><p><a href=\"#_ftnref17\" name=\"_ftn17\">[17]<\/a> Alberto Caturelli, \u201c<em>La Pascendi Dominici Gregis, una enc\u00edclica prof\u00e9tica\u201d<\/em>, Revista<em> e-Aquinas<\/em>, A\u00f1o 5 Abril 2007, p. 3.<\/p><p><a href=\"#_ftnref18\" name=\"_ftn18\">[18]<\/a> Julio Meinvielle,<em> El progresismo Cristiano<\/em>, Buenos Aires 1983, Cruz y Fierro, p. 21.<\/p><p><a href=\"#_ftnref19\" name=\"_ftn19\">[19]<\/a> Cf. Alberto Caturelli, \u201c<em>La Pascendi Dominici Gregis, una enc\u00edclica prof\u00e9tica\u201d<\/em>, Revista<em> e-Aquinas<\/em>, A\u00f1o 5 Abril 2007, p. 6.<\/p><p><a href=\"#_ftnref20\" name=\"_ftn20\">[20]<\/a> En especial la <em>Escuela Trascendental<\/em>, que para hacer teolog\u00eda usa de base la filosof\u00eda moderna.<\/p><p><a href=\"#_ftnref21\" name=\"_ftn21\">[21]<\/a> Cf. Julio Meinvielle, <em>El progresismo Cristiano<\/em>, Buenos Aires 1983, Cruz y Fierro, p. 18 y 20.<\/p><p><a href=\"#_ftnref22\" name=\"_ftn22\">[22]<\/a> Carlos Buela, IVE, <em>El Arte del Padre<\/em>, Parte III, cap. 13, p. 357. Ya el Concilio Vaticano I hablaba de la mala mezcla de naturaleza y gracia como causa de estos errores: haciendo una mala mezcla de la naturaleza y la gracia, de la ciencia humana y de la ciencia divina se ha depravado el sentido genuino de los dogmas y se pone en peligro la integridad y sinceridad de la fe; cf. Constituci\u00f3n <em>Unigenitus dei Filius<\/em>: \u201cnaturam et gratiam perperam commiscentes&#8230;\u201d.<\/p><p><a href=\"#_ftnref23\" name=\"_ftn23\">[23]<\/a> P\u00edo XII, <em>Humani Generis<\/em>, n. 8. Ya San P\u00edo X hab\u00eda dicho que la t\u00e1ctica de los modernistas era, \u00aba la verdad, la m\u00e1s insidiosa, consiste en no exponer jam\u00e1s sus doctrinas de un modo met\u00f3dico y en su conjunto, sino d\u00e1ndolas en cierto modo por fragmentos y esparcidas ac\u00e1 y all\u00e1, lo cual contribuye a que se les juzgue fluctuantes e indecisos en sus ideas, cuando en realidad \u00e9stas son perfectamente fijas y consistentes\u00bb, <em>Pascendi\u00b8<\/em> 3.<\/p><p><a href=\"#_ftnref24\" name=\"_ftn24\">[24]<\/a> Alfredo S\u00e1enz, S.J., <em>Inversi\u00f3n de los Valores<\/em>, Ed. Mikael, Paran\u00e1 1978, p. 12 y 22.<\/p><p><a href=\"#_ftnref25\" name=\"_ftn25\">[25]<\/a> Carlos Buela, IVE, <em>El Arte del Padre<\/em>, Parte III, cap. 13, p. 357.<\/p><p><a href=\"#_ftnref26\" name=\"_ftn26\">[26]<\/a> Bruno de Solages, <em>Postulados doctrinarios del progresismo<\/em>, Librer\u00eda Huemul, Buenos Aires 1964, p. 18<\/p><p><a href=\"#_ftnref27\" name=\"_ftn27\">[27]<\/a> <em>Pascendi<\/em>, 37.<\/p><p><a href=\"#_ftnref28\" name=\"_ftn28\">[28]<\/a> Cf. Alberto Caturelli, \u201c<em>La Pascendi Dominici Gregis, una enc\u00edclica prof\u00e9tica\u201d<\/em>, Revista<em> e-Aquinas<\/em>, A\u00f1o 5 Abril 2007, p. 10.<\/p><p><a href=\"#_ftnref29\" name=\"_ftn29\">[29]<\/a> <em>Pascendi<\/em>, 41.<\/p><p><a href=\"#_ftnref30\" name=\"_ftn30\">[30]<\/a> <em>Pascendi<\/em>, 11.<\/p><p><a href=\"#_ftnref31\" name=\"_ftn31\">[31]<\/a> <em>Ibidem<\/em>.<\/p><p><a href=\"#_ftnref32\" name=\"_ftn32\">[32]<\/a> Cf. <em>Pascendi<\/em>, 11. 43.<\/p><p><a href=\"#_ftnref33\" name=\"_ftn33\">[33]<\/a> <em>Pascendi<\/em>, 42.<\/p><p><a href=\"#_ftnref34\" name=\"_ftn34\">[34]<\/a> <em>Ibidem<\/em>.<\/p><p><a href=\"#_ftnref35\" name=\"_ftn35\">[35]<\/a> <em>Pascendi<\/em>, 43.<\/p><p><a href=\"#_ftnref36\" name=\"_ftn36\">[36]<\/a> <em>Ibidem.<\/em><\/p><p><a href=\"#_ftnref37\" name=\"_ftn37\">[37]<\/a> Cf. Alberto Caturelli, \u201c<em>La Pascendi Dominici Gregis, una enc\u00edclica prof\u00e9tica\u201d<\/em>, Revista<em> e-Aquinas<\/em>, A\u00f1o 5 Abril 2007, p. 11.<\/p><p><a href=\"#_ftnref38\" name=\"_ftn38\">[38]<\/a> <em>Pascendi<\/em>, 43.<\/p><p><a href=\"#_ftnref39\" name=\"_ftn39\">[39]<\/a> Alberto Caturelli, \u201c<em>La Pascendi Dominici Gregis, una enc\u00edclica prof\u00e9tica\u201d<\/em>, Revista<em> e-Aquinas<\/em>, A\u00f1o 5 Abril 2007, p.11.<\/p><p><a href=\"#_ftnref40\" name=\"_ftn40\">[40]<\/a> <em>Pascendi<\/em>, 11.<\/p><p><a href=\"#_ftnref41\" name=\"_ftn41\">[41]<\/a> Carlos Buela, IVE, <em>El Arte del Padre<\/em>, Parte III, cap. 13, p. 359.<\/p><p><a href=\"#_ftnref42\" name=\"_ftn42\">[42]<\/a> Cf. Alberto Caturelli, \u201c<em>La Pascendi Dominici Gregis, una enc\u00edclica prof\u00e9tica\u201d<\/em>, Revista<em> e-Aquinas<\/em>, A\u00f1o 5 Abril 2007, p. 12.<\/p><p><a href=\"#_ftnref43\" name=\"_ftn43\">[43]<\/a> \u00abLa palabra castigo me parece muy fuerte aplicada al Dios del amor y de la misericordia en que creo\u00bb. As\u00ed lo expres\u00f3 el p. Dami\u00e1n Mar\u00eda Montes, reconocido sacerdote, que hace videos en Tik-Tok. Es un t\u00edpico ejemplo del <em>progresismo<\/em> meloso que nos rodea. (<a href=\"https:\/\/www.larazon.es\/religion\/20201101\/vfeg3d645fgz5o6n5r743i5qge.html?jwsource=cl\">https:\/\/www.larazon.es\/religion\/20201101\/vfeg3d645fgz5o6n5r743i5qge.html?jwsource=cl<\/a>)<\/p><p><a href=\"#_ftnref44\" name=\"_ftn44\">[44]<\/a> Carlos Buela, IVE, <em>El Arte del Padre<\/em>, Parte III, cap. 14, p. 369.<\/p><p><a href=\"#_ftnref45\" name=\"_ftn45\">[45]<\/a> Por ejemplo: \u201cen la persona de Cristo, la ciencia y la historia ven s\u00f3lo un hombre; en virtud del agnosticismo que rige la ex\u00e9gesis, es menester borrar de la historia de Cristo todo car\u00e1cter divino y mantener sus condiciones hist\u00f3ricas; hay que concluir que la figura de Cristo ha sido desfigurada por la fe y es menester prescindir de ella en sus palabras, actos, lugar en que vivi\u00f3, etc\u00e9tera. Hoy dir\u00edamos que una cosa es lo que los Ap\u00f3stoles creyeron y transmitieron y otra la realidad hist\u00f3rica\u201d.<\/p><p><a href=\"#_ftnref46\" name=\"_ftn46\">[46]<\/a> Alberto Caturelli, \u201c<em>La Pascendi Dominici Gregis, una enc\u00edclica prof\u00e9tica\u201d<\/em>, Revista<em> e-Aquinas<\/em>, A\u00f1o 5 Abril 2007, p. 13.<\/p><p><a href=\"#_ftnref47\" name=\"_ftn47\">[47]<\/a> <em>Pascendi<\/em>, 46.<\/p><p><a href=\"#_ftnref48\" name=\"_ftn48\">[48]<\/a> <em>Ibidem<\/em>.<\/p><p><a href=\"#_ftnref49\" name=\"_ftn49\">[49]<\/a> <em>Pascendi<\/em>, 47.<\/p><p><a href=\"#_ftnref50\" name=\"_ftn50\">[50]<\/a> <em>Ibidem<\/em>.<\/p><p><a href=\"#_ftnref51\" name=\"_ftn51\">[51]<\/a> <em>Pascendi<\/em>, 49.<\/p><p><a href=\"#_ftnref52\" name=\"_ftn52\">[52]<\/a> Carlos Buela, IVE, <em>El Arte del Padre<\/em>, Parte III, cap. 13, p. 359.<\/p><p><a href=\"#_ftnref53\" name=\"_ftn53\">[53]<\/a> Ef 1, 10.<\/p><p><a href=\"#_ftnref54\" name=\"_ftn54\">[54]<\/a> <em>E Supremi Apostolatus Cathedra<\/em>, 2.<\/p><p><a href=\"#_ftnref55\" name=\"_ftn55\">[55]<\/a> Mt 5, 13ss.<\/p><p><a href=\"#_ftnref56\" name=\"_ftn56\">[56]<\/a> <em>Directorio de Espiritualidad<\/em>, 65.<\/p><p><a href=\"#_ftnref57\" name=\"_ftn57\">[57]<\/a> <em>Constituciones<\/em>, 214.<\/p>\t\t\t\t\t\t\t\t<\/div>\n\t\t\t\t<\/div>\n\t\t\t\t\t<\/div>\n\t\t<\/div>\n\t\t\t\t\t<\/div>\n\t\t<\/section>\n\t\t\t\t<\/div>\n\t\t","protected":false},"excerpt":{"rendered":"<p>\u201cLa autodestrucci\u00f3n de la Iglesia\u201d San Pablo VI[1] G. K. Chesterton dijo una vez: \u201cHay una cosa en el mundo que nunca progresa y es la idea de progreso\u201d. Con esto quer\u00eda decir que a menos que tengamos un concepto fijo de lo que es realmente progreso nunca sabremos si estamos haciendo alg\u00fan adelanto. Desafortunadamente [&hellip;]<\/p>\n","protected":false},"author":1,"featured_media":5404,"comment_status":"open","ping_status":"open","sticky":false,"template":"","format":"standard","meta":{"site-sidebar-layout":"default","site-content-layout":"default","ast-site-content-layout":"default","site-content-style":"default","site-sidebar-style":"default","ast-global-header-display":"","ast-banner-title-visibility":"","ast-main-header-display":"","ast-hfb-above-header-display":"","ast-hfb-below-header-display":"","ast-hfb-mobile-header-display":"","site-post-title":"","ast-breadcrumbs-content":"","ast-featured-img":"","footer-sml-layout":"","theme-transparent-header-meta":"default","adv-header-id-meta":"","stick-header-meta":"","header-above-stick-meta":"","header-main-stick-meta":"","header-below-stick-meta":"","astra-migrate-meta-layouts":"default","ast-page-background-enabled":"default","ast-page-background-meta":{"desktop":{"background-color":"","background-image":"","background-repeat":"repeat","background-position":"center center","background-size":"auto","background-attachment":"scroll","background-type":"","background-media":"","overlay-type":"","overlay-color":"","overlay-opacity":"","overlay-gradient":""},"tablet":{"background-color":"","background-image":"","background-repeat":"repeat","background-position":"center center","background-size":"auto","background-attachment":"scroll","background-type":"","background-media":"","overlay-type":"","overlay-color":"","overlay-opacity":"","overlay-gradient":""},"mobile":{"background-color":"","background-image":"","background-repeat":"repeat","background-position":"center center","background-size":"auto","background-attachment":"scroll","background-type":"","background-media":"","overlay-type":"","overlay-color":"","overlay-opacity":"","overlay-gradient":""}},"ast-content-background-meta":{"desktop":{"background-color":"var(--ast-global-color-5)","background-image":"","background-repeat":"repeat","background-position":"center center","background-size":"auto","background-attachment":"scroll","background-type":"","background-media":"","overlay-type":"","overlay-color":"","overlay-opacity":"","overlay-gradient":""},"tablet":{"background-color":"var(--ast-global-color-5)","background-image":"","background-repeat":"repeat","background-position":"center center","background-size":"auto","background-attachment":"scroll","background-type":"","background-media":"","overlay-type":"","overlay-color":"","overlay-opacity":"","overlay-gradient":""},"mobile":{"background-color":"var(--ast-global-color-5)","background-image":"","background-repeat":"repeat","background-position":"center center","background-size":"auto","background-attachment":"scroll","background-type":"","background-media":"","overlay-type":"","overlay-color":"","overlay-opacity":"","overlay-gradient":""}},"footnotes":""},"categories":[8],"tags":[151,223,118,92,83,195,205,105,177,82,90,217,221,25,339,30,168,156,338,157,166,301,88,66,134,35],"class_list":["post-5398","post","type-post","status-publish","format-standard","has-post-thumbnail","hentry","category-escritos","tag-almas","tag-ateismo","tag-cristo","tag-cuerpo-mistico","tag-cultura","tag-escritura","tag-esperanza","tag-eucaristia","tag-evangelio","tag-evangelizacion","tag-fe","tag-filosofia","tag-herejias","tag-iglesia","tag-inmanencia","tag-liturgia","tag-magisterio","tag-pecado","tag-progresismo","tag-resurreccion","tag-santo-tomas","tag-teologia","tag-trascendencia","tag-verbo-encarnado","tag-verdad","tag-virgen-maria"],"_links":{"self":[{"href":"https:\/\/nuestrocarisma.org\/index.php\/wp-json\/wp\/v2\/posts\/5398","targetHints":{"allow":["GET"]}}],"collection":[{"href":"https:\/\/nuestrocarisma.org\/index.php\/wp-json\/wp\/v2\/posts"}],"about":[{"href":"https:\/\/nuestrocarisma.org\/index.php\/wp-json\/wp\/v2\/types\/post"}],"author":[{"embeddable":true,"href":"https:\/\/nuestrocarisma.org\/index.php\/wp-json\/wp\/v2\/users\/1"}],"replies":[{"embeddable":true,"href":"https:\/\/nuestrocarisma.org\/index.php\/wp-json\/wp\/v2\/comments?post=5398"}],"version-history":[{"count":8,"href":"https:\/\/nuestrocarisma.org\/index.php\/wp-json\/wp\/v2\/posts\/5398\/revisions"}],"predecessor-version":[{"id":5408,"href":"https:\/\/nuestrocarisma.org\/index.php\/wp-json\/wp\/v2\/posts\/5398\/revisions\/5408"}],"wp:featuredmedia":[{"embeddable":true,"href":"https:\/\/nuestrocarisma.org\/index.php\/wp-json\/wp\/v2\/media\/5404"}],"wp:attachment":[{"href":"https:\/\/nuestrocarisma.org\/index.php\/wp-json\/wp\/v2\/media?parent=5398"}],"wp:term":[{"taxonomy":"category","embeddable":true,"href":"https:\/\/nuestrocarisma.org\/index.php\/wp-json\/wp\/v2\/categories?post=5398"},{"taxonomy":"post_tag","embeddable":true,"href":"https:\/\/nuestrocarisma.org\/index.php\/wp-json\/wp\/v2\/tags?post=5398"}],"curies":[{"name":"wp","href":"https:\/\/api.w.org\/{rel}","templated":true}]}}