{"id":5140,"date":"2021-11-19T07:53:55","date_gmt":"2021-11-19T05:53:55","guid":{"rendered":"https:\/\/nuestrocarisma.org\/?p=5140"},"modified":"2021-11-19T07:58:09","modified_gmt":"2021-11-19T05:58:09","slug":"carta-introductoria-al-ive-meeting","status":"publish","type":"post","link":"https:\/\/nuestrocarisma.org\/index.php\/2021\/11\/19\/carta-introductoria-al-ive-meeting\/","title":{"rendered":"Carta introductoria al IVE Meeting"},"content":{"rendered":"\t\t<div data-elementor-type=\"wp-post\" data-elementor-id=\"5140\" class=\"elementor elementor-5140\" data-elementor-post-type=\"post\">\n\t\t\t\t\t\t<section class=\"elementor-section elementor-top-section elementor-element elementor-element-8720a2f elementor-section-boxed elementor-section-height-default elementor-section-height-default\" data-id=\"8720a2f\" data-element_type=\"section\" data-e-type=\"section\">\n\t\t\t\t\t\t<div class=\"elementor-container elementor-column-gap-default\">\n\t\t\t\t\t<div class=\"elementor-column elementor-col-100 elementor-top-column elementor-element elementor-element-0e23597\" data-id=\"0e23597\" data-element_type=\"column\" data-e-type=\"column\">\n\t\t\t<div class=\"elementor-widget-wrap elementor-element-populated\">\n\t\t\t\t\t\t<div class=\"elementor-element elementor-element-e55be2d elementor-widget elementor-widget-text-editor\" data-id=\"e55be2d\" data-element_type=\"widget\" data-e-type=\"widget\" data-widget_type=\"text-editor.default\">\n\t\t\t\t<div class=\"elementor-widget-container\">\n\t\t\t\t\t\t\t\t\t<h4 style=\"text-align: center;\"><strong><em>D\u00e9monos la mano y caminemos juntos hacia la Patria Celestial<\/em><\/strong><a href=\"#_ftn1\" name=\"_ftnref1\">[1]<\/a><\/h4><p style=\"text-align: center;\"><em>Directorio de la Tercera Orden, 119<\/em><\/p><p>Muy queridos miembros de la Tercera Orden y amigos:<\/p><p>\u00a1Bienvenidos a todos!<\/p><p>Bendito sea Dios que nos concede este gozoso encuentro con Ustedes, los laicos y amigos del Instituto del Verbo Encarnado \u00a1venidos de m\u00e1s de 30 pa\u00edses diferentes! Es inmensa la dicha de poder recibirlos y expresarles personalmente nuestro aprecio y gratitud por su magn\u00edfica contribuci\u00f3n a la causa de Cristo.<\/p><p>Hace m\u00e1s significativo nuestro encuentro el hecho de que estamos aqu\u00ed en Roma, sede del Vicario de Cristo en la tierra, como \u201cuna \u00fanica Familia, unidos por la misma fe, los mismos fines, la misma misi\u00f3n, el mismo carisma, la misma \u00edndole y el mismo esp\u00edritu\u201d<a href=\"#_ftn2\" name=\"_ftnref2\">[2]<\/a>. Lo cual representa una ocasi\u00f3n sin par para testimoniar juntos nuestra perfecta comuni\u00f3n con la Iglesia y confesar que nuestro lema es \u201ccon Pedro y bajo Pedro\u201d<a href=\"#_ftn3\" name=\"_ftnref3\">[3]<\/a> y que no tenemos mayores aspiraciones que la de servir a la propagaci\u00f3n del Reino de Cristo<a href=\"#_ftn4\" name=\"_ftnref4\">[4]<\/a>.<\/p><p>Ustedes \u2013que han elegido ser la levadura que renueve a la humanidad desde dentro\u2013 son la respuesta de Dios, siempre cercano a los hombres, a las innumerables necesidades de evangelizaci\u00f3n de este mundo y un apoyo insustituible para la misi\u00f3n de nuestro Instituto.<\/p><p>Porque lo nuestro es llevar al Verbo Encarnado a todos los hombres, es impregnar con el aroma de Cristo los valores de la sociedad, transformar con su Presencia adorable los corazones de los hombres, emprender obras \u00e9picas por su causa, es el hacer reinar el amor de Cristo en las familias, es el encender la l\u00e1mpara ardiente de la verdad del Verbo Encarnado en las cuatro esquinas de este mundo; a\u00fan en las situaciones m\u00e1s dif\u00edciles y en las condiciones m\u00e1s adversas. Y son Ustedes, los testigos valientes y coherentes del deber y de la misi\u00f3n de evangelizaci\u00f3n de las culturas, quienes nos ayudan a llevar a Cristo a los lugares m\u00e1s lejanos; a ense\u00f1orear la realidad para el Se\u00f1or, inculturando el Evangelio en los lugares m\u00e1s rec\u00f3nditos de la vida humana.<\/p><p>La colaboraci\u00f3n de todos Ustedes, terciarios y amigos, en todas nuestras misiones representa una ayuda important\u00edsima y eficaz para que la misi\u00f3n que nos ha sido encomendada dentro de la Iglesia se expanda y llegue a aquellos lugares y \u00e1mbitos m\u00e1s rec\u00f3nditos de la sociedad (y propios de la vida laical) a los cuales nos ser\u00eda muy dif\u00edcil llegar de otra manera. Les aseguro que su ayuda en nuestras misiones es vital.<\/p><p>Sin lugar a duda estos son d\u00edas de bendiciones especiales para todos. Es mi oraci\u00f3n fervorosa por cada uno que este primer encuentro internacional de los miembros de la Tercer Orden y amigos del IVE acreciente el esp\u00edritu de familia entre nosotros y sirva de est\u00edmulo para que al volver a sus pa\u00edses contin\u00faen trabajando con gran empe\u00f1o por \u201cordenar los asuntos temporales seg\u00fan Dios<a href=\"#_ftn5\" name=\"_ftnref5\"><sup>[5]<\/sup><\/a>\u201d<a href=\"#_ftn6\" name=\"_ftnref6\"><sup>[6]<\/sup><\/a>, sabiendo que no est\u00e1n solos en la misi\u00f3n sino que tienen toda una Familia Religiosa que los respalda y que espera grandes cosas de Ustedes. Porque cr\u00e9anme, que de laicos comprometidos como Ustedes, \u201cdepende en gran parte la extensi\u00f3n del Reino de Dios y la misi\u00f3n de nuestra Familia Religiosa en el mundo\u201d<a href=\"#_ftn7\" name=\"_ftnref7\">[7]<\/a>. Puesto que la estrecha uni\u00f3n de las fuerzas es la \u00fanica que vale para lograr plenamente todos los fines del apostolado de nuestro Instituto y proteger eficazmente sus bienes<a href=\"#_ftn8\" name=\"_ftnref8\">[8]<\/a>.<\/p><p>Como dec\u00eda Don Orione a los suyos: \u201cd\u00e9monos la mano y caminemos juntos hacia la Patria Celestial. Edifiqu\u00e9monos con el rec\u00edproco buen ejemplo\u201d<a href=\"#_ftn9\" name=\"_ftnref9\">[9]<\/a>. Los animo de todo coraz\u00f3n a continuar testimoniando a Cristo, el Verbo Encarnado, siempre y en todo lugar.<\/p><p>No podr\u00eda concluir sin antes expresar mi gratitud profunda y sentida a todos los que organizaron este evento: sacerdotes, religiosos, hermanas Servidoras, benefactores, y por supuesto, una vez m\u00e1s: nuestros queridos laicos y amigos.<\/p><p>A todos les agradezco el gran esfuerzo que han hecho por venir. Les ruego tengan a bien que al volver a sus casas lleven mis palabras de aliento y grand\u00edsimo aprecio a todos los miembros de la Tercera Orden que no pudieron venir y mi m\u00e1s sincero agradecimiento por el apoyo a nuestras misiones.<\/p><p>Invocando sobre cada uno la protecci\u00f3n de Mar\u00eda, Reina de los Ap\u00f3stoles y Estrella de la nueva evangelizaci\u00f3n, les deseo todo bien en el tiempo y en la eternidad.<\/p><p>En Cristo, el Verbo Encarnado,<\/p><p>\u00a0<\/p><p>P.Gustavo Nieto, IVE<\/p><p><em>Superior General<\/em><\/p><p><a href=\"#_ftnref1\" name=\"_ftn1\">[1]<\/a> San Luis Orione, <em>Carta a los Hijos de la Providencia 25 de Julio de 1936<\/em>, 151 y 152.<\/p><p><a href=\"#_ftnref2\" name=\"_ftn2\">[2]<\/a> <em>Directorio de la Tercera Orden<\/em>, 5.<\/p><p><a href=\"#_ftnref3\" name=\"_ftn3\">[3]<\/a> <em>Directorio de la Tercera Orden<\/em>, 218; <em>op. cit. Constituciones<\/em>, 211; cf. <em>Ad Gentes<\/em>, 38.<\/p><p><a href=\"#_ftnref4\" name=\"_ftn4\">[4]<\/a> <em>Directorio de la Tercera Orden<\/em>, 236.<\/p><p><a href=\"#_ftnref5\" name=\"_ftn5\">[5]<\/a> Cf. <em>Lumen Gentium<\/em>, 31.<\/p><p><a href=\"#_ftnref6\" name=\"_ftn6\">[6]<\/a> <em>Directorio de Tercera Orden<\/em>, 7.<\/p><p><a href=\"#_ftnref7\" name=\"_ftn7\">[7]<\/a> <em>Directorio de Tercera Orden<\/em>, 369.<\/p><p><a href=\"#_ftnref8\" name=\"_ftn8\">[8]<\/a> Cf. <em>Directorio de Tercera Orden<\/em>, 236; <em>op.cit<\/em>. <em>Apostolicam Actuositatem<\/em>, 18.<\/p><p><a href=\"#_ftnref9\" name=\"_ftn9\">[9]<\/a> San Luis Orione, <em>Carta a los Hijos de la Providencia 25 de Julio de 1936<\/em>, 151 y 152. Citado en <em>Directorio de la Tercera Orden<\/em>, 119.<\/p>\t\t\t\t\t\t\t\t<\/div>\n\t\t\t\t<\/div>\n\t\t\t\t\t<\/div>\n\t\t<\/div>\n\t\t\t\t\t<\/div>\n\t\t<\/section>\n\t\t\t\t<\/div>\n\t\t","protected":false},"excerpt":{"rendered":"<p>D\u00e9monos la mano y caminemos juntos hacia la Patria Celestial[1] Directorio de la Tercera Orden, 119 Muy queridos miembros de la Tercera Orden y amigos: \u00a1Bienvenidos a todos! Bendito sea Dios que nos concede este gozoso encuentro con Ustedes, los laicos y amigos del Instituto del Verbo Encarnado \u00a1venidos de m\u00e1s de 30 pa\u00edses diferentes! [&hellip;]<\/p>\n","protected":false},"author":1,"featured_media":5145,"comment_status":"open","ping_status":"open","sticky":false,"template":"","format":"standard","meta":{"site-sidebar-layout":"default","site-content-layout":"default","ast-site-content-layout":"default","site-content-style":"default","site-sidebar-style":"default","ast-global-header-display":"","ast-banner-title-visibility":"","ast-main-header-display":"","ast-hfb-above-header-display":"","ast-hfb-below-header-display":"","ast-hfb-mobile-header-display":"","site-post-title":"","ast-breadcrumbs-content":"","ast-featured-img":"","footer-sml-layout":"","theme-transparent-header-meta":"default","adv-header-id-meta":"","stick-header-meta":"","header-above-stick-meta":"","header-main-stick-meta":"","header-below-stick-meta":"","astra-migrate-meta-layouts":"default","ast-page-background-enabled":"default","ast-page-background-meta":{"desktop":{"background-color":"","background-image":"","background-repeat":"repeat","background-position":"center center","background-size":"auto","background-attachment":"scroll","background-type":"","background-media":"","overlay-type":"","overlay-color":"","overlay-opacity":"","overlay-gradient":""},"tablet":{"background-color":"","background-image":"","background-repeat":"repeat","background-position":"center center","background-size":"auto","background-attachment":"scroll","background-type":"","background-media":"","overlay-type":"","overlay-color":"","overlay-opacity":"","overlay-gradient":""},"mobile":{"background-color":"","background-image":"","background-repeat":"repeat","background-position":"center center","background-size":"auto","background-attachment":"scroll","background-type":"","background-media":"","overlay-type":"","overlay-color":"","overlay-opacity":"","overlay-gradient":""}},"ast-content-background-meta":{"desktop":{"background-color":"var(--ast-global-color-5)","background-image":"","background-repeat":"repeat","background-position":"center center","background-size":"auto","background-attachment":"scroll","background-type":"","background-media":"","overlay-type":"","overlay-color":"","overlay-opacity":"","overlay-gradient":""},"tablet":{"background-color":"var(--ast-global-color-5)","background-image":"","background-repeat":"repeat","background-position":"center center","background-size":"auto","background-attachment":"scroll","background-type":"","background-media":"","overlay-type":"","overlay-color":"","overlay-opacity":"","overlay-gradient":""},"mobile":{"background-color":"var(--ast-global-color-5)","background-image":"","background-repeat":"repeat","background-position":"center center","background-size":"auto","background-attachment":"scroll","background-type":"","background-media":"","overlay-type":"","overlay-color":"","overlay-opacity":"","overlay-gradient":""}},"footnotes":""},"categories":[10],"tags":[145,18,61,82,144,162],"class_list":["post-5140","post","type-post","status-publish","format-standard","has-post-thumbnail","hentry","category-conferencias","tag-amistad","tag-apostolado","tag-carisma","tag-evangelizacion","tag-familia-religiosa","tag-tercera-orden"],"_links":{"self":[{"href":"https:\/\/nuestrocarisma.org\/index.php\/wp-json\/wp\/v2\/posts\/5140","targetHints":{"allow":["GET"]}}],"collection":[{"href":"https:\/\/nuestrocarisma.org\/index.php\/wp-json\/wp\/v2\/posts"}],"about":[{"href":"https:\/\/nuestrocarisma.org\/index.php\/wp-json\/wp\/v2\/types\/post"}],"author":[{"embeddable":true,"href":"https:\/\/nuestrocarisma.org\/index.php\/wp-json\/wp\/v2\/users\/1"}],"replies":[{"embeddable":true,"href":"https:\/\/nuestrocarisma.org\/index.php\/wp-json\/wp\/v2\/comments?post=5140"}],"version-history":[{"count":5,"href":"https:\/\/nuestrocarisma.org\/index.php\/wp-json\/wp\/v2\/posts\/5140\/revisions"}],"predecessor-version":[{"id":5146,"href":"https:\/\/nuestrocarisma.org\/index.php\/wp-json\/wp\/v2\/posts\/5140\/revisions\/5146"}],"wp:featuredmedia":[{"embeddable":true,"href":"https:\/\/nuestrocarisma.org\/index.php\/wp-json\/wp\/v2\/media\/5145"}],"wp:attachment":[{"href":"https:\/\/nuestrocarisma.org\/index.php\/wp-json\/wp\/v2\/media?parent=5140"}],"wp:term":[{"taxonomy":"category","embeddable":true,"href":"https:\/\/nuestrocarisma.org\/index.php\/wp-json\/wp\/v2\/categories?post=5140"},{"taxonomy":"post_tag","embeddable":true,"href":"https:\/\/nuestrocarisma.org\/index.php\/wp-json\/wp\/v2\/tags?post=5140"}],"curies":[{"name":"wp","href":"https:\/\/api.w.org\/{rel}","templated":true}]}}