{"id":3947,"date":"2021-08-06T08:12:18","date_gmt":"2021-08-06T06:12:18","guid":{"rendered":"https:\/\/nuestrocarisma.org\/?p=3947"},"modified":"2025-09-01T07:28:59","modified_gmt":"2025-09-01T05:28:59","slug":"eleccion-de-los-destinos-emblematicos","status":"publish","type":"post","link":"https:\/\/nuestrocarisma.org\/index.php\/2021\/08\/06\/eleccion-de-los-destinos-emblematicos\/","title":{"rendered":"Elecci\u00f3n de los destinos emblem\u00e1ticos"},"content":{"rendered":"\t\t<div data-elementor-type=\"wp-post\" data-elementor-id=\"3947\" class=\"elementor elementor-3947\" data-elementor-post-type=\"post\">\n\t\t\t\t\t\t<section class=\"elementor-section elementor-top-section elementor-element elementor-element-1a43471 elementor-section-boxed elementor-section-height-default elementor-section-height-default\" data-id=\"1a43471\" data-element_type=\"section\" data-e-type=\"section\">\n\t\t\t\t\t\t<div class=\"elementor-container elementor-column-gap-default\">\n\t\t\t\t\t<div class=\"elementor-column elementor-col-100 elementor-top-column elementor-element elementor-element-44a217c\" data-id=\"44a217c\" data-element_type=\"column\" data-e-type=\"column\">\n\t\t\t<div class=\"elementor-widget-wrap elementor-element-populated\">\n\t\t\t\t\t\t<div class=\"elementor-element elementor-element-8f3845a elementor-widget elementor-widget-video\" data-id=\"8f3845a\" data-element_type=\"widget\" data-e-type=\"widget\" data-settings=\"{&quot;youtube_url&quot;:&quot;https:\\\/\\\/youtu.be\\\/VZE4TY06Wwc&quot;,&quot;autoplay&quot;:&quot;yes&quot;,&quot;video_type&quot;:&quot;youtube&quot;,&quot;controls&quot;:&quot;yes&quot;}\" data-widget_type=\"video.default\">\n\t\t\t\t<div class=\"elementor-widget-container\">\n\t\t\t\t\t\t\t<div class=\"elementor-wrapper elementor-open-inline\">\n\t\t\t<div class=\"elementor-video\"><\/div>\t\t<\/div>\n\t\t\t\t\t\t<\/div>\n\t\t\t\t<\/div>\n\t\t\t\t\t<\/div>\n\t\t<\/div>\n\t\t\t\t\t<\/div>\n\t\t<\/section>\n\t\t\t\t<section class=\"elementor-section elementor-top-section elementor-element elementor-element-8720a2f elementor-section-boxed elementor-section-height-default elementor-section-height-default\" data-id=\"8720a2f\" data-element_type=\"section\" data-e-type=\"section\">\n\t\t\t\t\t\t<div class=\"elementor-container elementor-column-gap-default\">\n\t\t\t\t\t<div class=\"elementor-column elementor-col-100 elementor-top-column elementor-element elementor-element-0e23597\" data-id=\"0e23597\" data-element_type=\"column\" data-e-type=\"column\">\n\t\t\t<div class=\"elementor-widget-wrap elementor-element-populated\">\n\t\t\t\t\t\t<div class=\"elementor-element elementor-element-e55be2d elementor-widget elementor-widget-text-editor\" data-id=\"e55be2d\" data-element_type=\"widget\" data-e-type=\"widget\" data-widget_type=\"text-editor.default\">\n\t\t\t\t<div class=\"elementor-widget-container\">\n\t\t\t\t\t\t\t\t\t<h4 style=\"text-align: center;\"><strong>Destinos emblem\u00e1ticos y puestos de avanzada en la misi\u00f3n<\/strong> <\/h4><p>\u00a0<\/p><p>El <em>Navega mar adentro<\/em><a href=\"#_ftn1\" name=\"_ftnref1\">[1]<\/a> pronunciado por el Verbo Encarnado a orillas del lago de Genesaret y cuyo eco resuena m\u00edsticamente desde entonces, ha sido acogido a lo largo del arco de los siglos por incontables almas que tomando en serio las exigencias del Evangelio se disponen a morir, como el grano de trigo, para ver a Cristo en todas las almas y en todas las cosas<a name=\"_ftnref10\"><\/a><a href=\"#_ftn2\" name=\"_ftnref2\">[2]<\/a>. Entre ellos tenemos la dicha y el privilegio de querer ser contados los miembros del Instituto del Verbo Encarnado que hoy nos encontramos predicando el Evangelio esparcidos en todos los continentes y en muchos lugares denominados \u201cdestinos emblem\u00e1ticos\u201d.\u00a0<\/p><p>\u00bfQu\u00e9 son los destinos emblem\u00e1ticos?<\/p><p>Son puestos de avanzada, misiones o destinos misionales que generalmente son muy dif\u00edciles. Son aquellos lugares donde nadie quiere ir<a href=\"#_ftn3\" name=\"_ftnref3\">[3]<\/a>, ya por la pobreza del lugar, ya por el peligro, ya por la persecuci\u00f3n religiosa, ya porque se prev\u00e9 que a corto o mediano plazo habr\u00e1 pocos frutos \u2013nos referimos a frutos <em>visibles<\/em> para el misionero y a los ojos del mundo, porque <em>siempre<\/em> hay mucho fruto, comenzando por la santidad de los mismos misioneros\u2013. Todos esos lugares \u201crepresentan un tinte de honor para nuestra peque\u00f1a Familia Religiosa, pues se trata de puestos de misi\u00f3n en donde tal vez los misioneros no vean frutos abundantes de su trabajo, de donde probablemente no surjan vocaciones y a donde, quiz\u00e1s, si no hubi\u00e9semos aceptado ir nosotros nadie hubiese querido ir a causa de las dificultades\u201d<a href=\"#_ftn4\" name=\"_ftnref4\">[4]<\/a>.<\/p><p>Esto para nosotros no es simplemente \u2018<em>una manera de decir<\/em>\u2019, antes bien es una exigencia claramente expresada en el derecho propio: \u201cNo hay lugar donde haya un alma que le est\u00e9 vedado al misionero. A las chozas m\u00e1s humildes, a las alturas m\u00e1s altas, a las quebradas m\u00e1s escabrosas, donde hay menos gente, en donde se espera menos frutos, donde la gente es m\u00e1s d\u00edscola, donde hay m\u00e1s dificultades\u2026 all\u00ed el misionero debe ir tomado de su bord\u00f3n, en su autom\u00f3vil, en avi\u00f3n, a pie o a caballo, en sulky o en barco\u2026 porque \u00e9sa es su vocaci\u00f3n y a eso lo env\u00eda la obediencia\u201d<a name=\"_ftnref15\"><\/a><a href=\"#_ftn5\" name=\"_ftnref5\">[5]<\/a>. Tal disponibilidad para la misi\u00f3n fue reafirmada por dos Cap\u00edtulos Generales tanto en el a\u00f1o 2007 como en el 2016, donde se decidi\u00f3 priorizar este tipo de misiones, precisamente porque \u201cla elecci\u00f3n de los puestos de avanzada en la misi\u00f3n\u201d, es decir, \u201clo que hemos dado en llamar \u2018destinos emblem\u00e1ticos\u2019\u201d es un elemento adjunto no negociable del carisma del Instituto<a href=\"#_ftn6\" name=\"_ftnref6\">[6]<\/a>.<\/p><p>Ya lo dec\u00eda San Juan Pablo II: \u201cLa Iglesia hoy no tiene necesidad de funcionarios, administradores o empresarios, sino sobre todo de \u2018amigos de Cristo\u2019, que sepan manifestar el amor en una actitud de servicio altruista que no excluya a nadie\u201d<a href=\"#_ftn7\" name=\"_ftnref7\">[7]<\/a>.<\/p><p>As\u00ed es que nuestros misioneros sin dejarse amedrentar por las dificultades, ni \u201catemorizar por dudas, incomprensiones, rechazos, persecuciones\u201d<a name=\"_ftnref26\"><\/a><a href=\"#_ftn8\" name=\"_ftnref8\">[8]<\/a>; y sin desanimarse por el pron\u00f3stico del escaso fruto o por la escasez de medios, hoy en d\u00eda llevan adelante una labor misionera espl\u00e9ndida en Siria, en las Islas Salom\u00f3n, en Egipto, en Pap\u00faa Nueva Guinea, en Iraq, en la Franja de Gaza, en Tayikist\u00e1n, en Islandia, en Guyana, en la selva del Per\u00fa, en Tanzania, en Taiw\u00e1n, en Rusia y en muchos otros \u201cpuestos de avanzada\u201d sabiendo que sus esfuerzos y sus sufrimientos no ser\u00e1n in\u00fatiles; sino que al contrario, constituyen la levadura que har\u00e1 germinar en el coraz\u00f3n de otros ap\u00f3stoles el anhelo de consagrarse a la noble causa del Evangelio, y en muchas almas la vida de la gracia, aunque ellos no lo vean directamente.<\/p><p>Porque un aut\u00e9ntico misionero del Verbo Encarnado se sabe elegido,<em>\u00a0tomado de entre los hombres<\/em><a href=\"#_ftn9\" name=\"_ftnref9\">[9]<\/a>\u00a0para la honros\u00edsima misi\u00f3n de \u201cser instrumento de salvaci\u00f3n\u201d. Porque est\u00e1 convencido de que \u201cno trabaja por cosas ef\u00edmeras o pasajeras, sino \u2018por la obra m\u00e1s divina entre las divinas\u2019<a name=\"_ftnref28\"><\/a><a href=\"#_ftn10\" name=\"_ftnref10\">[10]<\/a>, que es la salvaci\u00f3n eterna de las almas\u201d<a href=\"#_ftn11\" name=\"_ftnref11\">[11]<\/a>\u00a0y con verdadero temple sacerdotal se entusiasma cada vez m\u00e1s en caminar el camino regio de la cruz agigant\u00e1ndose en su pecho el vivo deseo de\u00a0<em>que \u00c9l reine<\/em><a href=\"#_ftn12\" name=\"_ftnref12\">[12]<\/a>. Porque en el fondo de su alma siente personalmente dirigido a \u00e9l el divino gemido de nuestro Se\u00f1or:\u00a0<em>los obreros son pocos<\/em><a href=\"#_ftn13\" name=\"_ftnref13\">[13]<\/a>\u00a0y no puede sustraerse a la sublime \u201cmisi\u00f3n de llevar el Evangelio a cuantos \u2013y son millones de hombres y mujeres\u2013 no conocen todav\u00eda a Cristo, Redentor del hombre\u201d<a href=\"#_ftn14\" name=\"_ftnref14\">[14]<\/a>. Porque sabe que su vocaci\u00f3n exige de \u00e9l una donaci\u00f3n sin l\u00edmites de fuerzas y de tiempo<a href=\"#_ftn15\" name=\"_ftnref15\">[15]<\/a>\u00a0y a imitaci\u00f3n de Cristo quiere perder la vida para salvarla y conquistarla en plenitud<a href=\"#_ftn16\" name=\"_ftnref16\">[16]<\/a>. En definitiva, porque no se puede ser \u2018<em>del Verbo Encarnado<\/em>\u2019 y al mismo tiempo ser \u201cesquivos a la aventura misionera\u201d lo nuestro es y ser\u00e1 siempre buscar los destinos emblem\u00e1ticos.<\/p><p>Pues sabemos que aun cuando lo nuestro es gastar la vida en esas avanzadas misioneras de la Iglesia y seamos con frecuencia ignorados, olvidados o perseguidos, contamos con la ayuda inigualable y la protecci\u00f3n maternal de la Sant\u00edsima Virgen que \u201cse consagr\u00f3 plenamente como esclava del Se\u00f1or a la persona y a la obra de su Hijo\u201d<a href=\"#_ftn17\" name=\"_ftnref17\">[17]<\/a>. \u00a0Ella es quien inspira y sostiene nuestro esfuerzo \u201caun en las situaciones m\u00e1s dif\u00edciles y en las condiciones m\u00e1s adversas\u201d<a href=\"#_ftn18\" name=\"_ftnref18\">[18]<\/a>.<\/p><p>\u00a1Que viva la misi\u00f3n!<\/p><p><a href=\"#_ftnref1\" name=\"_ftn1\">[1]<\/a> Lc 5, 4.<\/p><p><a href=\"#_ftnref2\" name=\"_ftn2\">[2]<\/a> Cf. <em>Directorio de Misiones Ad Gentes<\/em>, 1;<em>\u00a0op. cit. Directorio de Espiritualidad<\/em>, 216.<\/p><p><a href=\"#_ftnref3\" name=\"_ftn3\">[3]<\/a> Cf. <em>Directorio de Espiritualidad<\/em>, 86.<\/p><p><a href=\"#_ftnref4\" name=\"_ftn4\">[4]<\/a> <em>Juan Pablo Magno<\/em>, cap. 30: \u201cEl Papa y nuestro derecho propio\u201d, IVE Press, New York 2011, p. 535. El texto est\u00e1 comentando lo que los Padres Capitulares discernieron como elementos del carisma del Instituto en el Cap\u00edtulo General del a\u00f1o 2007.<\/p><p><a href=\"#_ftnref5\" name=\"_ftn5\">[5]<\/a> <em>Directorio de Misiones Populares<\/em>, 19.<\/p><p><a href=\"#_ftnref6\" name=\"_ftn6\">[6]<\/a> Cf.\u00a0<em>Notas del V Cap\u00edtulo General del Instituto<\/em>\u00a0(Segni, Italia, 2007) n. 57-58 y\u00a0<em>Notas del VII Cap\u00edtulo General del Instituto<\/em>\u00a0(Montefiascone, Italia, 2016) n. 59, 77-78, 81.<\/p><p><a href=\"#_ftnref7\" name=\"_ftn7\">[7]<\/a> San Juan Pablo II,\u00a0<em>A los seminaristas y novicios en Budapest<\/em>\u00a0(19\/08\/1991).<\/p><p><a href=\"#_ftnref8\" name=\"_ftn8\">[8]<\/a> <em>Directorio de Misiones Ad Gentes<\/em>, 147;<em>\u00a0op. cit. Redemptoris Missio<\/em>, 66.<\/p><p><a href=\"#_ftnref9\" name=\"_ftn9\">[9]<\/a> Heb 5, 1.<\/p><p><a href=\"#_ftnref10\" name=\"_ftn10\">[10]<\/a> Pseudo-Dionisio, citado por San Alfonso,\u00a0<em>Selva de materias predicables<\/em>, IX, 1.<\/p><p><a href=\"#_ftnref11\" name=\"_ftn11\">[11]<\/a> <em>Directorio de Espiritualidad<\/em>, 321.<\/p><p><a href=\"#_ftnref12\" name=\"_ftn12\">[12]<\/a> Cf.\u00a0<em>Directorio de Espiritualidad<\/em>, 225;\u00a0<em>op. cit<\/em>.1 Cor 15, 25.<\/p><p><a href=\"#_ftnref13\" name=\"_ftn13\">[13]<\/a> Mt 9, 37.<\/p><p><a href=\"#_ftnref14\" name=\"_ftn14\">[14]<\/a> <em>Directorio de Misiones Ad Gentes<\/em>, 53; <em>op. cit.\u00a0 Christifideles Laici<\/em>, 35.<\/p><p><a href=\"#_ftnref15\" name=\"_ftn15\">[15]<\/a> Cf.\u00a0<em>Directorio de Misiones Ad Gentes<\/em>, 146.<\/p><p><a href=\"#_ftnref16\" name=\"_ftn16\">[16]<\/a> Cf. San Juan Pablo II,\u00a0<em>A los sacerdotes, religiosos y laicos comprometidos en Mantua<\/em> (22\/06\/1991).<\/p><p><a href=\"#_ftnref17\" name=\"_ftn17\">[17]<\/a> <em>Lumen Gentium<\/em>, 56.<\/p><p><a href=\"#_ftnref18\" name=\"_ftn18\">[18]<\/a> <em>Constituciones<\/em>, 30.<\/p>\t\t\t\t\t\t\t\t<\/div>\n\t\t\t\t<\/div>\n\t\t\t\t\t<\/div>\n\t\t<\/div>\n\t\t\t\t\t<\/div>\n\t\t<\/section>\n\t\t\t\t<\/div>\n\t\t","protected":false},"excerpt":{"rendered":"<p>Destinos emblem\u00e1ticos y puestos de avanzada en la misi\u00f3n El Navega mar adentro[1] pronunciado por el Verbo Encarnado a orillas del lago de Genesaret y cuyo eco resuena m\u00edsticamente desde entonces, ha sido acogido a lo largo del arco de los siglos por incontables almas que tomando en serio las exigencias del Evangelio se disponen [&hellip;]<\/p>\n","protected":false},"author":1,"featured_media":5153,"comment_status":"open","ping_status":"open","sticky":false,"template":"","format":"standard","meta":{"site-sidebar-layout":"default","site-content-layout":"default","ast-site-content-layout":"default","site-content-style":"default","site-sidebar-style":"default","ast-global-header-display":"","ast-banner-title-visibility":"","ast-main-header-display":"","ast-hfb-above-header-display":"","ast-hfb-below-header-display":"","ast-hfb-mobile-header-display":"","site-post-title":"","ast-breadcrumbs-content":"","ast-featured-img":"","footer-sml-layout":"","theme-transparent-header-meta":"default","adv-header-id-meta":"","stick-header-meta":"","header-above-stick-meta":"","header-main-stick-meta":"","header-below-stick-meta":"","astra-migrate-meta-layouts":"set","ast-page-background-enabled":"default","ast-page-background-meta":{"desktop":{"background-color":"","background-image":"","background-repeat":"repeat","background-position":"center center","background-size":"auto","background-attachment":"scroll","background-type":"","background-media":"","overlay-type":"","overlay-color":"","overlay-opacity":"","overlay-gradient":""},"tablet":{"background-color":"","background-image":"","background-repeat":"repeat","background-position":"center center","background-size":"auto","background-attachment":"scroll","background-type":"","background-media":"","overlay-type":"","overlay-color":"","overlay-opacity":"","overlay-gradient":""},"mobile":{"background-color":"","background-image":"","background-repeat":"repeat","background-position":"center center","background-size":"auto","background-attachment":"scroll","background-type":"","background-media":"","overlay-type":"","overlay-color":"","overlay-opacity":"","overlay-gradient":""}},"ast-content-background-meta":{"desktop":{"background-color":"var(--ast-global-color-5)","background-image":"","background-repeat":"repeat","background-position":"center center","background-size":"auto","background-attachment":"scroll","background-type":"","background-media":"","overlay-type":"","overlay-color":"","overlay-opacity":"","overlay-gradient":""},"tablet":{"background-color":"var(--ast-global-color-5)","background-image":"","background-repeat":"repeat","background-position":"center center","background-size":"auto","background-attachment":"scroll","background-type":"","background-media":"","overlay-type":"","overlay-color":"","overlay-opacity":"","overlay-gradient":""},"mobile":{"background-color":"var(--ast-global-color-5)","background-image":"","background-repeat":"repeat","background-position":"center center","background-size":"auto","background-attachment":"scroll","background-type":"","background-media":"","overlay-type":"","overlay-color":"","overlay-opacity":"","overlay-gradient":""}},"footnotes":""},"categories":[291],"tags":[151,61,118,177,99,25,124,299,26,77],"class_list":["post-3947","post","type-post","status-publish","format-standard","has-post-thumbnail","hentry","category-no-negociables","tag-almas","tag-carisma","tag-cristo","tag-evangelio","tag-gracia","tag-iglesia","tag-misionero","tag-no-negociables","tag-persecucion","tag-vocacion"],"_links":{"self":[{"href":"https:\/\/nuestrocarisma.org\/index.php\/wp-json\/wp\/v2\/posts\/3947","targetHints":{"allow":["GET"]}}],"collection":[{"href":"https:\/\/nuestrocarisma.org\/index.php\/wp-json\/wp\/v2\/posts"}],"about":[{"href":"https:\/\/nuestrocarisma.org\/index.php\/wp-json\/wp\/v2\/types\/post"}],"author":[{"embeddable":true,"href":"https:\/\/nuestrocarisma.org\/index.php\/wp-json\/wp\/v2\/users\/1"}],"replies":[{"embeddable":true,"href":"https:\/\/nuestrocarisma.org\/index.php\/wp-json\/wp\/v2\/comments?post=3947"}],"version-history":[{"count":16,"href":"https:\/\/nuestrocarisma.org\/index.php\/wp-json\/wp\/v2\/posts\/3947\/revisions"}],"predecessor-version":[{"id":8575,"href":"https:\/\/nuestrocarisma.org\/index.php\/wp-json\/wp\/v2\/posts\/3947\/revisions\/8575"}],"wp:featuredmedia":[{"embeddable":true,"href":"https:\/\/nuestrocarisma.org\/index.php\/wp-json\/wp\/v2\/media\/5153"}],"wp:attachment":[{"href":"https:\/\/nuestrocarisma.org\/index.php\/wp-json\/wp\/v2\/media?parent=3947"}],"wp:term":[{"taxonomy":"category","embeddable":true,"href":"https:\/\/nuestrocarisma.org\/index.php\/wp-json\/wp\/v2\/categories?post=3947"},{"taxonomy":"post_tag","embeddable":true,"href":"https:\/\/nuestrocarisma.org\/index.php\/wp-json\/wp\/v2\/tags?post=3947"}],"curies":[{"name":"wp","href":"https:\/\/api.w.org\/{rel}","templated":true}]}}