{"id":3469,"date":"2021-05-21T09:08:44","date_gmt":"2021-05-21T07:08:44","guid":{"rendered":"https:\/\/nuestrocarisma.org\/?p=3469"},"modified":"2025-04-24T09:25:03","modified_gmt":"2025-04-24T07:25:03","slug":"oracion-a-san-juan-pablo-ii","status":"publish","type":"post","link":"https:\/\/nuestrocarisma.org\/index.php\/2021\/05\/21\/oracion-a-san-juan-pablo-ii\/","title":{"rendered":"Oraci\u00f3n a San Juan Pablo II"},"content":{"rendered":"\t\t<div data-elementor-type=\"wp-post\" data-elementor-id=\"3469\" class=\"elementor elementor-3469\" data-elementor-post-type=\"post\">\n\t\t\t\t\t\t<section class=\"elementor-section elementor-top-section elementor-element elementor-element-4752f09 elementor-section-boxed elementor-section-height-default elementor-section-height-default\" data-id=\"4752f09\" data-element_type=\"section\" data-e-type=\"section\">\n\t\t\t\t\t\t<div class=\"elementor-container elementor-column-gap-default\">\n\t\t\t\t\t<div class=\"elementor-column elementor-col-100 elementor-top-column elementor-element elementor-element-e1d3aa1\" data-id=\"e1d3aa1\" data-element_type=\"column\" data-e-type=\"column\">\n\t\t\t<div class=\"elementor-widget-wrap elementor-element-populated\">\n\t\t\t\t\t\t<div class=\"elementor-element elementor-element-e976a89 elementor-widget elementor-widget-shortcode\" data-id=\"e976a89\" data-element_type=\"widget\" data-e-type=\"widget\" data-widget_type=\"shortcode.default\">\n\t\t\t\t<div class=\"elementor-widget-container\">\n\t\t\t\t\t\t\t<div class=\"elementor-shortcode\"><div class=\"_3d-flip-book  fb3d-fullscreen-mode full-size\" data-id=\"3475\" data-mode=\"fullscreen\" data-title=\"false\" data-template=\"short-white-book-view\" data-lightbox=\"dark-shadow\" data-urlparam=\"fb3d-page\" data-page-n=\"0\" data-pdf=\"\" data-tax=\"null\" data-thumbnail=\"\" data-cols=\"3\" data-book-template=\"default\" data-trigger=\"\"><\/div><script type=\"text\/javascript\">window.FB3D_CLIENT_DATA = window.FB3D_CLIENT_DATA || [];FB3D_CLIENT_DATA.push('eyJwb3N0cyI6eyIzNDc1Ijp7IklEIjozNDc1LCJ0aXRsZSI6Ik9yYWNpXHUwMGYzbiBhIFNhbiBKdWFuIFBhYmxvIElJIiwidHlwZSI6InBkZiIsInJlYWR5X2Z1bmN0aW9uIjoiIiwiYm9va19zdHlsZSI6ImZsYXQiLCJib29rX3RlbXBsYXRlIjoibm9uZSIsIm91dGxpbmUiOltdLCJkYXRhIjp7InBvc3RfSUQiOiIzNDc2IiwiZ3VpZCI6Imh0dHBzOlwvXC9udWVzdHJvY2FyaXNtYS5vcmdcL3dwLWNvbnRlbnRcL3VwbG9hZHNcLzIwMjFcLzA1XC9PcmFjaW9uLWEtU2FuLUp1YW4tUGFibG8tTWFnbm8ucGRmIiwicGRmX3BhZ2VzIjoiNSIsInBhZ2VzX2N1c3RvbWl6YXRpb24iOiJub25lIn0sInRodW1ibmFpbCI6eyJkYXRhIjp7InBvc3RfSUQiOiIwIn0sInR5cGUiOiJhdXRvIn0sInByb3BzIjp7ImNhY2hlZFBhZ2VzIjoiYXV0byIsInJlbmRlckluYWN0aXZlUGFnZXMiOiJhdXRvIiwicmVuZGVySW5hY3RpdmVQYWdlc09uTW9iaWxlIjoiYXV0byIsInJlbmRlcldoaWxlRmxpcHBpbmciOiJhdXRvIiwicHJlbG9hZFBhZ2VzIjoiYXV0byIsInJ0bCI6ImF1dG8iLCJpbnRlcmFjdGl2ZUNvcm5lcnMiOiJhdXRvIiwic2hlZXQiOnsic3RhcnRWZWxvY2l0eSI6ImF1dG8iLCJ3YXZlIjoiYXV0byIsIndpZHRoVGV4ZWxzIjoiYXV0byIsImNvbG9yIjoiYXV0byIsInNpZGUiOiJhdXRvIiwiY29ybmVyRGV2aWF0aW9uIjoiYXV0byIsImZsZXhpYmlsaXR5IjoiYXV0byIsImZsZXhpYmxlQ29ybmVyIjoiYXV0byIsImJlbmRpbmciOiJhdXRvIiwiaGVpZ2h0VGV4ZWxzIjoiYXV0byJ9LCJjb3ZlciI6eyJ3YXZlIjoiYXV0byIsImNvbG9yIjoiYXV0byIsImJpbmRlclRleHR1cmUiOiJhdXRvIiwiZGVwdGgiOiJhdXRvIiwicGFkZGluZyI6ImF1dG8iLCJzdGFydFZlbG9jaXR5IjoiYXV0byIsImZsZXhpYmlsaXR5IjoiYXV0byIsImZsZXhpYmxlQ29ybmVyIjoiYXV0byIsImJlbmRpbmciOiJhdXRvIiwid2lkdGhUZXhlbHMiOiJhdXRvIiwiaGVpZ2h0VGV4ZWxzIjoiYXV0byIsIm1hc3MiOiJhdXRvIiwic2lkZSI6ImF1dG8ifSwicGFnZSI6eyJ3YXZlIjoiYXV0byIsImNvbG9yIjoiYXV0byIsImRlcHRoIjoiYXV0byIsInN0YXJ0VmVsb2NpdHkiOiJhdXRvIiwiZmxleGliaWxpdHkiOiJhdXRvIiwiZmxleGlibGVDb3JuZXIiOiJhdXRvIiwiYmVuZGluZyI6ImF1dG8iLCJ3aWR0aFRleGVscyI6ImF1dG8iLCJoZWlnaHRUZXhlbHMiOiJhdXRvIiwibWFzcyI6ImF1dG8iLCJzaWRlIjoiYXV0byJ9LCJoZWlnaHQiOiJhdXRvIiwid2lkdGgiOiJhdXRvIiwiZ3Jhdml0eSI6ImF1dG8iLCJwYWdlc0ZvclByZWRpY3RpbmciOiJhdXRvIn0sImNvbnRyb2xQcm9wcyI6eyJhY3Rpb25zIjp7ImNtZFNhdmUiOnsiZW5hYmxlZCI6ImF1dG8iLCJlbmFibGVkSW5OYXJyb3ciOiJhdXRvIn0sImNtZFByaW50Ijp7ImVuYWJsZWQiOiJhdXRvIiwiZW5hYmxlZEluTmFycm93IjoiYXV0byJ9LCJjbWRTaW5nbGVQYWdlIjp7ImVuYWJsZWQiOiJhdXRvIiwiZW5hYmxlZEluTmFycm93IjoiYXV0byIsImFjdGl2ZSI6ImF1dG8iLCJhY3RpdmVGb3JNb2JpbGUiOiJhdXRvIn19fSwiYXV0b1RodW1ibmFpbCI6Imh0dHBzOlwvXC9udWVzdHJvY2FyaXNtYS5vcmdcL3dwLWNvbnRlbnRcL3VwbG9hZHNcLzNkLWZsaXAtYm9va1wvYXV0by10aHVtYm5haWxzXC8zNDc1LnBuZyIsInBvc3RfbmFtZSI6Im9yYWNpb24tYS1zYW4tanVhbi1wYWJsby1paSIsInBvc3RfdHlwZSI6IjNkLWZsaXAtYm9vayJ9fSwicGFnZXMiOltdLCJmaXJzdFBhZ2VzIjpbXX0=');window.FB3D_CLIENT_LOCALE && FB3D_CLIENT_LOCALE.render && FB3D_CLIENT_LOCALE.render();<\/script><\/div>\n\t\t\t\t\t\t<\/div>\n\t\t\t\t<\/div>\n\t\t\t\t<div class=\"elementor-element elementor-element-fa1a1b5 elementor-align-center elementor-widget elementor-widget-button\" data-id=\"fa1a1b5\" data-element_type=\"widget\" data-e-type=\"widget\" data-widget_type=\"button.default\">\n\t\t\t\t<div class=\"elementor-widget-container\">\n\t\t\t\t\t\t\t\t\t<div class=\"elementor-button-wrapper\">\n\t\t\t\t\t<a class=\"elementor-button elementor-button-link elementor-size-sm\" href=\"https:\/\/nuestrocarisma.org\/wp-content\/uploads\/2021\/05\/Oracion-a-San-Juan-Pablo-Magno.pdf\">\n\t\t\t\t\t\t<span class=\"elementor-button-content-wrapper\">\n\t\t\t\t\t\t\t\t\t<span class=\"elementor-button-text\">Download PDF<\/span>\n\t\t\t\t\t<\/span>\n\t\t\t\t\t<\/a>\n\t\t\t\t<\/div>\n\t\t\t\t\t\t\t\t<\/div>\n\t\t\t\t<\/div>\n\t\t\t\t\t<\/div>\n\t\t<\/div>\n\t\t\t\t\t<\/div>\n\t\t<\/section>\n\t\t\t\t<section class=\"elementor-section elementor-top-section elementor-element elementor-element-8720a2f elementor-section-boxed elementor-section-height-default elementor-section-height-default\" data-id=\"8720a2f\" data-element_type=\"section\" data-e-type=\"section\">\n\t\t\t\t\t\t<div class=\"elementor-container elementor-column-gap-default\">\n\t\t\t\t\t<div class=\"elementor-column elementor-col-100 elementor-top-column elementor-element elementor-element-0e23597\" data-id=\"0e23597\" data-element_type=\"column\" data-e-type=\"column\">\n\t\t\t<div class=\"elementor-widget-wrap elementor-element-populated\">\n\t\t\t\t\t\t<div class=\"elementor-element elementor-element-e55be2d elementor-widget elementor-widget-text-editor\" data-id=\"e55be2d\" data-element_type=\"widget\" data-e-type=\"widget\" data-widget_type=\"text-editor.default\">\n\t\t\t\t<div class=\"elementor-widget-container\">\n\t\t\t\t\t\t\t\t\t<p>San Juan Pablo Magno,<strong>\u00a0<\/strong><\/p><p><strong>Padre Espiritual<\/strong> bajo cuyo pontificado<\/p><p>quiso la Divina Providencia que naciera nuestra Familia Religiosa,<strong>\u00a0<\/strong><\/p><p><strong>Maestro insigne de la Verdad<\/strong>, en \u201ccuyo magisterio <br \/>abrevamos nuestra sed de fidelidad al Se\u00f1or\u201d<a href=\"#_ftn1\" name=\"_ftnref1\">[1]<\/a>;<strong>\u00a0<\/strong><\/p><p><strong>Pastor bueno<\/strong> que guiaste al mundo para que abriese las puertas a Cristo,<\/p><p><strong>Misionero infatigable<\/strong> que con tu ejemplo nos ense\u00f1aste <br \/>a \u201cno ser esquivos a la aventura misionera\u201d<a href=\"#_ftn2\" name=\"_ftnref2\">[2]<\/a>,<\/p><p><strong>Esclavo y ap\u00f3stol de Mar\u00eda<\/strong> de quien, en la escuela de San Luis Mar\u00eda Grignion de Montfort, aprendimos a decir cada d\u00eda: <em>Totus tuus Maria<\/em><a href=\"#_ftn3\" name=\"_ftnref3\">[3]<\/a>;<\/p><p>Nosotros tus hijos de la Familia Religiosa del Verbo Encarnado<\/p><p>te invocamos como a nuestro intercesor celestial <br \/>y a tu amparo paternal nos acogemos:<\/p><p><strong>Vicario de Cristo<\/strong>,<\/p><p>que nos dec\u00edas <em>\u00a1No tem\u00e1is!<\/em> <em>Cristo conoce lo que hay dentro del hombre<\/em><a href=\"#_ftn4\" name=\"_ftnref4\">[4]<\/a>,<\/p><p>prot\u00e9genos y defi\u00e9ndenos.<\/p><p><strong>Gran evangelizador de la cultura<\/strong>, que nos diste ejemplo <br \/>trabajando incansablemente \u201cpara que est\u00e9n imbuidos <br \/>de la fuerza del Evangelio, los modos de pensar, <br \/>los criterios de juicio, las normas de acci\u00f3n\u201d<a href=\"#_ftn5\" name=\"_ftnref5\">[5]<\/a>,<\/p><p>fortalece y haz fructificar nuestros esfuerzos misioneros;<\/p><p><strong>Amigo de los j\u00f3venes<\/strong>, a quienes buscaste movido a impulsos de celo,<\/p><p>haz de nosotros testigos generosos del Verbo Encarnado <br \/>capaces de promover las vocaciones <br \/>dando un testimonio fiel y alegre de vida consagrada, <br \/>realizando con generosidad, discernimiento y seriedad<br \/>los apostolados propios, y trabajando en comuni\u00f3n fraterna<a href=\"#_ftn6\" name=\"_ftnref6\">[6]<\/a>;<\/p><p><strong>Papa de las Familias<\/strong><a href=\"#_ftn7\" name=\"_ftnref7\">[7]<\/a>, acompa\u00f1a y sostiene a esta <em>tu<\/em> familia, <br \/>la Familia del Verbo Encarnado <br \/>a fin de que permanezcamos hoy y siempre <br \/>unidos a <em>la Roca<\/em>, que es Cristo<a href=\"#_ftn8\" name=\"_ftnref8\">[8]<\/a>.<strong>\u00a0<\/strong><\/p><p><strong>H\u00e9roe de la Iglesia de Cristo<\/strong>, que con la valent\u00eda <br \/>que exige la fidelidad a Cristo <br \/>supiste guiar al Pueblo de Dios no hacia los para\u00edsos artificiales <br \/>que prescindiendo de Dios y de su santa ley<a href=\"#_ftn9\" name=\"_ftnref9\">[9]<\/a> se volvieron contra el hombre, <br \/>sino hacia el Reino de Cristo que se conquista por la cruz,<\/p><p>te pedimos la gracia de que tambi\u00e9n nosotros seamos valientes <br \/>y fervorosos en el anuncio de Cristo <br \/>sin pactar, sin transigir, sin capitular, sin negociar, sin conceder, <br \/>ni hacer componendas con el esp\u00edritu del mundo<a href=\"#_ftn10\" name=\"_ftnref10\">[10]<\/a>.<strong>\u00a0<\/strong><\/p><p><strong>Hombre cabal y santo<\/strong>, alc\u00e1nzanos por tu intercesi\u00f3n <br \/>la gracia de la perseverancia en la fidelidad a Cristo y al Evangelio, <br \/>que es siempre fidelidad a la Iglesia y a su misi\u00f3n en el mundo, <br \/>fidelidad a la vida religiosa y al carisma propio del Instituto, <br \/>fidelidad al hombre y a nuestro tiempo<a href=\"#_ftn11\" name=\"_ftnref11\">[11]<\/a>.<\/p><p>Todo esto se lo pedimos a Dios Uno y Trino por tu santa intercesi\u00f3n. Am\u00e9n.<\/p><p><a href=\"#_ftnref1\" name=\"_ftn1\">[1]<\/a> <em>Directorio de Vocaciones<\/em>, 78.<\/p><p><a href=\"#_ftnref2\" name=\"_ftn2\">[2]<\/a> <em>Directorio de Espiritualidad<\/em>, 216.<\/p><p><a href=\"#_ftnref3\" name=\"_ftn3\">[3]<\/a> <em>Constituciones<\/em>, 19.<\/p><p><a href=\"#_ftnref4\" name=\"_ftn4\">[4]<\/a> <em>Homil\u00eda de inauguraci\u00f3n del pontificado de San Juan Pablo II<\/em> (22\/10\/1978); cf. Hech 15, 8.<\/p><p><a href=\"#_ftnref5\" name=\"_ftn5\">[5]<\/a> San Juan Pablo II, Constituci\u00f3n Apost\u00f3lica sobre las Universidades y Facultades Eclesi\u00e1sticas <em>Sapientia Christiana<\/em> (15\/04\/1979), 1. Citado en <em>Constituciones<\/em>, 26.<\/p><p><a href=\"#_ftnref6\" name=\"_ftn6\">[6]<\/a> <em>Directorio de Vida Consagrada<\/em>, 308.<\/p><p><a href=\"#_ftnref7\" name=\"_ftn7\">[7]<\/a> Papa Francisco, <em>Homil\u00eda de canonizaci\u00f3n de los Beatos Juan XXIII y Juan Pablo II<\/em> (27\/04\/2014).<\/p><p><a href=\"#_ftnref8\" name=\"_ftn8\">[8]<\/a> <em>Constituciones<\/em>, 7; <em>op. cit<\/em>. Cf. 1 Cor 10, 4.<\/p><p><a href=\"#_ftnref9\" name=\"_ftn9\">[9]<\/a> Cf. San Juan Pablo II, <em>Homil\u00eda durante la misa celebrada en la explanada Xico del Valle de Chalco<\/em> (07\/05\/1990).<\/p><p><a href=\"#_ftnref10\" name=\"_ftn10\">[10]<\/a> Cf. <em>Directorio de Espiritualidad<\/em>, 118.<\/p><p><a href=\"#_ftnref11\" name=\"_ftn11\">[11]<\/a> Cf. <em>Orientaciones sobre la Formaci\u00f3n en los Institutos Religiosos<\/em>, 18. Citado en<em> Directorio de Vida Consagrada<\/em>, 362.<\/p>\t\t\t\t\t\t\t\t<\/div>\n\t\t\t\t<\/div>\n\t\t\t\t\t<\/div>\n\t\t<\/div>\n\t\t\t\t\t<\/div>\n\t\t<\/section>\n\t\t\t\t<\/div>\n\t\t","protected":false},"excerpt":{"rendered":"<p>Download PDF San Juan Pablo Magno,\u00a0 Padre Espiritual bajo cuyo pontificado quiso la Divina Providencia que naciera nuestra Familia Religiosa,\u00a0 Maestro insigne de la Verdad, en \u201ccuyo magisterio abrevamos nuestra sed de fidelidad al Se\u00f1or\u201d[1];\u00a0 Pastor bueno que guiaste al mundo para que abriese las puertas a Cristo, Misionero infatigable que con tu ejemplo nos [&hellip;]<\/p>\n","protected":false},"author":1,"featured_media":3470,"comment_status":"open","ping_status":"open","sticky":false,"template":"","format":"standard","meta":{"site-sidebar-layout":"default","site-content-layout":"default","ast-site-content-layout":"default","site-content-style":"default","site-sidebar-style":"default","ast-global-header-display":"","ast-banner-title-visibility":"","ast-main-header-display":"","ast-hfb-above-header-display":"","ast-hfb-below-header-display":"","ast-hfb-mobile-header-display":"","site-post-title":"","ast-breadcrumbs-content":"","ast-featured-img":"","footer-sml-layout":"","theme-transparent-header-meta":"default","adv-header-id-meta":"","stick-header-meta":"","header-above-stick-meta":"","header-main-stick-meta":"","header-below-stick-meta":"","astra-migrate-meta-layouts":"set","ast-page-background-enabled":"default","ast-page-background-meta":{"desktop":{"background-color":"","background-image":"","background-repeat":"repeat","background-position":"center center","background-size":"auto","background-attachment":"scroll","background-type":"","background-media":"","overlay-type":"","overlay-color":"","overlay-opacity":"","overlay-gradient":""},"tablet":{"background-color":"","background-image":"","background-repeat":"repeat","background-position":"center center","background-size":"auto","background-attachment":"scroll","background-type":"","background-media":"","overlay-type":"","overlay-color":"","overlay-opacity":"","overlay-gradient":""},"mobile":{"background-color":"","background-image":"","background-repeat":"repeat","background-position":"center center","background-size":"auto","background-attachment":"scroll","background-type":"","background-media":"","overlay-type":"","overlay-color":"","overlay-opacity":"","overlay-gradient":""}},"ast-content-background-meta":{"desktop":{"background-color":"var(--ast-global-color-5)","background-image":"","background-repeat":"repeat","background-position":"center center","background-size":"auto","background-attachment":"scroll","background-type":"","background-media":"","overlay-type":"","overlay-color":"","overlay-opacity":"","overlay-gradient":""},"tablet":{"background-color":"var(--ast-global-color-5)","background-image":"","background-repeat":"repeat","background-position":"center center","background-size":"auto","background-attachment":"scroll","background-type":"","background-media":"","overlay-type":"","overlay-color":"","overlay-opacity":"","overlay-gradient":""},"mobile":{"background-color":"var(--ast-global-color-5)","background-image":"","background-repeat":"repeat","background-position":"center center","background-size":"auto","background-attachment":"scroll","background-type":"","background-media":"","overlay-type":"","overlay-color":"","overlay-opacity":"","overlay-gradient":""}},"footnotes":""},"categories":[40],"tags":[61,118,73,323,144,27,25,85,124,460,289,128,17,66,134,14],"class_list":["post-3469","post","type-post","status-publish","format-standard","has-post-thumbnail","hentry","category-liturgia","tag-carisma","tag-cristo","tag-cruz","tag-divina-providencia","tag-familia-religiosa","tag-fidelidad","tag-iglesia","tag-inculturar","tag-misionero","tag-oraciones","tag-san-juan-pablo-ii","tag-san-luis-maria","tag-testimonio","tag-verbo-encarnado","tag-verdad","tag-vida-consagrada"],"_links":{"self":[{"href":"https:\/\/nuestrocarisma.org\/index.php\/wp-json\/wp\/v2\/posts\/3469","targetHints":{"allow":["GET"]}}],"collection":[{"href":"https:\/\/nuestrocarisma.org\/index.php\/wp-json\/wp\/v2\/posts"}],"about":[{"href":"https:\/\/nuestrocarisma.org\/index.php\/wp-json\/wp\/v2\/types\/post"}],"author":[{"embeddable":true,"href":"https:\/\/nuestrocarisma.org\/index.php\/wp-json\/wp\/v2\/users\/1"}],"replies":[{"embeddable":true,"href":"https:\/\/nuestrocarisma.org\/index.php\/wp-json\/wp\/v2\/comments?post=3469"}],"version-history":[{"count":18,"href":"https:\/\/nuestrocarisma.org\/index.php\/wp-json\/wp\/v2\/posts\/3469\/revisions"}],"predecessor-version":[{"id":9684,"href":"https:\/\/nuestrocarisma.org\/index.php\/wp-json\/wp\/v2\/posts\/3469\/revisions\/9684"}],"wp:featuredmedia":[{"embeddable":true,"href":"https:\/\/nuestrocarisma.org\/index.php\/wp-json\/wp\/v2\/media\/3470"}],"wp:attachment":[{"href":"https:\/\/nuestrocarisma.org\/index.php\/wp-json\/wp\/v2\/media?parent=3469"}],"wp:term":[{"taxonomy":"category","embeddable":true,"href":"https:\/\/nuestrocarisma.org\/index.php\/wp-json\/wp\/v2\/categories?post=3469"},{"taxonomy":"post_tag","embeddable":true,"href":"https:\/\/nuestrocarisma.org\/index.php\/wp-json\/wp\/v2\/tags?post=3469"}],"curies":[{"name":"wp","href":"https:\/\/api.w.org\/{rel}","templated":true}]}}