{"id":10998,"date":"2026-05-03T11:11:32","date_gmt":"2026-05-03T09:11:32","guid":{"rendered":"https:\/\/nuestrocarisma.org\/?p=10998"},"modified":"2026-05-03T11:13:11","modified_gmt":"2026-05-03T09:13:11","slug":"santos-felipe-y-santiago-apostoles","status":"publish","type":"post","link":"https:\/\/nuestrocarisma.org\/index.php\/2026\/05\/03\/santos-felipe-y-santiago-apostoles\/","title":{"rendered":"Santos Felipe y Santiago, ap\u00f3stoles"},"content":{"rendered":"\t\t<div data-elementor-type=\"wp-post\" data-elementor-id=\"10998\" class=\"elementor elementor-10998\" data-elementor-post-type=\"post\">\n\t\t\t\t\t\t<section class=\"elementor-section elementor-top-section elementor-element elementor-element-699f60a elementor-section-boxed elementor-section-height-default elementor-section-height-default\" data-id=\"699f60a\" data-element_type=\"section\" data-e-type=\"section\">\n\t\t\t\t\t\t<div class=\"elementor-container elementor-column-gap-default\">\n\t\t\t\t\t<div class=\"elementor-column elementor-col-100 elementor-top-column elementor-element elementor-element-b2ff677\" data-id=\"b2ff677\" data-element_type=\"column\" data-e-type=\"column\">\n\t\t\t<div class=\"elementor-widget-wrap elementor-element-populated\">\n\t\t\t\t\t\t<div class=\"elementor-element elementor-element-e055647 elementor-align-center elementor-widget elementor-widget-button\" data-id=\"e055647\" data-element_type=\"widget\" data-e-type=\"widget\" data-widget_type=\"button.default\">\n\t\t\t\t<div class=\"elementor-widget-container\">\n\t\t\t\t\t\t\t\t\t<div class=\"elementor-button-wrapper\">\n\t\t\t\t\t<a class=\"elementor-button elementor-button-link elementor-size-sm\" href=\"https:\/\/nuestrocarisma.org\/index.php\/2026\/05\/03\/textos-propios-para-la-misa-de-santos-felipe-y-santiago\/\" target=\"_blank\">\n\t\t\t\t\t\t<span class=\"elementor-button-content-wrapper\">\n\t\t\t\t\t\t\t\t\t<span class=\"elementor-button-text\">Ver Misal<\/span>\n\t\t\t\t\t<\/span>\n\t\t\t\t\t<\/a>\n\t\t\t\t<\/div>\n\t\t\t\t\t\t\t\t<\/div>\n\t\t\t\t<\/div>\n\t\t\t\t\t<\/div>\n\t\t<\/div>\n\t\t\t\t\t<\/div>\n\t\t<\/section>\n\t\t\t\t<section class=\"elementor-section elementor-top-section elementor-element elementor-element-729f7c7 elementor-section-boxed elementor-section-height-default elementor-section-height-default\" data-id=\"729f7c7\" data-element_type=\"section\" data-e-type=\"section\">\n\t\t\t\t\t\t<div class=\"elementor-container elementor-column-gap-default\">\n\t\t\t\t\t<div class=\"elementor-column elementor-col-100 elementor-top-column elementor-element elementor-element-a515d52\" data-id=\"a515d52\" data-element_type=\"column\" data-e-type=\"column\">\n\t\t\t<div class=\"elementor-widget-wrap elementor-element-populated\">\n\t\t\t\t\t\t<div class=\"elementor-element elementor-element-cbe3243 elementor-widget elementor-widget-text-editor\" data-id=\"cbe3243\" data-element_type=\"widget\" data-e-type=\"widget\" data-widget_type=\"text-editor.default\">\n\t\t\t\t<div class=\"elementor-widget-container\">\n\t\t\t\t\t\t\t\t\t<p>Fiesta de los santos Felipe y Santiago, ap\u00f3stoles. Felipe, que, al igual que Pedro y Andr\u00e9s, hab\u00eda nacido en Betsaida y era disc\u00edpulo de Juan Bautista, fue llamado por el Se\u00f1or para que lo siguiera. Santiago, por su parte, era hijo de Alfeo, de sobrenombre \u201cJusto\u201d, considerado en Occidente como el pariente del Se\u00f1or, fue el primero que rigi\u00f3 la Iglesia de Jerusal\u00e9n, y cuando se suscit\u00f3 la controversia sobre la circuncisi\u00f3n, se adhiri\u00f3 al parecer de Pedro, para que no fuera impuesto a los disc\u00edpulos venidos de la gentilidad aquel antiguo yugo. Muy pronto coron\u00f3 su apostolado con el martirio (s. I).<\/p><h3><span style=\"color: #ff0000;\"><strong>Derecho Propio<\/strong><\/span><\/h3><p>\u00a0<\/p><p><em>Directorio de Espiritualidad<\/em><\/p><ol start=\"243\"><li>La comuni\u00f3n eclesial es, al mismo tiempo, invisible y visible. Como realidad invisible es comuni\u00f3n de cada hombre, por un lado, con el Padre por Cristo en el Esp\u00edritu Santo y, por otro, con los dem\u00e1s hombres, tambi\u00e9n part\u00edcipes de la gracia santificante, de la Pasi\u00f3n de Cristo, de la misma fe, del mismo Esp\u00edritu. Realidades todas que guardan \u00edntima relaci\u00f3n con la comuni\u00f3n visible fundada en la doctrina de los <strong>Ap\u00f3stoles<\/strong>, en los sacramentos y en el orden jer\u00e1rquico. Esta relaci\u00f3n entre lo visible y lo invisible de la comuni\u00f3n eclesial es constitutiva de la Iglesia como \u201cSacramento universal de salvaci\u00f3n\u201d<\/li><\/ol><p>\u00a0<\/p><h3><strong><span style=\"color: #ff0000;\">Fundador<\/span><\/strong><\/h3><p>\u00a0<\/p><p>\u201c\u00bfQui\u00e9n m\u00e1s manso que Jes\u00fas? Como oveja fue llevado al matadero: \u00abFue llevado como una oveja al matadero; y como cordero, mudo delante del que lo trasquila, as\u00ed \u00c9l no abre la boca. En su humillaci\u00f3n le fue negada la justicia; \u00bfqui\u00e9n podr\u00e1 contar su descendencia? Porque su vida fue arrancada de la tierra\u00bb. El eunuco pregunt\u00f3 a <strong>Felipe<\/strong>: \u00ab<em>Te ruego me digas de qui\u00e9n dice esto el profeta: \u00bfde s\u00ed mismo o de otro? <strong>Felipe<\/strong> entonces, partiendo de este texto de la Escritura, se puso a anunciarle la Buena Nueva de Jes\u00fas<\/em>\u00bb (Hch 8,32-35): \u00ab<em>Bienaventurados los mansos, porque ellos poseer\u00e1n en Herencia la tierra<\/em>\u00bb (Mt 5,4)\u201d (Extracto de \u201cMi Parroquia. Cristo Vecino\u201d).<\/p><p>\u00a0<\/p>\t\t\t\t\t\t\t\t<\/div>\n\t\t\t\t<\/div>\n\t\t\t\t\t<\/div>\n\t\t<\/div>\n\t\t\t\t\t<\/div>\n\t\t<\/section>\n\t\t\t\t<\/div>\n\t\t","protected":false},"excerpt":{"rendered":"<p>Ver Misal Fiesta de los santos Felipe y Santiago, ap\u00f3stoles. Felipe, que, al igual que Pedro y Andr\u00e9s, hab\u00eda nacido en Betsaida y era disc\u00edpulo de Juan Bautista, fue llamado por el Se\u00f1or para que lo siguiera. Santiago, por su parte, era hijo de Alfeo, de sobrenombre \u201cJusto\u201d, considerado en Occidente como el pariente del [&hellip;]<\/p>\n","protected":false},"author":1,"featured_media":10997,"comment_status":"closed","ping_status":"closed","sticky":false,"template":"","format":"standard","meta":{"site-sidebar-layout":"default","site-content-layout":"default","ast-site-content-layout":"default","site-content-style":"default","site-sidebar-style":"default","ast-global-header-display":"","ast-banner-title-visibility":"","ast-main-header-display":"","ast-hfb-above-header-display":"","ast-hfb-below-header-display":"","ast-hfb-mobile-header-display":"","site-post-title":"","ast-breadcrumbs-content":"","ast-featured-img":"","footer-sml-layout":"","theme-transparent-header-meta":"default","adv-header-id-meta":"","stick-header-meta":"","header-above-stick-meta":"","header-main-stick-meta":"","header-below-stick-meta":"","astra-migrate-meta-layouts":"set","ast-page-background-enabled":"default","ast-page-background-meta":{"desktop":{"background-color":"","background-image":"","background-repeat":"repeat","background-position":"center center","background-size":"auto","background-attachment":"scroll","background-type":"","background-media":"","overlay-type":"","overlay-color":"","overlay-opacity":"","overlay-gradient":""},"tablet":{"background-color":"","background-image":"","background-repeat":"repeat","background-position":"center center","background-size":"auto","background-attachment":"scroll","background-type":"","background-media":"","overlay-type":"","overlay-color":"","overlay-opacity":"","overlay-gradient":""},"mobile":{"background-color":"","background-image":"","background-repeat":"repeat","background-position":"center center","background-size":"auto","background-attachment":"scroll","background-type":"","background-media":"","overlay-type":"","overlay-color":"","overlay-opacity":"","overlay-gradient":""}},"ast-content-background-meta":{"desktop":{"background-color":"var(--ast-global-color-5)","background-image":"","background-repeat":"repeat","background-position":"center center","background-size":"auto","background-attachment":"scroll","background-type":"","background-media":"","overlay-type":"","overlay-color":"","overlay-opacity":"","overlay-gradient":""},"tablet":{"background-color":"var(--ast-global-color-5)","background-image":"","background-repeat":"repeat","background-position":"center center","background-size":"auto","background-attachment":"scroll","background-type":"","background-media":"","overlay-type":"","overlay-color":"","overlay-opacity":"","overlay-gradient":""},"mobile":{"background-color":"var(--ast-global-color-5)","background-image":"","background-repeat":"repeat","background-position":"center center","background-size":"auto","background-attachment":"scroll","background-type":"","background-media":"","overlay-type":"","overlay-color":"","overlay-opacity":"","overlay-gradient":""}},"footnotes":""},"categories":[467],"tags":[],"class_list":["post-10998","post","type-post","status-publish","format-standard","has-post-thumbnail","hentry","category-santos-patronos"],"_links":{"self":[{"href":"https:\/\/nuestrocarisma.org\/index.php\/wp-json\/wp\/v2\/posts\/10998","targetHints":{"allow":["GET"]}}],"collection":[{"href":"https:\/\/nuestrocarisma.org\/index.php\/wp-json\/wp\/v2\/posts"}],"about":[{"href":"https:\/\/nuestrocarisma.org\/index.php\/wp-json\/wp\/v2\/types\/post"}],"author":[{"embeddable":true,"href":"https:\/\/nuestrocarisma.org\/index.php\/wp-json\/wp\/v2\/users\/1"}],"replies":[{"embeddable":true,"href":"https:\/\/nuestrocarisma.org\/index.php\/wp-json\/wp\/v2\/comments?post=10998"}],"version-history":[{"count":4,"href":"https:\/\/nuestrocarisma.org\/index.php\/wp-json\/wp\/v2\/posts\/10998\/revisions"}],"predecessor-version":[{"id":11010,"href":"https:\/\/nuestrocarisma.org\/index.php\/wp-json\/wp\/v2\/posts\/10998\/revisions\/11010"}],"wp:featuredmedia":[{"embeddable":true,"href":"https:\/\/nuestrocarisma.org\/index.php\/wp-json\/wp\/v2\/media\/10997"}],"wp:attachment":[{"href":"https:\/\/nuestrocarisma.org\/index.php\/wp-json\/wp\/v2\/media?parent=10998"}],"wp:term":[{"taxonomy":"category","embeddable":true,"href":"https:\/\/nuestrocarisma.org\/index.php\/wp-json\/wp\/v2\/categories?post=10998"},{"taxonomy":"post_tag","embeddable":true,"href":"https:\/\/nuestrocarisma.org\/index.php\/wp-json\/wp\/v2\/tags?post=10998"}],"curies":[{"name":"wp","href":"https:\/\/api.w.org\/{rel}","templated":true}]}}