{"id":10861,"date":"2026-03-17T07:52:45","date_gmt":"2026-03-17T05:52:45","guid":{"rendered":"https:\/\/nuestrocarisma.org\/?p=10861"},"modified":"2026-03-17T07:54:52","modified_gmt":"2026-03-17T05:54:52","slug":"san-patricio","status":"publish","type":"post","link":"https:\/\/nuestrocarisma.org\/index.php\/2026\/03\/17\/san-patricio\/","title":{"rendered":"San Patricio"},"content":{"rendered":"\t\t<div data-elementor-type=\"wp-post\" data-elementor-id=\"10861\" class=\"elementor elementor-10861\" data-elementor-post-type=\"post\">\n\t\t\t\t\t\t<section class=\"elementor-section elementor-top-section elementor-element elementor-element-26ae95b elementor-section-boxed elementor-section-height-default elementor-section-height-default\" data-id=\"26ae95b\" data-element_type=\"section\" data-e-type=\"section\">\n\t\t\t\t\t\t<div class=\"elementor-container elementor-column-gap-default\">\n\t\t\t\t\t<div class=\"elementor-column elementor-col-100 elementor-top-column elementor-element elementor-element-53e2729\" data-id=\"53e2729\" data-element_type=\"column\" data-e-type=\"column\">\n\t\t\t<div class=\"elementor-widget-wrap elementor-element-populated\">\n\t\t\t\t\t\t<div class=\"elementor-element elementor-element-028daee elementor-align-center elementor-widget elementor-widget-button\" data-id=\"028daee\" data-element_type=\"widget\" data-e-type=\"widget\" data-widget_type=\"button.default\">\n\t\t\t\t<div class=\"elementor-widget-container\">\n\t\t\t\t\t\t\t\t\t<div class=\"elementor-button-wrapper\">\n\t\t\t\t\t<a class=\"elementor-button elementor-button-link elementor-size-sm\" href=\"https:\/\/nuestrocarisma.org\/index.php\/2023\/03\/17\/textos-propios-para-la-misa-de-san-patricio\/\" target=\"_blank\">\n\t\t\t\t\t\t<span class=\"elementor-button-content-wrapper\">\n\t\t\t\t\t\t\t\t\t<span class=\"elementor-button-text\">VER MISAL<\/span>\n\t\t\t\t\t<\/span>\n\t\t\t\t\t<\/a>\n\t\t\t\t<\/div>\n\t\t\t\t\t\t\t\t<\/div>\n\t\t\t\t<\/div>\n\t\t\t\t\t<\/div>\n\t\t<\/div>\n\t\t\t\t\t<\/div>\n\t\t<\/section>\n\t\t\t\t<section class=\"elementor-section elementor-top-section elementor-element elementor-element-729f7c7 elementor-section-boxed elementor-section-height-default elementor-section-height-default\" data-id=\"729f7c7\" data-element_type=\"section\" data-e-type=\"section\">\n\t\t\t\t\t\t<div class=\"elementor-container elementor-column-gap-default\">\n\t\t\t\t\t<div class=\"elementor-column elementor-col-100 elementor-top-column elementor-element elementor-element-a515d52\" data-id=\"a515d52\" data-element_type=\"column\" data-e-type=\"column\">\n\t\t\t<div class=\"elementor-widget-wrap elementor-element-populated\">\n\t\t\t\t\t\t<div class=\"elementor-element elementor-element-cbe3243 elementor-widget elementor-widget-text-editor\" data-id=\"cbe3243\" data-element_type=\"widget\" data-e-type=\"widget\" data-widget_type=\"text-editor.default\">\n\t\t\t\t<div class=\"elementor-widget-container\">\n\t\t\t\t\t\t\t\t\t<h3><strong><span style=\"color: #ff0000;\">17 de marzo<\/span><\/strong><\/h3><p>\u00a0<\/p><h4><strong>San Patricio<\/strong><\/h4><p>\u00a0<\/p><p>San Patricio, obispo, que, siendo joven, fue llevado cautivo des- de Gran Breta\u00f1a a Irlanda, y despu\u00e9s, recuperada la libertad, quiso ser contado entre los cl\u00e9rigos y regresar a la misma isla, donde, hecho obispo, anunci\u00f3 con vehemencia el Evangelio y organiz\u00f3 con firmeza la Iglesia, hasta que en la ciudad de Down se durmi\u00f3 en el Se\u00f1or (461).<\/p><h4><strong>Derecho Propio<\/strong><\/h4><p>\u00a0<\/p><p><em>Directorio de E<\/em><em>vangelizaci\u00f3n<\/em><em> de la Cultura<\/em><\/p><p><strong>9.<\/strong> \u2026 la influencia decisiva de la cultura en la vida y en el perfeccionamiento de los hombres. La cultura es una dimensi\u00f3n fundamental de la persona y de las comunidades humanas. Dado que la cultura es el resultado de la vida y de la actividad de un grupo humano, las personas que pertenecen a ese grupo est\u00e1n formadas, en gran medida, por la cultura en la que viven. Al cambiar las personas y las sociedades, tambi\u00e9n cambia con ellas la cultura. Cuando \u00e9sta se transforma, transforma as\u00ed mismo a las personas y las sociedades<a href=\"#_ftn1\" name=\"_ftnref1\"><sup>[1]<\/sup><\/a>. De aqu\u00ed, es f\u00e1cil deducir la importancia fundamental, junto con lo decisivo de realizar una evangelizaci\u00f3n que penetre profundamente las culturas de los hombres y de los pueblos.<\/p><h4><strong>Fundador<\/strong><\/h4><p>\u00a0<\/p><p>\u201cEl reconocernos como pecadores y grandes pecadores siempre fue un timbre de honor del sacerdocio cat\u00f3lico. Cuando rezamos la Plegaria Eucar\u00edstica 1, golpe\u00e1ndonos el pecho decimos: \u00ab Y a nosotros, pecadores, siervos tuyos &#8230; \u00bb. Escribimos en <em>Sacerdotes para siempre<\/em>: \u00abHay que notar que desde muy antiguo la palabra latina \u00ab<em>peccator<\/em>\u00bb (pecador), era usada por los sacerdotes cat\u00f3licos para llamarse a s\u00ed mismos; de tal manera que muchas veces se a\u00f1ad\u00eda a la firma del sacerdote. Por ejemplo, <strong>san Patricio<\/strong> comenzaba a escribir sus \u00ab<em>Confesiones<\/em>\u00ab: \u00ab<em>Ego, Patricius, peccator<\/em>&#8230; \u00bb en el siglo V\u2026\u201d (Extracto de \u201cEl Se\u00f1or es mi Pastor. Memoria y Profec\u00eda).<\/p><p><a href=\"#_ftnref1\" name=\"_ftn1\">[1]<\/a> Cf. <em>Ecclesia in Asia<\/em>, 21.<\/p>\t\t\t\t\t\t\t\t<\/div>\n\t\t\t\t<\/div>\n\t\t\t\t\t<\/div>\n\t\t<\/div>\n\t\t\t\t\t<\/div>\n\t\t<\/section>\n\t\t\t\t<\/div>\n\t\t","protected":false},"excerpt":{"rendered":"<p>VER MISAL 17 de marzo \u00a0 San Patricio \u00a0 San Patricio, obispo, que, siendo joven, fue llevado cautivo des- de Gran Breta\u00f1a a Irlanda, y despu\u00e9s, recuperada la libertad, quiso ser contado entre los cl\u00e9rigos y regresar a la misma isla, donde, hecho obispo, anunci\u00f3 con vehemencia el Evangelio y organiz\u00f3 con firmeza la Iglesia, [&hellip;]<\/p>\n","protected":false},"author":1,"featured_media":10862,"comment_status":"closed","ping_status":"closed","sticky":false,"template":"","format":"standard","meta":{"site-sidebar-layout":"default","site-content-layout":"default","ast-site-content-layout":"default","site-content-style":"default","site-sidebar-style":"default","ast-global-header-display":"","ast-banner-title-visibility":"","ast-main-header-display":"","ast-hfb-above-header-display":"","ast-hfb-below-header-display":"","ast-hfb-mobile-header-display":"","site-post-title":"","ast-breadcrumbs-content":"","ast-featured-img":"","footer-sml-layout":"","theme-transparent-header-meta":"default","adv-header-id-meta":"","stick-header-meta":"","header-above-stick-meta":"","header-main-stick-meta":"","header-below-stick-meta":"","astra-migrate-meta-layouts":"set","ast-page-background-enabled":"default","ast-page-background-meta":{"desktop":{"background-color":"","background-image":"","background-repeat":"repeat","background-position":"center center","background-size":"auto","background-attachment":"scroll","background-type":"","background-media":"","overlay-type":"","overlay-color":"","overlay-opacity":"","overlay-gradient":""},"tablet":{"background-color":"","background-image":"","background-repeat":"repeat","background-position":"center center","background-size":"auto","background-attachment":"scroll","background-type":"","background-media":"","overlay-type":"","overlay-color":"","overlay-opacity":"","overlay-gradient":""},"mobile":{"background-color":"","background-image":"","background-repeat":"repeat","background-position":"center center","background-size":"auto","background-attachment":"scroll","background-type":"","background-media":"","overlay-type":"","overlay-color":"","overlay-opacity":"","overlay-gradient":""}},"ast-content-background-meta":{"desktop":{"background-color":"var(--ast-global-color-5)","background-image":"","background-repeat":"repeat","background-position":"center center","background-size":"auto","background-attachment":"scroll","background-type":"","background-media":"","overlay-type":"","overlay-color":"","overlay-opacity":"","overlay-gradient":""},"tablet":{"background-color":"var(--ast-global-color-5)","background-image":"","background-repeat":"repeat","background-position":"center center","background-size":"auto","background-attachment":"scroll","background-type":"","background-media":"","overlay-type":"","overlay-color":"","overlay-opacity":"","overlay-gradient":""},"mobile":{"background-color":"var(--ast-global-color-5)","background-image":"","background-repeat":"repeat","background-position":"center center","background-size":"auto","background-attachment":"scroll","background-type":"","background-media":"","overlay-type":"","overlay-color":"","overlay-opacity":"","overlay-gradient":""}},"footnotes":""},"categories":[467],"tags":[],"class_list":["post-10861","post","type-post","status-publish","format-standard","has-post-thumbnail","hentry","category-santos-patronos"],"_links":{"self":[{"href":"https:\/\/nuestrocarisma.org\/index.php\/wp-json\/wp\/v2\/posts\/10861","targetHints":{"allow":["GET"]}}],"collection":[{"href":"https:\/\/nuestrocarisma.org\/index.php\/wp-json\/wp\/v2\/posts"}],"about":[{"href":"https:\/\/nuestrocarisma.org\/index.php\/wp-json\/wp\/v2\/types\/post"}],"author":[{"embeddable":true,"href":"https:\/\/nuestrocarisma.org\/index.php\/wp-json\/wp\/v2\/users\/1"}],"replies":[{"embeddable":true,"href":"https:\/\/nuestrocarisma.org\/index.php\/wp-json\/wp\/v2\/comments?post=10861"}],"version-history":[{"count":4,"href":"https:\/\/nuestrocarisma.org\/index.php\/wp-json\/wp\/v2\/posts\/10861\/revisions"}],"predecessor-version":[{"id":10866,"href":"https:\/\/nuestrocarisma.org\/index.php\/wp-json\/wp\/v2\/posts\/10861\/revisions\/10866"}],"wp:featuredmedia":[{"embeddable":true,"href":"https:\/\/nuestrocarisma.org\/index.php\/wp-json\/wp\/v2\/media\/10862"}],"wp:attachment":[{"href":"https:\/\/nuestrocarisma.org\/index.php\/wp-json\/wp\/v2\/media?parent=10861"}],"wp:term":[{"taxonomy":"category","embeddable":true,"href":"https:\/\/nuestrocarisma.org\/index.php\/wp-json\/wp\/v2\/categories?post=10861"},{"taxonomy":"post_tag","embeddable":true,"href":"https:\/\/nuestrocarisma.org\/index.php\/wp-json\/wp\/v2\/tags?post=10861"}],"curies":[{"name":"wp","href":"https:\/\/api.w.org\/{rel}","templated":true}]}}