{"id":10156,"date":"2025-08-08T06:25:31","date_gmt":"2025-08-08T04:25:31","guid":{"rendered":"https:\/\/nuestrocarisma.org\/?p=10156"},"modified":"2025-08-08T06:28:01","modified_gmt":"2025-08-08T04:28:01","slug":"el-progresismo-sigue-asolando-la-iglesia","status":"publish","type":"post","link":"https:\/\/nuestrocarisma.org\/index.php\/2025\/08\/08\/el-progresismo-sigue-asolando-la-iglesia\/","title":{"rendered":"El progresismo sigue asolando la Iglesia"},"content":{"rendered":"\t\t<div data-elementor-type=\"wp-post\" data-elementor-id=\"10156\" class=\"elementor elementor-10156\" data-elementor-post-type=\"post\">\n\t\t\t\t\t\t<section class=\"elementor-section elementor-top-section elementor-element elementor-element-ab74d25 elementor-section-boxed elementor-section-height-default elementor-section-height-default\" data-id=\"ab74d25\" data-element_type=\"section\" data-e-type=\"section\">\n\t\t\t\t\t\t<div class=\"elementor-container elementor-column-gap-default\">\n\t\t\t\t\t<div class=\"elementor-column elementor-col-100 elementor-top-column elementor-element elementor-element-6904ed3\" data-id=\"6904ed3\" data-element_type=\"column\" data-e-type=\"column\">\n\t\t\t<div class=\"elementor-widget-wrap elementor-element-populated\">\n\t\t\t\t\t\t<div class=\"elementor-element elementor-element-42c8587 elementor-widget elementor-widget-text-editor\" data-id=\"42c8587\" data-element_type=\"widget\" data-e-type=\"widget\" data-widget_type=\"text-editor.default\">\n\t\t\t\t<div class=\"elementor-widget-container\">\n\t\t\t\t\t\t\t\t\t<h3><strong>Transcripci\u00f3n de las Buenas Noches que el Padre Buela diera a los seminaristas del Instituto, el domingo 26 de marzo de 1995<\/strong><\/h3>\t\t\t\t\t\t\t\t<\/div>\n\t\t\t\t<\/div>\n\t\t\t\t<div class=\"elementor-element elementor-element-2684bfa elementor-widget elementor-widget-text-editor\" data-id=\"2684bfa\" data-element_type=\"widget\" data-e-type=\"widget\" data-widget_type=\"text-editor.default\">\n\t\t\t\t<div class=\"elementor-widget-container\">\n\t\t\t\t\t\t\t\t\t<p>\u00abUna de las convicciones que se me ha reforzado en este peregrinaje que gracias a Dios pude hacer, es que el gran enemigo en estos tiempos sigue siendo el llamado <em>\u00abprogresismo cristiano\u00bb. <\/em>Aunque hay signos auspiciosos, sin embargo, sigue causando estragos en Occidente, y tambi\u00e9n \u2212de coletazo\u2212 en el mismo Oriente\/ por ejemplo, un se\u00f1or obispo \u2212muy suelto de cuerpo\u2212, me dec\u00eda que hab\u00eda que abolir el celibato, que no era m\u00e1s que una idea, que el Papa es todopoderoso y puede hacer todo lo que quiere (risas) y no s\u00e9 cu\u00e1ntas cosas m\u00e1s.<\/p><p>Al final me dice: \u2212 \u00bfY Ud. que piensa?<\/p><p>Le respond\u00ed: \u2212 \u00abhay que estudiar eso&#8230;\u00bb \u00a1que iba a decir!<\/p><p>Otra cosa, por ejemplo, que me dec\u00eda ah\u00ed era: \u2212 \u00abMahoma fue epil\u00e9ptico\/ era un comerciante que se cas\u00f3 con una viuda <em>rica, <\/em>mucho m\u00e1s grande, que \u00e9l, el tema de la religi\u00f3n que Dios le habr\u00eda revelado nunca se ha podido probar pues parece que eran las ilusiones de \u00e9l cuando le agarraban esos ataques de epilepsia. No quieren dejar hacer un an\u00e1lisis cr\u00edtico al Cor\u00e1n porque ya saben que si van a hacer eso, van a descubrir que son varias manos las que escribieron eh Cor\u00e1n, y no una sola como ellos sostienen, de Mahoma o Mahomet (y por eso tambi\u00e9n est\u00e1n en contra de todo estudio cient\u00edfico de la religi\u00f3n, sanamente cient\u00edfico, como por ejemplo la arqueolog\u00eda), y, sin embargo, rengl\u00f3n seguido, ese mismo obispo, v\u00edctima de la herej\u00eda progresista, me dice: \u00abY el Papa tendr\u00eda que, para acercarse a los mahometanos, reconocer que Mahoma fue un profeta\u00bb (risas) \u00a1Qu\u00e9 te cure Lolita Torres! A\u00f1ad\u00eda que el Cor\u00e1n tiene cosas muy buenas, que \u00e9l comparte totalmente, y que nosotros tendr\u00edamos cuanto antes que decir as\u00ed: \u00abesto que est\u00e1 en el Cor\u00e1n est\u00e1 muy bien\u00bb. Bueno, \u00bfque ir\u00e1 a decir el or\u00e1culo? \u00a1Que no existe el infierno III (risas) \u00bfPara qu\u00e9 queremos la religi\u00f3n si todos vamos al cielo? \u00a1No hace falta Jesucristo, ni cumplir los mandamientos, nada! \u00a1Cae todo el orden sobrenatural, cae todo el orden moral, cae todo! Adem\u00e1s, si Jesucristo lo \u00a0ense\u00f1\u00f3, Mahoma ser\u00eda m\u00e1s que Jesucristo.<\/p><p>El progresismo sigue asolando a la Iglesia, y ocupando puestos claves dentro de la Iglesia todav\u00eda. Reci\u00e9n le cantamos a los M\u00e1rtires de Barbastro. Cuando est\u00e1bamos en Barbastro con el Padre Pombo, uno de los sacerdotes, \u00a1buen\u00edsimo!, que quer\u00eda que nos qued\u00e1ramos a dormir, que nos qued\u00e1semos a comer, lo que quisi\u00e9semos&#8230; me dec\u00eda entusiasmado y con \u00e9nfasis: \u2212 \u00ab\u00a1Uy estos j\u00f3venes murieron por no sacarse la sotana!!!\u00bb. \u00bfY \u00e9l? Estaba de civil&#8230;(risas) \u00a1s\u00ed, s\u00ed!, \u00a1ni clergyman siquiera! Yo no lo pod\u00eda creer no dije nada tampoco, pero me qued\u00e9 pesta\u00f1eando porque&#8230; No tienen vocaciones\/ los claretianos tampoco. Tienen m\u00e1rtires y no tienen vocaciones&#8230; \u00a1ni van a tener mientras no se haga una conversi\u00f3n total, y de coraz\u00f3n, y que realmente se pongan al servicio del Evangelio! \u00a1Qu\u00e9 vivan como se tiene que vivir&#8230;! No va a haber vocaciones&#8230; Va a ser as\u00ed, y de hecho ya lo van sospechando ellos. El progresismo sigue asolando realmente. En Estados Unidos lamentablemente, por ejemplo, se sigue abandonando muchos hospitales, escuelas, orfanatos&#8230; A las monjas all\u00e1 les pic\u00f3 la viruela boba del feminismo, entonces, \u00a1chau habito!&#8230; Van a la peluquer\u00eda, tienen sus sindicatos, tienen sus obras sociales, viven y se juntan como solteronas, nadie manda, no hay superiora porque: \u00ab\u00bfc\u00f3mo va a haber superiora si somos todas iguales?, \u00a1iguales! Eso no es ning\u00fan testimonio y \u00a0entonces las j\u00f3venes no van a esas congregaciones&#8230; \u00bfPor qu\u00e9? \u00a1Porque quieren vivir la \u00a0pobreza! Lo le\u00ed en unas declaraciones de la Madre Teresa de Calcuta donde dice: \u00abLas j\u00f3venes del primer mundo, las j\u00f3venes de los pa\u00edses ricos vienen a nuestra congregaci\u00f3n porque quieren vivir la pobreza as\u00ed como la vivimos nosotros&#8230;\u00bb, \u00a1a <em>full<\/em>! Y por <strong>eso <\/strong>\u00bfqu\u00e9 es lo que hacen estas religiosas? Hacen cursos, especie de retiros, tipo seminarios, donde hay especialistas que van a dar conferencias.<\/p><p>\u00bfPara qu\u00e9? Para que mueran con anestesia, es decir, mueren como congregaci\u00f3n, pero con una muerte dulce: \u00aby bueno \u2212 concluyen\u2212, si Dios no nos da vocaciones, entonces hay que saber c\u00f3mo obrar, vender las propiedades menos importantes, comerse lo que vendieron, vender despu\u00e9s las otras propiedades. As\u00ed les ense\u00f1an a bien morir: \u00a1la muerte dulce! Justamente, cuando ven\u00eda a Buenos Aires, viajaba uno que fue Consejero General en Roma durante 8 a\u00f1os, de una congregaci\u00f3n muy importante, que ac\u00e1 en la Argentina tambi\u00e9n es muy importante \u00a0porque tiene muchos colegios.<\/p><p>\u2212 \u00bfCu\u00e1ntas vocaciones tienen?, le pregunt\u00e9.<\/p><p>\u2212 Creo que una en todo el pa\u00eds&#8230;<\/p><p>Y \u00bfno les da verg\u00fcenza? Uno se indigna&#8230; \u00bfPara qu\u00e9 tienen los colegios? \u00a1Claro! Tienen los colegios para sacar plata, aunque ellos digan que no&#8230; Entonces, en esos colegios no se vive <strong>el <\/strong>cristianismo como el cristianismo <strong>es: <\/strong>\u00a1con entusiasmo!, \u00a1con fuego!, \u00a1con br\u00edo!, ganas! Es una cosa de se\u00f1oras gordas, es una cosa de burgueses, es una cosa donde <strong>el <\/strong>religioso, o el sacerdote o el hermano aparece como el que cobra a fin de mes. Los alumnos siempre escuchan a sus padres hablar pestes de los formadores de su colegio porque tienen que pagar las cuotas, y ven a los religiosos, como los tipos que les bajan la ca\u00f1a y les ponen amonestaciones.<\/p><p>Y entonces le digo: yo conoc\u00ed el lugar donde ustedes ten\u00edan el seminario, el noviciado, estaba lleno de vocaciones&#8230; \u00a1Lleno!&#8230; Era la \u00e9poca de \u00abfulano de tal \u00bb .<\/p><p>\u2212 \u00ab\u00a1Ah!, claro, eso s\u00ed, pero ahora&#8230; \u00bfY si eso les dio resultado antes, porque no lo aplican ahora?<\/p><p>\u2212No, bueno, claro, eh, eh,&#8230; Estamos estudiando el tema. Ahora tenemos un plan&#8230;\u00bb<\/p><p>\u00a1Todo, todo porquer\u00eda! No sirve para nada, todo es&#8217; un fracaso. Este religioso&#8217; era justamente quien me hab\u00eda llamado \u2212por un art\u00edculo m\u00edo que yo hab\u00eda publicado sobre la resurrecci\u00f3n de nuestro Se\u00f1or Jesucristo\u2212 para dar clases en un profesorado muy importante de Bs. As. Estuve dando clases un a\u00f1o y despu\u00e9s me fui porque eso era un foco de progresismo. Me dije: no, qu\u00e9 voy a perder tiempo ac\u00e1! Lo quer\u00edan ir corrigiendo, pero corrigiendo como hacen siempre, como hace el progresismo: con pa\u00f1os tibios\/ el tipo se est\u00e1 muriendo de c\u00e1ncer, pero&#8230; \u00able vamos a dar una aspirina y va a andar, \u00a1va andar!, \u00a1Va a andar nada!, va a andar abajo, al precipicio. Entonces, para ver hasta d\u00f3nde iba la cosa, como trataba con una persona muy codeada con todo el ambiente eclesi\u00e1stico despu\u00e9s de haber estado ocho a\u00f1os en Europa, le pregunt\u00e9 para tirarle la lengua (risas):<\/p><p>\u2212\u00bfQu\u00e9 tal? \u00bfC\u00f3mo ve la Iglesia en Argentina?<\/p><p>Primera cosa: \u2212\u201cY&#8230; reci\u00e9n estoy aterrizando\u201d, me respondi\u00f3.<\/p><p>\u00a1Hace un a\u00f1o que regres\u00f3 &#8216;y est\u00e1 en comisiones de la Conferencia Episcopal Argentina&#8230;! Y entonces se dio cuenta de que quedaba flojo porque, yo lo mir\u00e9 como diciendo&#8230; \u00a1vamos! Entonces me dice: \u00abYo veo bien a la Iglesia en la Argentina\u00bb. Por mi parte, yo no iba a decir nada. \u201cEl \u00fanico problema \u2212a\u00f1adi\u00f3\u2212 es que, salvo algunas congregaciones, no hay vocaciones\u201d. Entonces, hermano, <em>la Iglesia en la Argentina no est\u00e1 bien, &#8216;est\u00e1 mal\/ <\/em>Hermano, \u00a1no hay vocaciones!, \u00a1est\u00e1 mal! \u00bfPor qu\u00e9? \u00a1Porque vamos al muere! Claro, la Iglesia en Argentina est\u00e1 bien como la congregaci\u00f3n de ellos est\u00e1 bien: \u00a1no tienen vocaciones! <strong>Eso <\/strong>es el <strong>progresismo: <em>no llamar a los cosas por su nombre. <\/em><\/strong>Fue ah\u00ed, antes o despu\u00e9s, no s\u00e9, que le dije: lo que ustedes hacen es adormecerlos con la muerte dulce, la jeringa Van muriendo, pero sin dolor, sin darse cuenta&#8230; El coche va al abismo pero cierran los ojos\u2026, mientras los espera el abismo. Por, eso digo: <em>uno se confirma que el progresismo cristiano, el progresismo dentro de la Iglesia, aunque no tiene la virulencia de antes, sigue causando estragos. <\/em>De hecho se habr\u00e1n enterado \u2212me imagino que estar\u00e1n informados\u2212 de que el Papa lo destituy\u00f3 a un obispo franc\u00e9s, justamente por su postura progresista extrema, lo cual es algo bastante grave. El a\u00f1o pasado destituy\u00f3 a un obispo en Estados Unidos, tambi\u00e9n por declaraciones graves en moral.<\/p><p>Pero, uno se pregunta: este hermano no es una persona mala, es una persona buena, \u00bfdonde est\u00e1 el problema? El problema est\u00e1 ac\u00e1 (se\u00f1ala la cabeza)&#8230; es la doctrina que le meten en la cabeza, <strong>es el <\/strong>progresismo. En vez de moverse por la fe, se mueven por las conveniencias, como si el mundo fuese a salvar a la Iglesia y dicen que hay que adecuarse al mundo. Por ejemplo, como tiene que tratar con los j\u00f3venes, (y ellos son todos vetustos, todos est\u00e1n con artrosis, con reuma) entonces se les ocurre usar peluqu\u00edn, te\u00f1irse el pelo, usar blue jeans, a tener&#8230; y no se dan cuenta que eso mismo es repulsivo para el joven, porque finalmente que una persona se ponga vieja es lo m\u00e1s normal que hay, pues a todos nos pasa lo mismo. Simular eso siendo religioso ya no es tan interesante. Por <strong>eso es <\/strong>que debemos pedirle siempre a Jesucristo la gracia de la fidelidad a \u00c9l, que se concreta en la fidelidad al Magisterio vivo <strong>de <\/strong>la Iglesia \u2212lo que Pedro <em>ense\u00f1a\u2212 <\/em>y \u00a0pedirle la gracia de no <em>caer <\/em>dentro de <strong>ese <\/strong>vericueto que es el progresismo manifestado en mil formas y mil maneras distintas. Yo ped\u00ed la gracia siempre de mantener, conservar y acrecentar la aut\u00e9ntica fe cat\u00f3lica. Y <strong>en <\/strong>medio de todo ese descalabro, Dios se glor\u00eda de suscitar santidad y obra cosas grandiosas. Por ejemplo, lo que fue la Jornada Mundial de la Juventud en Manila, (Filipinas). Por primera vez en la historia del mundo \u2212desde que el mundo es mundo, desde que el hombre pisa el planeta tierra\u2212 por primera vez para un acto religioso se reuni\u00f3 el n\u00famero de gente que se reuni\u00f3 en Manila. Seg\u00fan <em>L&#8217;Osservatore Romano<\/em>, que no es de exagerar, concurrieron \u00a1cinco millones de personas!, es decir, cinco veces la gente que se reuni\u00f3 en Buenos Aires cuando el Papa vino a la Argentina. Jam\u00e1s ning\u00fan pol\u00edtico, nunca jam\u00e1s, ha podido reunir a tanto n\u00famero de gente. Y lo ha convocado un hombre, un hombre d\u00e9bil que se cae al salir de la ducha, que tropieza con la sotana y se fractura el, hombro, al cual una vez le pegaron un balazo, un hombre d\u00e9bil&#8230; pero a quien Jesucristo le prometi\u00f3 en la persona de Pedro que las puertas del infierno no prevalecer\u00edan contra la Iglesia Fundada sobre \u00e9l. Lo ha convocado ese hombre que sigue predicando una doctrina antipopular, porque decir hoy d\u00eda que el divorcio est\u00e1 mal es antipopular, decir que el aborto est\u00e1 mal es antipopular, decir que las relaciones prematrimoniales est\u00e1n mal es antipopular, decir que los esposos en el matrimonio tienen que realizar el acto abierto a la vida, es antipopular. Sin embargo se ve que en el fondo de la conciencia de la humanidad, en el fondo de la conciencia de los cristianos todav\u00eda late la sed de verdad, incluso de verdad en el orden moral, aunque a uno le cueste cumplirla. Tenemos este ejemplo, \u00fanico en el mundo actual.<\/p><p>No hay un solo l\u00edder en el mundo actual del calibre espiritual, moral, del liderazgo que ejerce Juan Pablo II y ello por ser fiel a Jesucristo y por ser un verdadero Hijo y Esclavo de la Sant\u00edsima Virgen.<\/p><p>Pid\u00e1mosle a Ella saber imitar, a pesar de nuestras limitaciones, en el lugar que Dios nos ponga, a este gigante que Dios ha suscitado, a <strong>este <\/strong>\u00abVikingo de Dios\u00bb como le llamaron en el viaje que hizo a M\u00e9xico en el a\u00f1o &#8217;79, para no claudicar frente a toda la confusi\u00f3n del progresismo cristiano, que est\u00e1 asolando a la Iglesia. Le cantamos a la Virgen.\u00bb<\/p>\t\t\t\t\t\t\t\t<\/div>\n\t\t\t\t<\/div>\n\t\t\t\t\t<\/div>\n\t\t<\/div>\n\t\t\t\t\t<\/div>\n\t\t<\/section>\n\t\t\t\t<\/div>\n\t\t","protected":false},"excerpt":{"rendered":"<p>Transcripci\u00f3n de las Buenas Noches que el Padre Buela diera a los seminaristas del Instituto, el domingo 26 de marzo de 1995 \u00abUna de las convicciones que se me ha reforzado en este peregrinaje que gracias a Dios pude hacer, es que el gran enemigo en estos tiempos sigue siendo el llamado \u00abprogresismo cristiano\u00bb. Aunque [&hellip;]<\/p>\n","protected":false},"author":1,"featured_media":10162,"comment_status":"closed","ping_status":"closed","sticky":false,"template":"","format":"standard","meta":{"site-sidebar-layout":"default","site-content-layout":"default","ast-site-content-layout":"default","site-content-style":"default","site-sidebar-style":"default","ast-global-header-display":"","ast-banner-title-visibility":"","ast-main-header-display":"","ast-hfb-above-header-display":"","ast-hfb-below-header-display":"","ast-hfb-mobile-header-display":"","site-post-title":"","ast-breadcrumbs-content":"","ast-featured-img":"","footer-sml-layout":"","theme-transparent-header-meta":"default","adv-header-id-meta":"","stick-header-meta":"","header-above-stick-meta":"","header-main-stick-meta":"","header-below-stick-meta":"","astra-migrate-meta-layouts":"set","ast-page-background-enabled":"default","ast-page-background-meta":{"desktop":{"background-color":"","background-image":"","background-repeat":"repeat","background-position":"center center","background-size":"auto","background-attachment":"scroll","background-type":"","background-media":"","overlay-type":"","overlay-color":"","overlay-opacity":"","overlay-gradient":""},"tablet":{"background-color":"","background-image":"","background-repeat":"repeat","background-position":"center center","background-size":"auto","background-attachment":"scroll","background-type":"","background-media":"","overlay-type":"","overlay-color":"","overlay-opacity":"","overlay-gradient":""},"mobile":{"background-color":"","background-image":"","background-repeat":"repeat","background-position":"center center","background-size":"auto","background-attachment":"scroll","background-type":"","background-media":"","overlay-type":"","overlay-color":"","overlay-opacity":"","overlay-gradient":""}},"ast-content-background-meta":{"desktop":{"background-color":"var(--ast-global-color-5)","background-image":"","background-repeat":"repeat","background-position":"center center","background-size":"auto","background-attachment":"scroll","background-type":"","background-media":"","overlay-type":"","overlay-color":"","overlay-opacity":"","overlay-gradient":""},"tablet":{"background-color":"var(--ast-global-color-5)","background-image":"","background-repeat":"repeat","background-position":"center center","background-size":"auto","background-attachment":"scroll","background-type":"","background-media":"","overlay-type":"","overlay-color":"","overlay-opacity":"","overlay-gradient":""},"mobile":{"background-color":"var(--ast-global-color-5)","background-image":"","background-repeat":"repeat","background-position":"center center","background-size":"auto","background-attachment":"scroll","background-type":"","background-media":"","overlay-type":"","overlay-color":"","overlay-opacity":"","overlay-gradient":""}},"footnotes":""},"categories":[377],"tags":[],"class_list":["post-10156","post","type-post","status-publish","format-standard","has-post-thumbnail","hentry","category-fundador"],"_links":{"self":[{"href":"https:\/\/nuestrocarisma.org\/index.php\/wp-json\/wp\/v2\/posts\/10156","targetHints":{"allow":["GET"]}}],"collection":[{"href":"https:\/\/nuestrocarisma.org\/index.php\/wp-json\/wp\/v2\/posts"}],"about":[{"href":"https:\/\/nuestrocarisma.org\/index.php\/wp-json\/wp\/v2\/types\/post"}],"author":[{"embeddable":true,"href":"https:\/\/nuestrocarisma.org\/index.php\/wp-json\/wp\/v2\/users\/1"}],"replies":[{"embeddable":true,"href":"https:\/\/nuestrocarisma.org\/index.php\/wp-json\/wp\/v2\/comments?post=10156"}],"version-history":[{"count":4,"href":"https:\/\/nuestrocarisma.org\/index.php\/wp-json\/wp\/v2\/posts\/10156\/revisions"}],"predecessor-version":[{"id":10161,"href":"https:\/\/nuestrocarisma.org\/index.php\/wp-json\/wp\/v2\/posts\/10156\/revisions\/10161"}],"wp:featuredmedia":[{"embeddable":true,"href":"https:\/\/nuestrocarisma.org\/index.php\/wp-json\/wp\/v2\/media\/10162"}],"wp:attachment":[{"href":"https:\/\/nuestrocarisma.org\/index.php\/wp-json\/wp\/v2\/media?parent=10156"}],"wp:term":[{"taxonomy":"category","embeddable":true,"href":"https:\/\/nuestrocarisma.org\/index.php\/wp-json\/wp\/v2\/categories?post=10156"},{"taxonomy":"post_tag","embeddable":true,"href":"https:\/\/nuestrocarisma.org\/index.php\/wp-json\/wp\/v2\/tags?post=10156"}],"curies":[{"name":"wp","href":"https:\/\/api.w.org\/{rel}","templated":true}]}}